{"id":23381,"date":"2019-08-16T19:30:32","date_gmt":"2019-08-16T23:30:32","guid":{"rendered":"http:\/\/blogdalucianaoliveira.com.br\/blog\/?p=23381"},"modified":"2019-08-16T19:30:32","modified_gmt":"2019-08-16T23:30:32","slug":"lula-fala-sobre-moro-dallagnol-globo-militares-bolsonaro-fhc-queiroz-eua-palocci","status":"publish","type":"post","link":"http:\/\/blogdalucianaoliveira.com.br\/blog\/2019\/08\/16\/lula-fala-sobre-moro-dallagnol-globo-militares-bolsonaro-fhc-queiroz-eua-palocci\/","title":{"rendered":"Lula fala sobre Moro, Dallagnol, Globo, militares, Bolsonaro, FHC, Queir\u00f3z, EUA, Palocci&#8230;"},"content":{"rendered":"<p><img data-recalc-dims=\"1\" loading=\"lazy\" decoding=\"async\" data-attachment-id=\"23382\" data-permalink=\"http:\/\/blogdalucianaoliveira.com.br\/blog\/2019\/08\/16\/lula-fala-sobre-moro-dallagnol-globo-militares-bolsonaro-fhc-queiroz-eua-palocci\/f714e36d-6dd1-4a58-85f9-ac12a1a42902\/\" data-orig-file=\"https:\/\/i0.wp.com\/blogdalucianaoliveira.com.br\/blog\/wp-content\/uploads\/2019\/08\/F714E36D-6DD1-4A58-85F9-AC12A1A42902.jpeg?fit=743%2C318\" data-orig-size=\"743,318\" data-comments-opened=\"0\" data-image-meta=\"{&quot;aperture&quot;:&quot;0&quot;,&quot;credit&quot;:&quot;&quot;,&quot;camera&quot;:&quot;&quot;,&quot;caption&quot;:&quot;&quot;,&quot;created_timestamp&quot;:&quot;0&quot;,&quot;copyright&quot;:&quot;&quot;,&quot;focal_length&quot;:&quot;0&quot;,&quot;iso&quot;:&quot;0&quot;,&quot;shutter_speed&quot;:&quot;0&quot;,&quot;title&quot;:&quot;&quot;,&quot;orientation&quot;:&quot;0&quot;}\" data-image-title=\"F714E36D-6DD1-4A58-85F9-AC12A1A42902\" data-image-description=\"\" data-image-caption=\"\" data-medium-file=\"https:\/\/i0.wp.com\/blogdalucianaoliveira.com.br\/blog\/wp-content\/uploads\/2019\/08\/F714E36D-6DD1-4A58-85F9-AC12A1A42902.jpeg?fit=300%2C128\" data-large-file=\"https:\/\/i0.wp.com\/blogdalucianaoliveira.com.br\/blog\/wp-content\/uploads\/2019\/08\/F714E36D-6DD1-4A58-85F9-AC12A1A42902.jpeg?fit=600%2C257\" src=\"https:\/\/i0.wp.com\/blogdalucianaoliveira.com.br\/blog\/wp-content\/uploads\/2019\/08\/F714E36D-6DD1-4A58-85F9-AC12A1A42902.jpeg?resize=600%2C257\" alt=\"F714E36D-6DD1-4A58-85F9-AC12A1A42902\" width=\"600\" height=\"257\" class=\"alignnone size-full wp-image-23382\" srcset=\"https:\/\/i0.wp.com\/blogdalucianaoliveira.com.br\/blog\/wp-content\/uploads\/2019\/08\/F714E36D-6DD1-4A58-85F9-AC12A1A42902.jpeg?w=743 743w, https:\/\/i0.wp.com\/blogdalucianaoliveira.com.br\/blog\/wp-content\/uploads\/2019\/08\/F714E36D-6DD1-4A58-85F9-AC12A1A42902.jpeg?resize=300%2C128 300w, https:\/\/i0.wp.com\/blogdalucianaoliveira.com.br\/blog\/wp-content\/uploads\/2019\/08\/F714E36D-6DD1-4A58-85F9-AC12A1A42902.jpeg?resize=701%2C300 701w\" sizes=\"auto, (max-width: 600px) 100vw, 600px\" \/><\/p>\n<p>Lula diz que n\u00e3o se exilou para provar que n\u00e3o \u00e9 bandido e que \u201cbandidos\u201d s\u00e3o os que o puseram na pris\u00e3o. Numa fala contundente, critica Bolsonaro e seu governo \u201cvassalo lambe botas\u201d dos EUA e as tentativas de interferir na elei\u00e7\u00e3o presidencial argentina. <!--more--><\/p>\n<p>Critica tamb\u00e9m \u201cmilitares aposentados\u201d que o atacam, a soberba \u201cdo Pr\u00edncipe da Sociologia\u201d, Fernando Henrique, diz o que pensa de Palocci&#8230; e muito mais. E promete \u201cmanifesta\u00e7\u00e3o na porta da Globo\u201d quando deixar pris\u00e3o. Veja a entrevista completa no nosso canal:<\/p>\n<div class=\"jetpack-video-wrapper\"><iframe loading=\"lazy\" title=\"Lula fala sobre Moro, Dallagnol, Globo, militares, Bolsonaro, FHC, Queir\u00f3z, EUA, Palocci...\" width=\"600\" height=\"338\" src=\"https:\/\/www.youtube.com\/embed\/abux878rOAw?feature=oembed\" frameborder=\"0\" allow=\"accelerometer; autoplay; clipboard-write; encrypted-media; gyroscope; picture-in-picture; web-share\" referrerpolicy=\"strict-origin-when-cross-origin\" allowfullscreen><\/iframe><\/div>\n","protected":false},"excerpt":{"rendered":"<p>Lula diz que n\u00e3o se exilou para provar que n\u00e3o \u00e9 bandido e que \u201cbandidos\u201d s\u00e3o os que o puseram na pris\u00e3o. Numa fala contundente, critica Bolsonaro e seu governo \u201cvassalo lambe botas\u201d dos EUA e as tentativas de interferir na elei\u00e7\u00e3o presidencial argentina.<\/p>\n","protected":false},"author":1,"featured_media":0,"comment_status":"closed","ping_status":"open","sticky":false,"template":"","format":"standard","meta":{"_exactmetrics_skip_tracking":false,"_exactmetrics_sitenote_active":false,"_exactmetrics_sitenote_note":"","_exactmetrics_sitenote_category":0,"jetpack_post_was_ever_published":false,"_jetpack_newsletter_access":"","_jetpack_dont_email_post_to_subs":false,"_jetpack_newsletter_tier_id":0,"_jetpack_memberships_contains_paywalled_content":false,"_jetpack_memberships_contains_paid_content":false,"footnotes":"","jetpack_publicize_message":"","jetpack_publicize_feature_enabled":true,"jetpack_social_post_already_shared":true,"jetpack_social_options":{"image_generator_settings":{"template":"highway","enabled":false},"version":2}},"categories":[1],"tags":[],"class_list":["post-23381","post","type-post","status-publish","format-standard","hentry","category-notas"],"jetpack_publicize_connections":[],"jetpack_sharing_enabled":true,"jetpack_featured_media_url":"","jetpack_shortlink":"https:\/\/wp.me\/p7wKYW-657","jetpack-related-posts":[],"_links":{"self":[{"href":"http:\/\/blogdalucianaoliveira.com.br\/blog\/wp-json\/wp\/v2\/posts\/23381","targetHints":{"allow":["GET"]}}],"collection":[{"href":"http:\/\/blogdalucianaoliveira.com.br\/blog\/wp-json\/wp\/v2\/posts"}],"about":[{"href":"http:\/\/blogdalucianaoliveira.com.br\/blog\/wp-json\/wp\/v2\/types\/post"}],"author":[{"embeddable":true,"href":"http:\/\/blogdalucianaoliveira.com.br\/blog\/wp-json\/wp\/v2\/users\/1"}],"replies":[{"embeddable":true,"href":"http:\/\/blogdalucianaoliveira.com.br\/blog\/wp-json\/wp\/v2\/comments?post=23381"}],"version-history":[{"count":1,"href":"http:\/\/blogdalucianaoliveira.com.br\/blog\/wp-json\/wp\/v2\/posts\/23381\/revisions"}],"predecessor-version":[{"id":23383,"href":"http:\/\/blogdalucianaoliveira.com.br\/blog\/wp-json\/wp\/v2\/posts\/23381\/revisions\/23383"}],"wp:attachment":[{"href":"http:\/\/blogdalucianaoliveira.com.br\/blog\/wp-json\/wp\/v2\/media?parent=23381"}],"wp:term":[{"taxonomy":"category","embeddable":true,"href":"http:\/\/blogdalucianaoliveira.com.br\/blog\/wp-json\/wp\/v2\/categories?post=23381"},{"taxonomy":"post_tag","embeddable":true,"href":"http:\/\/blogdalucianaoliveira.com.br\/blog\/wp-json\/wp\/v2\/tags?post=23381"}],"curies":[{"name":"wp","href":"https:\/\/api.w.org\/{rel}","templated":true}]}}