{"id":23384,"date":"2019-08-17T10:34:15","date_gmt":"2019-08-17T14:34:15","guid":{"rendered":"http:\/\/blogdalucianaoliveira.com.br\/blog\/?p=23384"},"modified":"2019-08-17T10:38:32","modified_gmt":"2019-08-17T14:38:32","slug":"midia-ninja-o-ceu-de-porto-velho-esta-coberto-pela-fumaca-so-nos-primeiros-15-dias-de-agosto-os-focos-de-queimadas-na-capital-rondoniense-ja-superou-o-numero-de-todo-o-mes-de-agosto-do-ano-passado","status":"publish","type":"post","link":"http:\/\/blogdalucianaoliveira.com.br\/blog\/2019\/08\/17\/midia-ninja-o-ceu-de-porto-velho-esta-coberto-pela-fumaca-so-nos-primeiros-15-dias-de-agosto-os-focos-de-queimadas-na-capital-rondoniense-ja-superou-o-numero-de-todo-o-mes-de-agosto-do-ano-passado\/","title":{"rendered":"M\u00eddia Ninja : Porto Velho em chamas. Confira as rea\u00e7\u00f5es ao horizonte de fuma\u00e7a no c\u00e9u de Rond\u00f4nia"},"content":{"rendered":"<p><img data-recalc-dims=\"1\" loading=\"lazy\" decoding=\"async\" data-attachment-id=\"23385\" data-permalink=\"http:\/\/blogdalucianaoliveira.com.br\/blog\/2019\/08\/17\/midia-ninja-o-ceu-de-porto-velho-esta-coberto-pela-fumaca-so-nos-primeiros-15-dias-de-agosto-os-focos-de-queimadas-na-capital-rondoniense-ja-superou-o-numero-de-todo-o-mes-de-agosto-do-ano-passado\/be586330-5d4e-4d9b-a844-936f45466faa\/\" data-orig-file=\"https:\/\/i0.wp.com\/blogdalucianaoliveira.com.br\/blog\/wp-content\/uploads\/2019\/08\/BE586330-5D4E-4D9B-A844-936F45466FAA.jpeg?fit=1200%2C1188\" data-orig-size=\"1200,1188\" data-comments-opened=\"0\" data-image-meta=\"{&quot;aperture&quot;:&quot;0&quot;,&quot;credit&quot;:&quot;&quot;,&quot;camera&quot;:&quot;&quot;,&quot;caption&quot;:&quot;&quot;,&quot;created_timestamp&quot;:&quot;0&quot;,&quot;copyright&quot;:&quot;&quot;,&quot;focal_length&quot;:&quot;0&quot;,&quot;iso&quot;:&quot;0&quot;,&quot;shutter_speed&quot;:&quot;0&quot;,&quot;title&quot;:&quot;&quot;,&quot;orientation&quot;:&quot;1&quot;}\" data-image-title=\"BE586330-5D4E-4D9B-A844-936F45466FAA\" data-image-description=\"\" data-image-caption=\"\" data-medium-file=\"https:\/\/i0.wp.com\/blogdalucianaoliveira.com.br\/blog\/wp-content\/uploads\/2019\/08\/BE586330-5D4E-4D9B-A844-936F45466FAA.jpeg?fit=300%2C297\" data-large-file=\"https:\/\/i0.wp.com\/blogdalucianaoliveira.com.br\/blog\/wp-content\/uploads\/2019\/08\/BE586330-5D4E-4D9B-A844-936F45466FAA.jpeg?fit=600%2C594\" src=\"https:\/\/i0.wp.com\/blogdalucianaoliveira.com.br\/blog\/wp-content\/uploads\/2019\/08\/BE586330-5D4E-4D9B-A844-936F45466FAA.jpeg?resize=600%2C594\" alt=\"BE586330-5D4E-4D9B-A844-936F45466FAA\" width=\"600\" height=\"594\" class=\"alignnone size-full wp-image-23385\" srcset=\"https:\/\/i0.wp.com\/blogdalucianaoliveira.com.br\/blog\/wp-content\/uploads\/2019\/08\/BE586330-5D4E-4D9B-A844-936F45466FAA.jpeg?w=1200 1200w, https:\/\/i0.wp.com\/blogdalucianaoliveira.com.br\/blog\/wp-content\/uploads\/2019\/08\/BE586330-5D4E-4D9B-A844-936F45466FAA.jpeg?resize=150%2C150 150w, https:\/\/i0.wp.com\/blogdalucianaoliveira.com.br\/blog\/wp-content\/uploads\/2019\/08\/BE586330-5D4E-4D9B-A844-936F45466FAA.jpeg?resize=300%2C297 300w, https:\/\/i0.wp.com\/blogdalucianaoliveira.com.br\/blog\/wp-content\/uploads\/2019\/08\/BE586330-5D4E-4D9B-A844-936F45466FAA.jpeg?resize=768%2C760 768w, https:\/\/i0.wp.com\/blogdalucianaoliveira.com.br\/blog\/wp-content\/uploads\/2019\/08\/BE586330-5D4E-4D9B-A844-936F45466FAA.jpeg?resize=1024%2C1014 1024w, https:\/\/i0.wp.com\/blogdalucianaoliveira.com.br\/blog\/wp-content\/uploads\/2019\/08\/BE586330-5D4E-4D9B-A844-936F45466FAA.jpeg?resize=303%2C300 303w\" sizes=\"auto, (max-width: 600px) 100vw, 600px\" \/><\/p>\n<p>O c\u00e9u de Porto Velho est\u00e1 coberto pela fuma\u00e7a. S\u00f3 nos primeiros 15 dias de agosto, os focos de queimadas na capital rondoniense j\u00e1 superou o n\u00famero de todo o m\u00eas de agosto do ano passado. O mapa do Instituto Nacional de Pesquisas Espaciais (INPE) apresenta mais de 3700 focos de calor no Estado de Rond\u00f4nia.<\/p>\n<p>Este per\u00edodo, o chamado \u201cver\u00e3o amaz\u00f4nico\u201d, \u00e9 o mais prop\u00edcio para a difus\u00e3o do fogo. \u00c9, portanto, o per\u00edodo em que produtores rurais tiram proveito para desmatar terras na Amaz\u00f4nia.<br \/>\nNas redes sociais, imagens e rea\u00e7\u00f5es \u00e0 n\u00e9voa de fuma\u00e7a em Porto Velho permaneceram durante toda a sexta-feira entre os assuntos mais comentados. <\/p>\n<p>Com tags como #PrayForRondonia, os amaz\u00f4nicos fizeram den\u00fancias e registraram o tenso per\u00edodo para quem mora na regi\u00e3o. Confira abaixo algumas rea\u00e7\u00f5es:<\/p>\n<p><img data-recalc-dims=\"1\" loading=\"lazy\" decoding=\"async\" data-attachment-id=\"23386\" data-permalink=\"http:\/\/blogdalucianaoliveira.com.br\/blog\/2019\/08\/17\/midia-ninja-o-ceu-de-porto-velho-esta-coberto-pela-fumaca-so-nos-primeiros-15-dias-de-agosto-os-focos-de-queimadas-na-capital-rondoniense-ja-superou-o-numero-de-todo-o-mes-de-agosto-do-ano-passado\/aeaf3b66-1300-46a6-8413-ca16ef6d171e\/\" data-orig-file=\"https:\/\/i0.wp.com\/blogdalucianaoliveira.com.br\/blog\/wp-content\/uploads\/2019\/08\/AEAF3B66-1300-46A6-8413-CA16EF6D171E.jpeg?fit=750%2C487\" data-orig-size=\"750,487\" data-comments-opened=\"0\" data-image-meta=\"{&quot;aperture&quot;:&quot;0&quot;,&quot;credit&quot;:&quot;&quot;,&quot;camera&quot;:&quot;&quot;,&quot;caption&quot;:&quot;&quot;,&quot;created_timestamp&quot;:&quot;0&quot;,&quot;copyright&quot;:&quot;&quot;,&quot;focal_length&quot;:&quot;0&quot;,&quot;iso&quot;:&quot;0&quot;,&quot;shutter_speed&quot;:&quot;0&quot;,&quot;title&quot;:&quot;&quot;,&quot;orientation&quot;:&quot;0&quot;}\" data-image-title=\"AEAF3B66-1300-46A6-8413-CA16EF6D171E\" data-image-description=\"\" data-image-caption=\"\" data-medium-file=\"https:\/\/i0.wp.com\/blogdalucianaoliveira.com.br\/blog\/wp-content\/uploads\/2019\/08\/AEAF3B66-1300-46A6-8413-CA16EF6D171E.jpeg?fit=300%2C195\" data-large-file=\"https:\/\/i0.wp.com\/blogdalucianaoliveira.com.br\/blog\/wp-content\/uploads\/2019\/08\/AEAF3B66-1300-46A6-8413-CA16EF6D171E.jpeg?fit=600%2C390\" src=\"https:\/\/i0.wp.com\/blogdalucianaoliveira.com.br\/blog\/wp-content\/uploads\/2019\/08\/AEAF3B66-1300-46A6-8413-CA16EF6D171E.jpeg?resize=600%2C390\" alt=\"AEAF3B66-1300-46A6-8413-CA16EF6D171E\" width=\"600\" height=\"390\" class=\"alignnone size-full wp-image-23386\" srcset=\"https:\/\/i0.wp.com\/blogdalucianaoliveira.com.br\/blog\/wp-content\/uploads\/2019\/08\/AEAF3B66-1300-46A6-8413-CA16EF6D171E.jpeg?w=750 750w, https:\/\/i0.wp.com\/blogdalucianaoliveira.com.br\/blog\/wp-content\/uploads\/2019\/08\/AEAF3B66-1300-46A6-8413-CA16EF6D171E.jpeg?resize=300%2C195 300w, https:\/\/i0.wp.com\/blogdalucianaoliveira.com.br\/blog\/wp-content\/uploads\/2019\/08\/AEAF3B66-1300-46A6-8413-CA16EF6D171E.jpeg?resize=462%2C300 462w\" sizes=\"auto, (max-width: 600px) 100vw, 600px\" \/><\/p>\n<p><img data-recalc-dims=\"1\" loading=\"lazy\" decoding=\"async\" data-attachment-id=\"23387\" data-permalink=\"http:\/\/blogdalucianaoliveira.com.br\/blog\/2019\/08\/17\/midia-ninja-o-ceu-de-porto-velho-esta-coberto-pela-fumaca-so-nos-primeiros-15-dias-de-agosto-os-focos-de-queimadas-na-capital-rondoniense-ja-superou-o-numero-de-todo-o-mes-de-agosto-do-ano-passado\/c1e74eb2-506a-4281-a6ed-4ac41c06a065\/\" data-orig-file=\"https:\/\/i0.wp.com\/blogdalucianaoliveira.com.br\/blog\/wp-content\/uploads\/2019\/08\/C1E74EB2-506A-4281-A6ED-4AC41C06A065.jpeg?fit=750%2C1069\" data-orig-size=\"750,1069\" data-comments-opened=\"0\" data-image-meta=\"{&quot;aperture&quot;:&quot;0&quot;,&quot;credit&quot;:&quot;&quot;,&quot;camera&quot;:&quot;&quot;,&quot;caption&quot;:&quot;&quot;,&quot;created_timestamp&quot;:&quot;0&quot;,&quot;copyright&quot;:&quot;&quot;,&quot;focal_length&quot;:&quot;0&quot;,&quot;iso&quot;:&quot;0&quot;,&quot;shutter_speed&quot;:&quot;0&quot;,&quot;title&quot;:&quot;&quot;,&quot;orientation&quot;:&quot;0&quot;}\" data-image-title=\"C1E74EB2-506A-4281-A6ED-4AC41C06A065\" data-image-description=\"\" data-image-caption=\"\" data-medium-file=\"https:\/\/i0.wp.com\/blogdalucianaoliveira.com.br\/blog\/wp-content\/uploads\/2019\/08\/C1E74EB2-506A-4281-A6ED-4AC41C06A065.jpeg?fit=210%2C300\" data-large-file=\"https:\/\/i0.wp.com\/blogdalucianaoliveira.com.br\/blog\/wp-content\/uploads\/2019\/08\/C1E74EB2-506A-4281-A6ED-4AC41C06A065.jpeg?fit=600%2C856\" src=\"https:\/\/i0.wp.com\/blogdalucianaoliveira.com.br\/blog\/wp-content\/uploads\/2019\/08\/C1E74EB2-506A-4281-A6ED-4AC41C06A065.jpeg?resize=600%2C855\" alt=\"C1E74EB2-506A-4281-A6ED-4AC41C06A065\" width=\"600\" height=\"855\" class=\"alignnone size-full wp-image-23387\" srcset=\"https:\/\/i0.wp.com\/blogdalucianaoliveira.com.br\/blog\/wp-content\/uploads\/2019\/08\/C1E74EB2-506A-4281-A6ED-4AC41C06A065.jpeg?w=750 750w, https:\/\/i0.wp.com\/blogdalucianaoliveira.com.br\/blog\/wp-content\/uploads\/2019\/08\/C1E74EB2-506A-4281-A6ED-4AC41C06A065.jpeg?resize=210%2C300 210w, https:\/\/i0.wp.com\/blogdalucianaoliveira.com.br\/blog\/wp-content\/uploads\/2019\/08\/C1E74EB2-506A-4281-A6ED-4AC41C06A065.jpeg?resize=718%2C1024 718w\" sizes=\"auto, (max-width: 600px) 100vw, 600px\" \/><\/p>\n<p><img data-recalc-dims=\"1\" loading=\"lazy\" decoding=\"async\" data-attachment-id=\"23388\" data-permalink=\"http:\/\/blogdalucianaoliveira.com.br\/blog\/2019\/08\/17\/midia-ninja-o-ceu-de-porto-velho-esta-coberto-pela-fumaca-so-nos-primeiros-15-dias-de-agosto-os-focos-de-queimadas-na-capital-rondoniense-ja-superou-o-numero-de-todo-o-mes-de-agosto-do-ano-passado\/99c85498-924d-44a1-ad6d-f3ee344c402b\/\" data-orig-file=\"https:\/\/i0.wp.com\/blogdalucianaoliveira.com.br\/blog\/wp-content\/uploads\/2019\/08\/99C85498-924D-44A1-AD6D-F3EE344C402B.jpeg?fit=750%2C909\" data-orig-size=\"750,909\" data-comments-opened=\"0\" data-image-meta=\"{&quot;aperture&quot;:&quot;0&quot;,&quot;credit&quot;:&quot;&quot;,&quot;camera&quot;:&quot;&quot;,&quot;caption&quot;:&quot;&quot;,&quot;created_timestamp&quot;:&quot;0&quot;,&quot;copyright&quot;:&quot;&quot;,&quot;focal_length&quot;:&quot;0&quot;,&quot;iso&quot;:&quot;0&quot;,&quot;shutter_speed&quot;:&quot;0&quot;,&quot;title&quot;:&quot;&quot;,&quot;orientation&quot;:&quot;0&quot;}\" data-image-title=\"99C85498-924D-44A1-AD6D-F3EE344C402B\" data-image-description=\"\" data-image-caption=\"\" data-medium-file=\"https:\/\/i0.wp.com\/blogdalucianaoliveira.com.br\/blog\/wp-content\/uploads\/2019\/08\/99C85498-924D-44A1-AD6D-F3EE344C402B.jpeg?fit=248%2C300\" data-large-file=\"https:\/\/i0.wp.com\/blogdalucianaoliveira.com.br\/blog\/wp-content\/uploads\/2019\/08\/99C85498-924D-44A1-AD6D-F3EE344C402B.jpeg?fit=600%2C727\" src=\"https:\/\/i0.wp.com\/blogdalucianaoliveira.com.br\/blog\/wp-content\/uploads\/2019\/08\/99C85498-924D-44A1-AD6D-F3EE344C402B.jpeg?resize=600%2C727\" alt=\"99C85498-924D-44A1-AD6D-F3EE344C402B\" width=\"600\" height=\"727\" class=\"alignnone size-full wp-image-23388\" srcset=\"https:\/\/i0.wp.com\/blogdalucianaoliveira.com.br\/blog\/wp-content\/uploads\/2019\/08\/99C85498-924D-44A1-AD6D-F3EE344C402B.jpeg?w=750 750w, https:\/\/i0.wp.com\/blogdalucianaoliveira.com.br\/blog\/wp-content\/uploads\/2019\/08\/99C85498-924D-44A1-AD6D-F3EE344C402B.jpeg?resize=248%2C300 248w\" sizes=\"auto, (max-width: 600px) 100vw, 600px\" \/><\/p>\n<p><img data-recalc-dims=\"1\" loading=\"lazy\" decoding=\"async\" data-attachment-id=\"23389\" data-permalink=\"http:\/\/blogdalucianaoliveira.com.br\/blog\/2019\/08\/17\/midia-ninja-o-ceu-de-porto-velho-esta-coberto-pela-fumaca-so-nos-primeiros-15-dias-de-agosto-os-focos-de-queimadas-na-capital-rondoniense-ja-superou-o-numero-de-todo-o-mes-de-agosto-do-ano-passado\/463ae534-f892-46a1-9a42-a1558e817694\/\" data-orig-file=\"https:\/\/i0.wp.com\/blogdalucianaoliveira.com.br\/blog\/wp-content\/uploads\/2019\/08\/463AE534-F892-46A1-9A42-A1558E817694.jpeg?fit=750%2C720\" data-orig-size=\"750,720\" data-comments-opened=\"0\" data-image-meta=\"{&quot;aperture&quot;:&quot;0&quot;,&quot;credit&quot;:&quot;&quot;,&quot;camera&quot;:&quot;&quot;,&quot;caption&quot;:&quot;&quot;,&quot;created_timestamp&quot;:&quot;0&quot;,&quot;copyright&quot;:&quot;&quot;,&quot;focal_length&quot;:&quot;0&quot;,&quot;iso&quot;:&quot;0&quot;,&quot;shutter_speed&quot;:&quot;0&quot;,&quot;title&quot;:&quot;&quot;,&quot;orientation&quot;:&quot;0&quot;}\" data-image-title=\"463AE534-F892-46A1-9A42-A1558E817694\" data-image-description=\"\" data-image-caption=\"\" data-medium-file=\"https:\/\/i0.wp.com\/blogdalucianaoliveira.com.br\/blog\/wp-content\/uploads\/2019\/08\/463AE534-F892-46A1-9A42-A1558E817694.jpeg?fit=300%2C288\" data-large-file=\"https:\/\/i0.wp.com\/blogdalucianaoliveira.com.br\/blog\/wp-content\/uploads\/2019\/08\/463AE534-F892-46A1-9A42-A1558E817694.jpeg?fit=600%2C576\" src=\"https:\/\/i0.wp.com\/blogdalucianaoliveira.com.br\/blog\/wp-content\/uploads\/2019\/08\/463AE534-F892-46A1-9A42-A1558E817694.jpeg?resize=600%2C576\" alt=\"463AE534-F892-46A1-9A42-A1558E817694\" width=\"600\" height=\"576\" class=\"alignnone size-full wp-image-23389\" srcset=\"https:\/\/i0.wp.com\/blogdalucianaoliveira.com.br\/blog\/wp-content\/uploads\/2019\/08\/463AE534-F892-46A1-9A42-A1558E817694.jpeg?w=750 750w, https:\/\/i0.wp.com\/blogdalucianaoliveira.com.br\/blog\/wp-content\/uploads\/2019\/08\/463AE534-F892-46A1-9A42-A1558E817694.jpeg?resize=300%2C288 300w, https:\/\/i0.wp.com\/blogdalucianaoliveira.com.br\/blog\/wp-content\/uploads\/2019\/08\/463AE534-F892-46A1-9A42-A1558E817694.jpeg?resize=313%2C300 313w\" sizes=\"auto, (max-width: 600px) 100vw, 600px\" \/><\/p>\n<p><img data-recalc-dims=\"1\" loading=\"lazy\" decoding=\"async\" data-attachment-id=\"23390\" data-permalink=\"http:\/\/blogdalucianaoliveira.com.br\/blog\/2019\/08\/17\/midia-ninja-o-ceu-de-porto-velho-esta-coberto-pela-fumaca-so-nos-primeiros-15-dias-de-agosto-os-focos-de-queimadas-na-capital-rondoniense-ja-superou-o-numero-de-todo-o-mes-de-agosto-do-ano-passado\/b9e0c08f-b1b1-406d-add9-40c983fe1ec6\/\" data-orig-file=\"https:\/\/i0.wp.com\/blogdalucianaoliveira.com.br\/blog\/wp-content\/uploads\/2019\/08\/B9E0C08F-B1B1-406D-ADD9-40C983FE1EC6.jpeg?fit=750%2C1142\" data-orig-size=\"750,1142\" data-comments-opened=\"0\" data-image-meta=\"{&quot;aperture&quot;:&quot;0&quot;,&quot;credit&quot;:&quot;&quot;,&quot;camera&quot;:&quot;&quot;,&quot;caption&quot;:&quot;&quot;,&quot;created_timestamp&quot;:&quot;0&quot;,&quot;copyright&quot;:&quot;&quot;,&quot;focal_length&quot;:&quot;0&quot;,&quot;iso&quot;:&quot;0&quot;,&quot;shutter_speed&quot;:&quot;0&quot;,&quot;title&quot;:&quot;&quot;,&quot;orientation&quot;:&quot;0&quot;}\" data-image-title=\"B9E0C08F-B1B1-406D-ADD9-40C983FE1EC6\" data-image-description=\"\" data-image-caption=\"\" data-medium-file=\"https:\/\/i0.wp.com\/blogdalucianaoliveira.com.br\/blog\/wp-content\/uploads\/2019\/08\/B9E0C08F-B1B1-406D-ADD9-40C983FE1EC6.jpeg?fit=197%2C300\" data-large-file=\"https:\/\/i0.wp.com\/blogdalucianaoliveira.com.br\/blog\/wp-content\/uploads\/2019\/08\/B9E0C08F-B1B1-406D-ADD9-40C983FE1EC6.jpeg?fit=600%2C913\" src=\"https:\/\/i0.wp.com\/blogdalucianaoliveira.com.br\/blog\/wp-content\/uploads\/2019\/08\/B9E0C08F-B1B1-406D-ADD9-40C983FE1EC6.jpeg?resize=600%2C914\" alt=\"B9E0C08F-B1B1-406D-ADD9-40C983FE1EC6\" width=\"600\" height=\"914\" class=\"alignnone size-full wp-image-23390\" srcset=\"https:\/\/i0.wp.com\/blogdalucianaoliveira.com.br\/blog\/wp-content\/uploads\/2019\/08\/B9E0C08F-B1B1-406D-ADD9-40C983FE1EC6.jpeg?w=750 750w, https:\/\/i0.wp.com\/blogdalucianaoliveira.com.br\/blog\/wp-content\/uploads\/2019\/08\/B9E0C08F-B1B1-406D-ADD9-40C983FE1EC6.jpeg?resize=197%2C300 197w, https:\/\/i0.wp.com\/blogdalucianaoliveira.com.br\/blog\/wp-content\/uploads\/2019\/08\/B9E0C08F-B1B1-406D-ADD9-40C983FE1EC6.jpeg?resize=673%2C1024 673w\" sizes=\"auto, (max-width: 600px) 100vw, 600px\" \/><\/p>\n<p><img data-recalc-dims=\"1\" loading=\"lazy\" decoding=\"async\" data-attachment-id=\"23394\" data-permalink=\"http:\/\/blogdalucianaoliveira.com.br\/blog\/2019\/08\/17\/midia-ninja-o-ceu-de-porto-velho-esta-coberto-pela-fumaca-so-nos-primeiros-15-dias-de-agosto-os-focos-de-queimadas-na-capital-rondoniense-ja-superou-o-numero-de-todo-o-mes-de-agosto-do-ano-passado\/0d506fdf-0363-4d41-874c-3dce20745bbd\/\" data-orig-file=\"https:\/\/i0.wp.com\/blogdalucianaoliveira.com.br\/blog\/wp-content\/uploads\/2019\/08\/0D506FDF-0363-4D41-874C-3DCE20745BBD.jpeg?fit=740%2C731\" data-orig-size=\"740,731\" data-comments-opened=\"0\" data-image-meta=\"{&quot;aperture&quot;:&quot;0&quot;,&quot;credit&quot;:&quot;&quot;,&quot;camera&quot;:&quot;&quot;,&quot;caption&quot;:&quot;&quot;,&quot;created_timestamp&quot;:&quot;0&quot;,&quot;copyright&quot;:&quot;&quot;,&quot;focal_length&quot;:&quot;0&quot;,&quot;iso&quot;:&quot;0&quot;,&quot;shutter_speed&quot;:&quot;0&quot;,&quot;title&quot;:&quot;&quot;,&quot;orientation&quot;:&quot;0&quot;}\" data-image-title=\"0D506FDF-0363-4D41-874C-3DCE20745BBD\" data-image-description=\"\" data-image-caption=\"\" data-medium-file=\"https:\/\/i0.wp.com\/blogdalucianaoliveira.com.br\/blog\/wp-content\/uploads\/2019\/08\/0D506FDF-0363-4D41-874C-3DCE20745BBD.jpeg?fit=300%2C296\" data-large-file=\"https:\/\/i0.wp.com\/blogdalucianaoliveira.com.br\/blog\/wp-content\/uploads\/2019\/08\/0D506FDF-0363-4D41-874C-3DCE20745BBD.jpeg?fit=600%2C593\" src=\"https:\/\/i0.wp.com\/blogdalucianaoliveira.com.br\/blog\/wp-content\/uploads\/2019\/08\/0D506FDF-0363-4D41-874C-3DCE20745BBD.jpeg?resize=600%2C593\" alt=\"0D506FDF-0363-4D41-874C-3DCE20745BBD\" width=\"600\" height=\"593\" class=\"alignnone size-full wp-image-23394\" srcset=\"https:\/\/i0.wp.com\/blogdalucianaoliveira.com.br\/blog\/wp-content\/uploads\/2019\/08\/0D506FDF-0363-4D41-874C-3DCE20745BBD.jpeg?w=740 740w, https:\/\/i0.wp.com\/blogdalucianaoliveira.com.br\/blog\/wp-content\/uploads\/2019\/08\/0D506FDF-0363-4D41-874C-3DCE20745BBD.jpeg?resize=300%2C296 300w, https:\/\/i0.wp.com\/blogdalucianaoliveira.com.br\/blog\/wp-content\/uploads\/2019\/08\/0D506FDF-0363-4D41-874C-3DCE20745BBD.jpeg?resize=304%2C300 304w\" sizes=\"auto, (max-width: 600px) 100vw, 600px\" \/><\/p>\n<p><img data-recalc-dims=\"1\" loading=\"lazy\" decoding=\"async\" data-attachment-id=\"23395\" data-permalink=\"http:\/\/blogdalucianaoliveira.com.br\/blog\/2019\/08\/17\/midia-ninja-o-ceu-de-porto-velho-esta-coberto-pela-fumaca-so-nos-primeiros-15-dias-de-agosto-os-focos-de-queimadas-na-capital-rondoniense-ja-superou-o-numero-de-todo-o-mes-de-agosto-do-ano-passado\/754d5276-98ef-4cce-82cb-b291ab7da285\/\" data-orig-file=\"https:\/\/i0.wp.com\/blogdalucianaoliveira.com.br\/blog\/wp-content\/uploads\/2019\/08\/754D5276-98EF-4CCE-82CB-B291AB7DA285.jpeg?fit=749%2C736\" data-orig-size=\"749,736\" data-comments-opened=\"0\" data-image-meta=\"{&quot;aperture&quot;:&quot;0&quot;,&quot;credit&quot;:&quot;&quot;,&quot;camera&quot;:&quot;&quot;,&quot;caption&quot;:&quot;&quot;,&quot;created_timestamp&quot;:&quot;0&quot;,&quot;copyright&quot;:&quot;&quot;,&quot;focal_length&quot;:&quot;0&quot;,&quot;iso&quot;:&quot;0&quot;,&quot;shutter_speed&quot;:&quot;0&quot;,&quot;title&quot;:&quot;&quot;,&quot;orientation&quot;:&quot;0&quot;}\" data-image-title=\"754D5276-98EF-4CCE-82CB-B291AB7DA285\" data-image-description=\"\" data-image-caption=\"\" data-medium-file=\"https:\/\/i0.wp.com\/blogdalucianaoliveira.com.br\/blog\/wp-content\/uploads\/2019\/08\/754D5276-98EF-4CCE-82CB-B291AB7DA285.jpeg?fit=300%2C295\" data-large-file=\"https:\/\/i0.wp.com\/blogdalucianaoliveira.com.br\/blog\/wp-content\/uploads\/2019\/08\/754D5276-98EF-4CCE-82CB-B291AB7DA285.jpeg?fit=600%2C590\" src=\"https:\/\/i0.wp.com\/blogdalucianaoliveira.com.br\/blog\/wp-content\/uploads\/2019\/08\/754D5276-98EF-4CCE-82CB-B291AB7DA285.jpeg?resize=600%2C590\" alt=\"754D5276-98EF-4CCE-82CB-B291AB7DA285\" width=\"600\" height=\"590\" class=\"alignnone size-full wp-image-23395\" srcset=\"https:\/\/i0.wp.com\/blogdalucianaoliveira.com.br\/blog\/wp-content\/uploads\/2019\/08\/754D5276-98EF-4CCE-82CB-B291AB7DA285.jpeg?w=749 749w, https:\/\/i0.wp.com\/blogdalucianaoliveira.com.br\/blog\/wp-content\/uploads\/2019\/08\/754D5276-98EF-4CCE-82CB-B291AB7DA285.jpeg?resize=300%2C295 300w, https:\/\/i0.wp.com\/blogdalucianaoliveira.com.br\/blog\/wp-content\/uploads\/2019\/08\/754D5276-98EF-4CCE-82CB-B291AB7DA285.jpeg?resize=305%2C300 305w\" sizes=\"auto, (max-width: 600px) 100vw, 600px\" \/><\/p>\n<p><img data-recalc-dims=\"1\" loading=\"lazy\" decoding=\"async\" data-attachment-id=\"23396\" data-permalink=\"http:\/\/blogdalucianaoliveira.com.br\/blog\/2019\/08\/17\/midia-ninja-o-ceu-de-porto-velho-esta-coberto-pela-fumaca-so-nos-primeiros-15-dias-de-agosto-os-focos-de-queimadas-na-capital-rondoniense-ja-superou-o-numero-de-todo-o-mes-de-agosto-do-ano-passado\/bfaaeb58-e975-4481-a444-de143b834b5f\/\" data-orig-file=\"https:\/\/i0.wp.com\/blogdalucianaoliveira.com.br\/blog\/wp-content\/uploads\/2019\/08\/BFAAEB58-E975-4481-A444-DE143B834B5F.jpeg?fit=750%2C771\" data-orig-size=\"750,771\" data-comments-opened=\"0\" data-image-meta=\"{&quot;aperture&quot;:&quot;0&quot;,&quot;credit&quot;:&quot;&quot;,&quot;camera&quot;:&quot;&quot;,&quot;caption&quot;:&quot;&quot;,&quot;created_timestamp&quot;:&quot;0&quot;,&quot;copyright&quot;:&quot;&quot;,&quot;focal_length&quot;:&quot;0&quot;,&quot;iso&quot;:&quot;0&quot;,&quot;shutter_speed&quot;:&quot;0&quot;,&quot;title&quot;:&quot;&quot;,&quot;orientation&quot;:&quot;0&quot;}\" data-image-title=\"BFAAEB58-E975-4481-A444-DE143B834B5F\" data-image-description=\"\" data-image-caption=\"\" data-medium-file=\"https:\/\/i0.wp.com\/blogdalucianaoliveira.com.br\/blog\/wp-content\/uploads\/2019\/08\/BFAAEB58-E975-4481-A444-DE143B834B5F.jpeg?fit=292%2C300\" data-large-file=\"https:\/\/i0.wp.com\/blogdalucianaoliveira.com.br\/blog\/wp-content\/uploads\/2019\/08\/BFAAEB58-E975-4481-A444-DE143B834B5F.jpeg?fit=600%2C617\" src=\"https:\/\/i0.wp.com\/blogdalucianaoliveira.com.br\/blog\/wp-content\/uploads\/2019\/08\/BFAAEB58-E975-4481-A444-DE143B834B5F.jpeg?resize=600%2C617\" alt=\"BFAAEB58-E975-4481-A444-DE143B834B5F\" width=\"600\" height=\"617\" class=\"alignnone size-full wp-image-23396\" srcset=\"https:\/\/i0.wp.com\/blogdalucianaoliveira.com.br\/blog\/wp-content\/uploads\/2019\/08\/BFAAEB58-E975-4481-A444-DE143B834B5F.jpeg?w=750 750w, https:\/\/i0.wp.com\/blogdalucianaoliveira.com.br\/blog\/wp-content\/uploads\/2019\/08\/BFAAEB58-E975-4481-A444-DE143B834B5F.jpeg?resize=292%2C300 292w\" sizes=\"auto, (max-width: 600px) 100vw, 600px\" \/><\/p>\n<p><img data-recalc-dims=\"1\" loading=\"lazy\" decoding=\"async\" data-attachment-id=\"23397\" data-permalink=\"http:\/\/blogdalucianaoliveira.com.br\/blog\/2019\/08\/17\/midia-ninja-o-ceu-de-porto-velho-esta-coberto-pela-fumaca-so-nos-primeiros-15-dias-de-agosto-os-focos-de-queimadas-na-capital-rondoniense-ja-superou-o-numero-de-todo-o-mes-de-agosto-do-ano-passado\/aab4319c-3bd2-43de-9002-404c0f3334b0\/\" data-orig-file=\"https:\/\/i0.wp.com\/blogdalucianaoliveira.com.br\/blog\/wp-content\/uploads\/2019\/08\/AAB4319C-3BD2-43DE-9002-404C0F3334B0.jpeg?fit=735%2C931\" data-orig-size=\"735,931\" data-comments-opened=\"0\" data-image-meta=\"{&quot;aperture&quot;:&quot;0&quot;,&quot;credit&quot;:&quot;&quot;,&quot;camera&quot;:&quot;&quot;,&quot;caption&quot;:&quot;&quot;,&quot;created_timestamp&quot;:&quot;0&quot;,&quot;copyright&quot;:&quot;&quot;,&quot;focal_length&quot;:&quot;0&quot;,&quot;iso&quot;:&quot;0&quot;,&quot;shutter_speed&quot;:&quot;0&quot;,&quot;title&quot;:&quot;&quot;,&quot;orientation&quot;:&quot;0&quot;}\" data-image-title=\"AAB4319C-3BD2-43DE-9002-404C0F3334B0\" data-image-description=\"\" data-image-caption=\"\" data-medium-file=\"https:\/\/i0.wp.com\/blogdalucianaoliveira.com.br\/blog\/wp-content\/uploads\/2019\/08\/AAB4319C-3BD2-43DE-9002-404C0F3334B0.jpeg?fit=237%2C300\" data-large-file=\"https:\/\/i0.wp.com\/blogdalucianaoliveira.com.br\/blog\/wp-content\/uploads\/2019\/08\/AAB4319C-3BD2-43DE-9002-404C0F3334B0.jpeg?fit=600%2C760\" src=\"https:\/\/i0.wp.com\/blogdalucianaoliveira.com.br\/blog\/wp-content\/uploads\/2019\/08\/AAB4319C-3BD2-43DE-9002-404C0F3334B0.jpeg?resize=600%2C760\" alt=\"AAB4319C-3BD2-43DE-9002-404C0F3334B0\" width=\"600\" height=\"760\" class=\"alignnone size-full wp-image-23397\" srcset=\"https:\/\/i0.wp.com\/blogdalucianaoliveira.com.br\/blog\/wp-content\/uploads\/2019\/08\/AAB4319C-3BD2-43DE-9002-404C0F3334B0.jpeg?w=735 735w, https:\/\/i0.wp.com\/blogdalucianaoliveira.com.br\/blog\/wp-content\/uploads\/2019\/08\/AAB4319C-3BD2-43DE-9002-404C0F3334B0.jpeg?resize=237%2C300 237w\" sizes=\"auto, (max-width: 600px) 100vw, 600px\" \/><\/p>\n","protected":false},"excerpt":{"rendered":"<p>O c\u00e9u de Porto Velho est\u00e1 coberto pela fuma\u00e7a. S\u00f3 nos primeiros 15 dias de agosto, os focos de queimadas na capital rondoniense j\u00e1 superou o n\u00famero de todo o m\u00eas de agosto do ano passado. O mapa do Instituto Nacional de Pesquisas Espaciais (INPE) apresenta mais de 3700 focos de calor no Estado de&#8230;<a class=\"more-link\" href=\"http:\/\/blogdalucianaoliveira.com.br\/blog\/2019\/08\/17\/midia-ninja-o-ceu-de-porto-velho-esta-coberto-pela-fumaca-so-nos-primeiros-15-dias-de-agosto-os-focos-de-queimadas-na-capital-rondoniense-ja-superou-o-numero-de-todo-o-mes-de-agosto-do-ano-passado\/\">Continue a leitura <span class=\"meta-nav\">&raquo;<\/span><\/a><\/p>\n","protected":false},"author":1,"featured_media":0,"comment_status":"closed","ping_status":"open","sticky":false,"template":"","format":"standard","meta":{"_exactmetrics_skip_tracking":false,"_exactmetrics_sitenote_active":false,"_exactmetrics_sitenote_note":"","_exactmetrics_sitenote_category":0,"jetpack_post_was_ever_published":false,"_jetpack_newsletter_access":"","_jetpack_dont_email_post_to_subs":false,"_jetpack_newsletter_tier_id":0,"_jetpack_memberships_contains_paywalled_content":false,"_jetpack_memberships_contains_paid_content":false,"footnotes":"","jetpack_publicize_message":"","jetpack_publicize_feature_enabled":true,"jetpack_social_post_already_shared":true,"jetpack_social_options":{"image_generator_settings":{"template":"highway","enabled":false},"version":2}},"categories":[1],"tags":[],"class_list":["post-23384","post","type-post","status-publish","format-standard","hentry","category-notas"],"jetpack_publicize_connections":[],"jetpack_sharing_enabled":true,"jetpack_featured_media_url":"","jetpack_shortlink":"https:\/\/wp.me\/p7wKYW-65a","jetpack-related-posts":[],"_links":{"self":[{"href":"http:\/\/blogdalucianaoliveira.com.br\/blog\/wp-json\/wp\/v2\/posts\/23384","targetHints":{"allow":["GET"]}}],"collection":[{"href":"http:\/\/blogdalucianaoliveira.com.br\/blog\/wp-json\/wp\/v2\/posts"}],"about":[{"href":"http:\/\/blogdalucianaoliveira.com.br\/blog\/wp-json\/wp\/v2\/types\/post"}],"author":[{"embeddable":true,"href":"http:\/\/blogdalucianaoliveira.com.br\/blog\/wp-json\/wp\/v2\/users\/1"}],"replies":[{"embeddable":true,"href":"http:\/\/blogdalucianaoliveira.com.br\/blog\/wp-json\/wp\/v2\/comments?post=23384"}],"version-history":[{"count":4,"href":"http:\/\/blogdalucianaoliveira.com.br\/blog\/wp-json\/wp\/v2\/posts\/23384\/revisions"}],"predecessor-version":[{"id":23399,"href":"http:\/\/blogdalucianaoliveira.com.br\/blog\/wp-json\/wp\/v2\/posts\/23384\/revisions\/23399"}],"wp:attachment":[{"href":"http:\/\/blogdalucianaoliveira.com.br\/blog\/wp-json\/wp\/v2\/media?parent=23384"}],"wp:term":[{"taxonomy":"category","embeddable":true,"href":"http:\/\/blogdalucianaoliveira.com.br\/blog\/wp-json\/wp\/v2\/categories?post=23384"},{"taxonomy":"post_tag","embeddable":true,"href":"http:\/\/blogdalucianaoliveira.com.br\/blog\/wp-json\/wp\/v2\/tags?post=23384"}],"curies":[{"name":"wp","href":"https:\/\/api.w.org\/{rel}","templated":true}]}}