{"id":23414,"date":"2019-08-18T10:16:07","date_gmt":"2019-08-18T14:16:07","guid":{"rendered":"http:\/\/blogdalucianaoliveira.com.br\/blog\/?p=23414"},"modified":"2019-08-18T10:19:54","modified_gmt":"2019-08-18T14:19:54","slug":"dialogos-revelam-promiscuidade-total-entre-deltan-e-receita-federal","status":"publish","type":"post","link":"http:\/\/blogdalucianaoliveira.com.br\/blog\/2019\/08\/18\/dialogos-revelam-promiscuidade-total-entre-deltan-e-receita-federal\/","title":{"rendered":"Di\u00e1logos revelam promiscuidade total entre Deltan e Receita Federal"},"content":{"rendered":"<div class=\"post-inner group\">\n<h1 class=\"post-title\"><\/h1>\n<div class=\"entry\">\n<div class=\"entry-inner\">\n<p><img data-recalc-dims=\"1\" loading=\"lazy\" decoding=\"async\" class=\"alignnone size-full wp-image-72839\" src=\"https:\/\/i0.wp.com\/www.tijolaco.net\/blog\/wp-content\/uploads\/2019\/08\/VIOLA.jpg?resize=600%2C295\" sizes=\"auto, (max-width: 600px) 100vw, 600px\" srcset=\"http:\/\/www.tijolaco.net\/blog\/wp-content\/uploads\/2019\/08\/VIOLA.jpg 600w, http:\/\/www.tijolaco.net\/blog\/wp-content\/uploads\/2019\/08\/VIOLA-300x148.jpg 300w\" alt=\"\" width=\"600\" height=\"295\" \/><\/p>\n<p>&nbsp;<\/p>\n<p>No DCM, por Fernando Britto &#8211; Sigilos fiscais quebrados por uma simples mensagem de Telegram.<!--more--><\/p>\n<p>\u00c9 isso que aparece \u2013 e aos montes \u2013 nas mensagens trocadas entre o hoje chefe do Conselho de Controle de Atividades Financeiras, Roberto Leonel, quando este era o \u201cadido\u201d da receita junto \u00e0 For\u00e7a Tarefa.<\/p>\n<p>N\u00e3o era detectar movimenta\u00e7\u00e3o at\u00edpica de dinheiro nas contas de investigados, mas de vasculhar declara\u00e7\u00f5es de imposto de renda do caseiro do s\u00edtio de Atibaia e at\u00e9 opera\u00e7\u00f5es de compras de eletrodom\u00e9sticos visando incriminar a fam\u00edlia de Lula.<\/p>\n<p>Viola\u00e7\u00f5es suficientes para levar ambos, Deltan e Leonel, para a cadeia pela legisla\u00e7\u00e3o brasileira, mesmo sem a nova lei de abuso de autoridade.<\/p>\n<p>N\u00e3o preciso repetir os di\u00e1logos, est\u00e3o longamente descritos na\u00a0<a href=\"https:\/\/www1.folha.uol.com.br\/poder\/2019\/08\/lava-jato-driblou-lei-para-ter-acesso-a-dados-da-receita-mostram-mensagens.shtml\" target=\"_blank\" rel=\"noopener noreferrer\"><em>Folha<\/em><\/a>\u00a0e no\u00a0<em><a href=\"https:\/\/theintercept.com\/2019\/08\/18\/lava-jato-dados-sigilosos-chefe-coaf\/\" target=\"_blank\" rel=\"noopener noreferrer\">The Intercept<\/a>.<\/em><\/p>\n<p>E eles n\u00e3o se referem exclusivamente a casos que estivessem sob investiga\u00e7\u00e3o em Curitiba: at\u00e9 sobre a fam\u00edlia de Rodrigo Rocha Loures, o homem da mala de Michel Temer, e sobre todos os que fizeram a repatria\u00e7\u00e3o \u2013 autorizada por lei \u2013 de recursos no exterior a Lava Jato avan\u00e7ou, pedindo ao auditor da Receita dados que nem ele poderia ter acesso.<\/p>\n<p>E isso \u00e9 o que ficou registrados nos di\u00e1logos via aplicativos de mensagem. N\u00e3o se sabe o quanto mais foi pedido por telefone e em contatos pessoais.<\/p>\n<p>O Coaf, \u00f3rg\u00e3o important\u00edssimo para controlar movimenta\u00e7\u00f5es financeiras inexplic\u00e1veis, j\u00e1 est\u00e1 morto e vai ser enterrado numa reparti\u00e7\u00e3o burocr\u00e1tica do Banco Central.<\/p>\n<p>A decis\u00e3o de Dias Toffoli de suspender as investiga\u00e7\u00f5es geradas por seus dados conseguiu uma justificativa moral.<\/p>\n<p>E a Receita Federal, sobre a qual Bolsonaro est\u00e1 estendendo as suas garras, fica fragilizada e desmoralizada.<\/p>\n<p>Parab\u00e9ns \u00e0 Lava Jato por ter destru\u00eddo os mecanismos de controle sobre as movimenta\u00e7\u00f5es financeiras do Brasil.<\/p>\n<p>&nbsp;<\/p>\n<p>&nbsp;<\/p>\n<\/div>\n<div class=\"clear\"><\/div>\n<\/div>\n<\/div>\n<p>&nbsp;<\/p>\n","protected":false},"excerpt":{"rendered":"<p>&nbsp; No DCM, por Fernando Britto &#8211; Sigilos fiscais quebrados por uma simples mensagem de Telegram.<\/p>\n","protected":false},"author":1,"featured_media":0,"comment_status":"closed","ping_status":"open","sticky":false,"template":"","format":"standard","meta":{"_exactmetrics_skip_tracking":false,"_exactmetrics_sitenote_active":false,"_exactmetrics_sitenote_note":"","_exactmetrics_sitenote_category":0,"jetpack_post_was_ever_published":false,"_jetpack_newsletter_access":"","_jetpack_dont_email_post_to_subs":false,"_jetpack_newsletter_tier_id":0,"_jetpack_memberships_contains_paywalled_content":false,"_jetpack_memberships_contains_paid_content":false,"footnotes":"","jetpack_publicize_message":"","jetpack_publicize_feature_enabled":true,"jetpack_social_post_already_shared":true,"jetpack_social_options":{"image_generator_settings":{"template":"highway","enabled":false},"version":2}},"categories":[1],"tags":[],"class_list":["post-23414","post","type-post","status-publish","format-standard","hentry","category-notas"],"jetpack_publicize_connections":[],"jetpack_sharing_enabled":true,"jetpack_featured_media_url":"","jetpack_shortlink":"https:\/\/wp.me\/p7wKYW-65E","jetpack-related-posts":[],"_links":{"self":[{"href":"http:\/\/blogdalucianaoliveira.com.br\/blog\/wp-json\/wp\/v2\/posts\/23414","targetHints":{"allow":["GET"]}}],"collection":[{"href":"http:\/\/blogdalucianaoliveira.com.br\/blog\/wp-json\/wp\/v2\/posts"}],"about":[{"href":"http:\/\/blogdalucianaoliveira.com.br\/blog\/wp-json\/wp\/v2\/types\/post"}],"author":[{"embeddable":true,"href":"http:\/\/blogdalucianaoliveira.com.br\/blog\/wp-json\/wp\/v2\/users\/1"}],"replies":[{"embeddable":true,"href":"http:\/\/blogdalucianaoliveira.com.br\/blog\/wp-json\/wp\/v2\/comments?post=23414"}],"version-history":[{"count":1,"href":"http:\/\/blogdalucianaoliveira.com.br\/blog\/wp-json\/wp\/v2\/posts\/23414\/revisions"}],"predecessor-version":[{"id":23415,"href":"http:\/\/blogdalucianaoliveira.com.br\/blog\/wp-json\/wp\/v2\/posts\/23414\/revisions\/23415"}],"wp:attachment":[{"href":"http:\/\/blogdalucianaoliveira.com.br\/blog\/wp-json\/wp\/v2\/media?parent=23414"}],"wp:term":[{"taxonomy":"category","embeddable":true,"href":"http:\/\/blogdalucianaoliveira.com.br\/blog\/wp-json\/wp\/v2\/categories?post=23414"},{"taxonomy":"post_tag","embeddable":true,"href":"http:\/\/blogdalucianaoliveira.com.br\/blog\/wp-json\/wp\/v2\/tags?post=23414"}],"curies":[{"name":"wp","href":"https:\/\/api.w.org\/{rel}","templated":true}]}}