{"id":23420,"date":"2019-08-18T11:21:27","date_gmt":"2019-08-18T15:21:27","guid":{"rendered":"http:\/\/blogdalucianaoliveira.com.br\/blog\/?p=23420"},"modified":"2019-08-18T11:21:56","modified_gmt":"2019-08-18T15:21:56","slug":"governo-nao-pode-deturpar-o-que-estamos-fazendo-diz-presidente-da-anvisa-sobre-maconha-medicinal","status":"publish","type":"post","link":"http:\/\/blogdalucianaoliveira.com.br\/blog\/2019\/08\/18\/governo-nao-pode-deturpar-o-que-estamos-fazendo-diz-presidente-da-anvisa-sobre-maconha-medicinal\/","title":{"rendered":"Governo n\u00e3o pode deturpar o que estamos fazendo, diz presidente da Anvisa sobre maconha medicinal"},"content":{"rendered":"<p><img data-recalc-dims=\"1\" loading=\"lazy\" decoding=\"async\" data-attachment-id=\"23421\" data-permalink=\"http:\/\/blogdalucianaoliveira.com.br\/blog\/2019\/08\/18\/governo-nao-pode-deturpar-o-que-estamos-fazendo-diz-presidente-da-anvisa-sobre-maconha-medicinal\/an-3\/\" data-orig-file=\"https:\/\/i0.wp.com\/blogdalucianaoliveira.com.br\/blog\/wp-content\/uploads\/2019\/08\/an.jpg?fit=660%2C371\" data-orig-size=\"660,371\" data-comments-opened=\"0\" data-image-meta=\"{&quot;aperture&quot;:&quot;0&quot;,&quot;credit&quot;:&quot;&quot;,&quot;camera&quot;:&quot;&quot;,&quot;caption&quot;:&quot;&quot;,&quot;created_timestamp&quot;:&quot;0&quot;,&quot;copyright&quot;:&quot;&quot;,&quot;focal_length&quot;:&quot;0&quot;,&quot;iso&quot;:&quot;0&quot;,&quot;shutter_speed&quot;:&quot;0&quot;,&quot;title&quot;:&quot;&quot;,&quot;orientation&quot;:&quot;0&quot;}\" data-image-title=\"an[\" data-image-description=\"\" data-image-caption=\"\" data-medium-file=\"https:\/\/i0.wp.com\/blogdalucianaoliveira.com.br\/blog\/wp-content\/uploads\/2019\/08\/an.jpg?fit=300%2C169\" data-large-file=\"https:\/\/i0.wp.com\/blogdalucianaoliveira.com.br\/blog\/wp-content\/uploads\/2019\/08\/an.jpg?fit=600%2C337\" class=\"alignnone size-full wp-image-23421\" src=\"https:\/\/i0.wp.com\/blogdalucianaoliveira.com.br\/blog\/wp-content\/uploads\/2019\/08\/an.jpg?resize=600%2C337\" alt=\"an[\" width=\"600\" height=\"337\" srcset=\"https:\/\/i0.wp.com\/blogdalucianaoliveira.com.br\/blog\/wp-content\/uploads\/2019\/08\/an.jpg?w=660 660w, https:\/\/i0.wp.com\/blogdalucianaoliveira.com.br\/blog\/wp-content\/uploads\/2019\/08\/an.jpg?resize=300%2C169 300w, https:\/\/i0.wp.com\/blogdalucianaoliveira.com.br\/blog\/wp-content\/uploads\/2019\/08\/an.jpg?resize=534%2C300 534w\" sizes=\"auto, (max-width: 600px) 100vw, 600px\" \/><\/p>\n<div class=\"byline\"><\/div>\n<div class=\"with-extracted-share-icons\">\n<p class=\"story-body__introduction\">A proposta da Ag\u00eancia Nacional de Vigil\u00e2ncia Sanit\u00e1ria (<a class=\"story-body__link\" href=\"https:\/\/www.bbc.com\/portuguese\/topics\/c4794229-7f87-43ce-ac0a-6cfcd6d3cef2\">Anvisa<\/a>) de regulamentar o cultivo da cannabis para pesquisa e produ\u00e7\u00e3o de medicamentos colocou o \u00f3rg\u00e3o em conflito com alguns dos membros do alto escal\u00e3o do governo de Jair Bolsonaro (PSL) e entidades m\u00e9dicas do pa\u00eds.<\/p>\n<p><!--more--><\/p>\n<div class=\"byline\"><span class=\"byline__name\">Rafael Barifouse<\/span><\/div>\n<div class=\"byline\"><span class=\"byline__title\">Da BBC News Brasil em S\u00e3o Paulo<\/span><\/div>\n<div class=\"with-extracted-share-icons\"><\/div>\n<p>Os ataques mais duros vieram do ministro da Cidadania, Osmar Terra (MDB), que, em entrevista ao site Jota, acusou o diretor-presidente da Anvisa, William Dib, de ser &#8220;pr\u00f3-droga&#8221; e disse que, se as regras forem aprovadas, a Anvisa &#8220;pode at\u00e9 acabar&#8221;.<\/p>\n<p>No in\u00edcio do m\u00eas, Bolsonaro falou a jornalistas que cabe a Terra tratar do assunto. &#8220;Ele diz que isso abre as portas para o plantio de maconha em casa&#8221;, afirmou o presidente, um entendimento que a Anvisa diz n\u00e3o ser amparado pelas regras em debate, que preveem o plantio apenas por pessoas jur\u00eddicas.<\/p>\n<p>O ministro da Casa Civil, Onyx Lorenzoni, defendeu a mesma posi\u00e7\u00e3o, ao dizer \u00e0 Folha de S. Paulo ser contra a libera\u00e7\u00e3o por ver nela uma forma de legalizar o uso recreativo da maconha.<\/p>\n<p>O Conselho Federal de Medicina (CFM) e a Associa\u00e7\u00e3o Brasileira de Psiquiatria (ABM) tamb\u00e9m se manifestaram neste sentido, ao questionar a efic\u00e1cia de medicamentos \u00e0 base de cannabis e dizer que a regula\u00e7\u00e3o do plantio pode &#8220;causar forte impacto na sociedade em sua luta contra o narcotr\u00e1fico e suas consequ\u00eancias&#8221;.<\/p>\n<div id=\"comp-pattern-library\" class=\"distinct-component-group container-parrot wsoj-component\" data-variation=\"default-0\">\n<p>O presidente da Anvisa diz \u00e0 BBC News Brasil que &#8220;a sensa\u00e7\u00e3o que d\u00e1 \u00e9 que as pessoas n\u00e3o leram o projeto&#8221;. &#8220;Queremos discutir ci\u00eancia e medicamentos \u00e0 base de cannabis. Misturar isso com o efeito delet\u00e9rio das drogas \u00e9 misturar assuntos divergentes.&#8221;<\/p>\n<p>Quanto \u00e0 acusa\u00e7\u00e3o de ser a favor das drogas, Dib diz ser um equ\u00edvoco de Terra. &#8220;Nunca tinha ouvido esse tipo de coisa. Acho que ele me conhece muito pouco. Nunca dei nenhum tipo de declara\u00e7\u00e3o a favor das drogas.&#8221;<\/p>\n<p>O presidente da Anvisa afirma n\u00e3o haver problemas se Bolsonaro e seus ministros discordam da proposta e se manifestam contra, mas afirma que seu papel &#8220;n\u00e3o \u00e9 polemizar com o governo, muito menos com o ministro Osmar Terra&#8221;.<\/p>\n<p>&#8220;N\u00e3o vamos ficar atacando pessoas nem dizendo o que s\u00e3o ou deixam de ser por um projeto baseado em pesquisas cientificas&#8221;, diz Dib. &#8220;Cada um faz o que acha melhor, s\u00f3 n\u00e3o pode deturpar o que estamos fazendo.&#8221;<\/p>\n<h2 class=\"story-body__crosshead\">Apoio da &#8216;maioria esmagadora&#8217;<\/h2>\n<p>A Anvisa autoriza o uso terap\u00eautico de canabidiol (CBD), um dos principais componentes da maconha, desde janeiro de 2015.<\/p>\n<p>A subst\u00e2ncia era proibida, mas, \u00e0 medida que pesquisas demonstravam efeitos positivos para certas doen\u00e7as e pacientes recorriam \u00e0 Justi\u00e7a para que a ag\u00eancia permitisse o acesso a ela, a Anvisa passou a autorizar a importa\u00e7\u00e3o de produtos com canabidiol e que laborat\u00f3rios aprofundem estudos sobre o tema.<\/p>\n<p>Desde ent\u00e3o, mais de 78 mil unidades de produtos \u00e0 base da planta \u2013 \u00f3leos, c\u00e1psulas e outros \u2013 foram importados. Cada paciente precisa pedir a libera\u00e7\u00e3o para uso pr\u00f3prio \u00e0 Anvisa. Hoje, mais de 4,6 mil pessoas t\u00eam autoriza\u00e7\u00e3o.<\/p>\n<p>Atualmente, h\u00e1 no Brasil um medicamento \u00e0 base de cannabis registrado, o Mevatyl, composto por CBD e tetra-hidrocanabinol (THC), o princ\u00edpio psicoativo da maconha, e indicado para espasmos musculares em quem tem esclerose m\u00faltipla. Ele \u00e9 fabricado por uma empresa do Reino Unido.<\/p>\n<p>Mas o plantio da cannabis continua proibido no Brasil, mesmo para estes fins. A ag\u00eancia come\u00e7ou a estudar uma mudan\u00e7a h\u00e1 cinco anos e elaborou dois conjuntos de regras que est\u00e3o desde junho sob consulta p\u00fablica, que termina na pr\u00f3xima segunda-feira, 19 de agosto.<\/p>\n<p>As normas em discuss\u00e3o preveem que somente pessoas jur\u00eddicas receberiam autoriza\u00e7\u00e3o para o plantio e tamb\u00e9m estabelecem restri\u00e7\u00f5es e exig\u00eancias para cultivar, manipular, transportar, armazenar e distribuir a produ\u00e7\u00e3o, com controles de seguran\u00e7a em cada etapa do processo.<\/p>\n<p>A venda e a entrega das plantas poderiam ser feitas apenas para institutos de pesquisa e fabricantes de insumos farmac\u00eauticos e medicamentos. Tudo seria supervisionado pela Pol\u00edcia Federal, e o cidad\u00e3o comum n\u00e3o poderia ter p\u00e9s de maconha em casa.<\/p>\n<p>Em 31 de julho, foi feita uma audi\u00eancia p\u00fablica sobre o tema. Dib afirma que tamb\u00e9m est\u00e1 sendo realizada uma pesquisa para saber a posi\u00e7\u00e3o de \u00f3rg\u00e3os governamentais e n\u00e3o governamentais sobre o assunto.<\/p>\n<figure class=\"media-landscape has-caption full-width\"><span class=\"image-and-copyright-container\"><img data-recalc-dims=\"1\" loading=\"lazy\" decoding=\"async\" class=\"responsive-image__img js-image-replace\" src=\"https:\/\/i0.wp.com\/ichef.bbci.co.uk\/news\/624\/cpsprodpb\/ECE2\/production\/_108124606_gettyimages-1140327515.jpg?resize=600%2C338&#038;ssl=1\" alt=\"\u00d3leo produzido a partir de maconha\" width=\"600\" height=\"338\" data-highest-encountered-width=\"624\" \/><span class=\"off-screen\">Direito de imagem<\/span><span class=\"story-image-copyright\">GETTY IMAGES<\/span><\/span><figcaption class=\"media-caption\"><span class=\"off-screen\">Image caption<\/span><span class=\"media-caption__text\">Anvisa autoriza o uso terap\u00eautico de canabidiol, um dos principais componentes da maconha, desde janeiro de 2015<\/span><\/figcaption><\/figure>\n<p>O presidente da Anvisa diz a &#8220;maioria esmagadora&#8221; das contribui\u00e7\u00f5es at\u00e9 agora foi de apoio \u00e0 medida. &#8220;A sociedade aceitou o diagn\u00f3stico que est\u00e1 carente de acesso a produtos medicinais a base de cannabis. Tamb\u00e9m h\u00e1 uma ades\u00e3o forte porque elaboramos uma proposta consistente, com aprendizados de pa\u00edses como Canad\u00e1, Portugal, Israel e Estados Unidos, e que atende \u00e0s necessidades da academia, do mercado e da popula\u00e7\u00e3o&#8221;, afirma Dib.<\/p>\n<p>Uma vez encerrada a consulta p\u00fablica, em 19 de agosto, todas as sugest\u00f5es e modifica\u00e7\u00f5es no texto ser\u00e3o consolidadas em um texto final, que ser\u00e1 votado pelos diretores da ag\u00eancia. Se aprovada, a regulamenta\u00e7\u00e3o do cultivo controlado de cannabis para uso medicinal e cient\u00edfico entrar\u00e1 em vigor imediatamente.<\/p>\n<p>O natural \u00e9 que isso ocorra, porque a diretoria da Anvisa &#8220;est\u00e1 comprometida&#8221; com a regulamenta\u00e7\u00e3o do plantio da cannabis, segundo fontes ligadas \u00e0 ag\u00eancia, como indica a aprova\u00e7\u00e3o un\u00e2nime por sua diretoria das regras elaboradas pela \u00e1rea t\u00e9cnica para que fossem levadas \u00e0 consulta p\u00fablica.<\/p>\n<p>Uma rejei\u00e7\u00e3o ap\u00f3s cumprir todo este processo \u00e9, de acordo com essas fontes, algo que &#8220;nunca aconteceu&#8221; na hist\u00f3ria recente da ag\u00eancia, que \u00e9 ligada ao Minist\u00e9rio da Sa\u00fade e respons\u00e1vel por regular e fiscalizar empresas, produtos e servi\u00e7os de sa\u00fade no pa\u00eds. A Anvisa tem autonomia para tomar essa decis\u00e3o, mesmo diante da contrariedade do governo.<\/p>\n<p>No entanto, a Casa Civil disse por meio de sua assessoria de imprensa que &#8220;est\u00e1 totalmente descartada qualquer hip\u00f3tese de cultivo no Brasil&#8221;. &#8220;O governo defende a importa\u00e7\u00e3o de insumos para a fabrica\u00e7\u00e3o de medicamentos&#8221;, disse a pasta em nota.<\/p>\n<p>Por sua vez, o ministro da Sa\u00fade, Luiz Henrique Mandetta (DEM), afirmou \u00e0 Folha de S. Paulo n\u00e3o ver problemas na proposta da Anvisa &#8220;se for com base cient\u00edfica para uso cient\u00edfico&#8221;.<\/p>\n<h2 class=\"story-body__crosshead\">Bolsonaro indicar\u00e1 pr\u00f3ximos diretores da Anvisa<\/h2>\n<p>Bolsonaro disse que a Anvisa tem &#8220;superpoderes&#8221; e que ele &#8220;n\u00e3o tem poder de interferir&#8221; na ag\u00eancia, \u00e0 qual caberia a decis\u00e3o sobre o plantio da maconha para pesquisas e medicamentos. Mas a realidade \u00e9 um pouco diferente.<\/p>\n<p>As regras anteriores determinavam que os diretores da ag\u00eancia t\u00eam um mandato de tr\u00eas anos, prorrog\u00e1veis por mais tr\u00eas. A nova lei de ag\u00eancias altera isso para um mandato \u00fanico de cinco anos.<\/p>\n<p>Bolsonaro j\u00e1 nomeou um dos seus membros, o contra-almirante Antonio Barra, que \u00e9 m\u00e9dico, para o posto que estava vago na diretoria da ag\u00eancia. &#8220;Tenho a condi\u00e7\u00e3o de coloc\u00e1-lo imediatamente como presidente da Anvisa&#8221;, disse o presidente no in\u00edcio de agosto.<\/p>\n<p>Barra dar\u00e1 na delibera\u00e7\u00e3o final da Anvisa sobre o tema um dos cinco votos sobre o tema. A decis\u00e3o ser\u00e1 tomada por maioria simples.<\/p>\n<p>Os mandatos de outros tr\u00eas diretores atuais acabam em dezembro. Um deles est\u00e1 em seu segundo mandato e n\u00e3o poderia ser reconduzido ao posto. Bolsonaro indicar\u00e1 seu substituto.<\/p>\n<p>Outros dois est\u00e3o no primeiro mandato e, teoricamente, poderiam permanecer &#8211; este \u00e9 o caso de seu atual presidente -, mas, caso n\u00e3o tenham a chancela presidencial, ser\u00e3o trocados.<\/p>\n<p>A quarta vaga se abrir\u00e1 em mar\u00e7o do pr\u00f3ximo ano, quando o segundo mandato do atual ocupante do cargo se encerra. Assim, Bolsonaro poder\u00e1 formar uma diretoria da ag\u00eancia totalmente indicada por ele.<\/p>\n<h2 class=\"story-body__crosshead\">&#8216;A Anvisa precisa enfrentar a quest\u00e3o&#8217;<\/h2>\n<p>At\u00e9 l\u00e1, caso os diretores atuais aprovem as regras sobre maconha medicinal, Terra j\u00e1 disse que isso pode ser questionado na Justi\u00e7a e amea\u00e7ou fechar a ag\u00eancia. &#8220;A Anvisa est\u00e1 enfrentando o governo. N\u00e3o tem sentido&#8221;, disse.<\/p>\n<p>O ministro voltou a tratar do tema, em entrevista \u00e0 Folha de S. Paulo, quando suavizou a amea\u00e7a &#8211; &#8220;n\u00e3o tenho poder de acabar com nada&#8221; -, mas n\u00e3o amenizou a press\u00e3o e disse que o governo vai discutir com a ag\u00eancia para ela &#8220;acabar com essa proposta&#8221;.<\/p>\n<p>&#8220;A Anvisa tem que se preocupar em produzir e analisar medicamentos que fazem bem \u00e0 sa\u00fade da popula\u00e7\u00e3o e n\u00e3o que piorem. O que a Anvisa est\u00e1 fazendo \u00e9 o primeiro passo para legalizar a maconha no Brasil&#8221;, disse o ministro.<\/p>\n<p>Tamb\u00e9m questionou a compet\u00eancia da ag\u00eancia para tratar da quest\u00e3o. &#8220;Essa \u00e9 uma a\u00e7\u00e3o regulada pelo Congresso, e em alguns poucos lugares pelo Judici\u00e1rio. Nunca uma ag\u00eancia se disp\u00f4s a liberar a produ\u00e7\u00e3o de maconha. \u00c9 a primeira vez no mundo isso que a Anvisa est\u00e1 tentando fazer&#8221;, afirma.<\/p>\n<p>O presidente da Anvisa diz que a fala do ministro &#8220;n\u00e3o tem cabimento&#8221;. &#8220;Como hoje pacientes conseguem importar produtos \u00e0 base de cannabis se nenhuma ag\u00eancia do mundo permite? Da forma que falam, parece que \u00e9 uma jabuticaba brasileira, mas o que estamos fazendo j\u00e1 existe em v\u00e1rios pa\u00edses.&#8221;<\/p>\n<p>Ele afirma ainda que a Anvisa age amparada pela lei 11.343\/06, que prev\u00ea que a Uni\u00e3o pode autorizar o cultivo de plantas &#8220;para fins medicinais e cient\u00edficos, em local e prazo predeterminados, mediante fiscaliza\u00e7\u00e3o&#8221;, e pelo decreto 5.912\/06, que atribui a compet\u00eancia ao Minist\u00e9rio da Sa\u00fade, ao qual a ag\u00eancia \u00e9 vinculada.<\/p>\n<p>&#8220;Estamos cumprindo o papel que o Congresso nos delegou. A Anvisa precisa sair da mesmice e enfrentar a quest\u00e3o&#8221;, afirma Dib.<\/p>\n<h2 class=\"story-body__crosshead\">&#8216;Ministro age com motiva\u00e7\u00f5es ideol\u00f3gicas&#8217;, diz presidente da Anvisa<\/h2>\n<p>Terra defende como alternativa a produ\u00e7\u00e3o sint\u00e9tica do CBD para fabricar medicamentos sem THC. &#8220;Acharia \u00f3timo&#8221;, diz Dib, &#8220;e nossa proposta contempla os sint\u00e9ticos, que ter\u00e3o as mesmas facilidades, mas ainda n\u00e3o existe um produto assim considerado eficaz para todas as patologias.&#8221;<\/p>\n<figure class=\"media-landscape has-caption full-width\"><span class=\"image-and-copyright-container\"><img data-recalc-dims=\"1\" loading=\"lazy\" decoding=\"async\" class=\"responsive-image__img js-image-replace\" src=\"https:\/\/i0.wp.com\/ichef.bbci.co.uk\/news\/624\/cpsprodpb\/9EC2\/production\/_108124604_6bdddb47-6861-4b58-bd22-367ecbaaafe0.jpg?resize=600%2C338&#038;ssl=1\" alt=\"Osmar Terra fala em evento\" width=\"600\" height=\"338\" data-highest-encountered-width=\"624\" \/><span class=\"off-screen\">Direito de imagem<\/span><span class=\"story-image-copyright\">ABR<\/span><\/span><figcaption class=\"media-caption\"><span class=\"off-screen\">Image caption<\/span><span class=\"media-caption__text\">Osmar Terra, ministro da Cidadania, disse que a Anvisa pode ser extinta caso aprove plantio de maconha para fins cient\u00edficos e medicinais<\/span><\/figcaption><\/figure>\n<p>Dib afirma ainda que o ministro age baseado em &#8220;motiva\u00e7\u00f5es ideol\u00f3gicas e n\u00e3o cient\u00edficas&#8221;. O Minist\u00e9rio da Cidadania disse \u00e0 BBC News Brasil que n\u00e3o se manifestaria sobre o assunto.<\/p>\n<p>&#8220;Ele [Terra] disse que uma crian\u00e7a teria usado o rem\u00e9dio \u00e0 base de cannabis e teve alucina\u00e7\u00e3o. Isso n\u00e3o tem p\u00e9 nem cabe\u00e7a. Em 4 mil anos de literatura sobre isso, n\u00e3o existe registro de efeitos nocivos com uso oral de subst\u00e2ncias obtidas a partir da planta, que \u00e9 o que propomos&#8221;, afirma Dib.<\/p>\n<p>Entretanto, o CFM e a ABP s\u00e3o contra a regulamenta\u00e7\u00e3o por falta de evid\u00eancias cient\u00edficas &#8220;de que o uso da cannabis in natura e de seus derivados garantam efetividade e seguran\u00e7a para os pacientes&#8221;.<\/p>\n<p>&#8220;At\u00e9 o momento, somente o canabidiol, um dos derivados da\u00a0<i>Cannabis sativa L.<\/i>, por ter m\u00ednimos estudos em forma de pesquisa, tem autoriza\u00e7\u00e3o para uso compassivo sob prescri\u00e7\u00e3o m\u00e9dica no tratamento de epilepsias em crian\u00e7as e adolescentes refrat\u00e1rios aos m\u00e9todos convencionais. Isso est\u00e1 previsto na Resolu\u00e7\u00e3o CFM n\u00ba 2.113\/2014, que, por sua vez, pro\u00edbe aos m\u00e9dicos a prescri\u00e7\u00e3o da Cannabis in natura para uso medicinal, bem como de quaisquer outros derivados que n\u00e3o o canabidiol&#8221;, diz a nota das duas entidades.O presidente da Anvisa afirma que o comunicado s\u00e3o &#8220;manifesta\u00e7\u00f5es manipuladas&#8221;. &#8220;N\u00e3o digo nem equivocadas, que \u00e9 uma palavra bonitinha. O CFM e a ABP fazem parte do conjunto liderado pelo ministro Osmar Terra, que \u00e9 contra o uso medicinal da cannabis&#8221;, afirma. O CFM e a ABP n\u00e3o responderam ao pedido de entrevista da BBC News Brasil at\u00e9 a publica\u00e7\u00e3o desta reportagem.Dib aponta que a pr\u00f3pria classe m\u00e9dica pediu para usar estes medicamentos, o que levou a ag\u00eancia a ser processada para permitir sua importa\u00e7\u00e3o, e argumenta que, se o CFM &#8211; uma autarquia que fiscaliza e normatiza a pr\u00e1tica m\u00e9dica no pa\u00eds &#8211; \u00e9 contra a libera\u00e7\u00e3o do uso destes medicamentos, pode proibir m\u00e9dicos de os receitarem.<\/p>\n<p>&#8220;Nenhum laborat\u00f3rio vai produzir se a classe m\u00e9dica n\u00e3o prescrever. Se n\u00e3o houvesse press\u00e3o dos m\u00e9dicos, n\u00e3o estar\u00edamos regulando.&#8221;<\/p>\n<h2 class=\"story-body__crosshead\">&#8216;Desrespeito&#8217; e &#8216;irresponsabilidade&#8217;<\/h2>\n<p>O farmac\u00eautico Dirceu Barbano, que fez parte da diretoria da Anvisa por seis anos e foi seu presidente entre 2011 e 2014, diz que a postura do governo \u00e9 uma forma de exercer press\u00e3o sobre a ag\u00eancia e uma &#8220;manifesta\u00e7\u00e3o de desrespeito expl\u00edcita&#8221;.<\/p>\n<p>&#8220;Dizer que a Anvisa pode acabar \u00e9 uma amea\u00e7a descabida. \u00c9 uma tentativa de colocar uma espada no pesco\u00e7o dos seus funcion\u00e1rios ao falar que se decidirem de tal forma eles podem ficar desempregados na semana seguinte. Isso \u00e9 muito perigoso. Ag\u00eancias reguladoras n\u00e3o foram criadas para ficar de plant\u00e3o para atender as necessidades ou vontades pol\u00edticas de um governo&#8221;, afirma.<\/p>\n<p>Barbano considera as declara\u00e7\u00f5es do ministro Osmar Terra uma &#8220;irresponsabilidade&#8221; e diz que h\u00e1 evid\u00eancias cada vez mais &#8220;robustas&#8221; de que os produtos feitos a partir da cannabis s\u00e3o seguros e \u00fateis no tratamento de determinadas doen\u00e7as.<\/p>\n<p>&#8220;O ministro \u00e9 m\u00e9dico e sabe muito bem que existem elementos concretos do uso terap\u00eautico dessa planta. Vamos ficar com medo de cultivar no Brasil por achar que n\u00e3o conseguimos controlar essa produ\u00e7\u00e3o? Visitei empresas no Canad\u00e1 que mostram que \u00e9 poss\u00edvel fazer isso cumprindo requisitos de seguran\u00e7a&#8221;, diz ele.<\/p>\n<p>O farmac\u00eautico afirma ainda que, se estudos com medicamentos feitos com canabidiol sint\u00e9tico demonstrarem que eles s\u00e3o t\u00e3o seguros e eficazes quanto os feitos com insumos naturais, a ind\u00fastria farmac\u00eautica pode adotar esse m\u00e9todo de produ\u00e7\u00e3o.<\/p>\n<p>Mas defende que, enquanto isso, o cultivo da cannabis para a fabrica\u00e7\u00e3o a partir da planta n\u00e3o deve ser proibido e cita como exemplo a morfina, um potente medicamento analg\u00e9sico descoberto no in\u00edcio do s\u00e9culo 19 a partir da papoula, a mesma planta que levou \u00e0 cria\u00e7\u00e3o de drogas como \u00f3pio e hero\u00edna.<\/p>\n<p>&#8220;Se algu\u00e9m pensasse desta forma no passado, talvez pacientes com c\u00e2ncer n\u00e3o teriam hoje a morfina. O ministro mistura algo que faz parte da sua hist\u00f3ria pol\u00edtica &#8211; ele sempre militou no combate \u00e0s drogas e assist\u00eancia a usu\u00e1rios, o que \u00e9 \u00f3timo -, mas n\u00e3o acho prudente usar o respeito que conquistou nesta \u00e1rea para fazer afirma\u00e7\u00f5es que servem aos seus prop\u00f3sitos pol\u00edticos.&#8221;<span class=\"image-and-copyright-container\"><img data-recalc-dims=\"1\" loading=\"lazy\" decoding=\"async\" class=\"responsive-image__img js-image-replace\" src=\"https:\/\/i0.wp.com\/ichef.bbci.co.uk\/news\/624\/cpsprodpb\/B2C9\/production\/_104696754_line976.jpg?resize=464%2C2&#038;ssl=1\" alt=\"L\u00ednea.\" width=\"464\" height=\"2\" data-highest-encountered-width=\"624\" \/><\/span><\/p>\n<\/div>\n<\/div>\n","protected":false},"excerpt":{"rendered":"<p>A proposta da Ag\u00eancia Nacional de Vigil\u00e2ncia Sanit\u00e1ria (Anvisa) de regulamentar o cultivo da cannabis para pesquisa e produ\u00e7\u00e3o de medicamentos colocou o \u00f3rg\u00e3o em conflito com alguns dos membros do alto escal\u00e3o do governo de Jair Bolsonaro (PSL) e entidades m\u00e9dicas do pa\u00eds.<\/p>\n","protected":false},"author":1,"featured_media":0,"comment_status":"closed","ping_status":"open","sticky":false,"template":"","format":"standard","meta":{"_exactmetrics_skip_tracking":false,"_exactmetrics_sitenote_active":false,"_exactmetrics_sitenote_note":"","_exactmetrics_sitenote_category":0,"jetpack_post_was_ever_published":false,"_jetpack_newsletter_access":"","_jetpack_dont_email_post_to_subs":false,"_jetpack_newsletter_tier_id":0,"_jetpack_memberships_contains_paywalled_content":false,"_jetpack_memberships_contains_paid_content":false,"footnotes":"","jetpack_publicize_message":"","jetpack_publicize_feature_enabled":true,"jetpack_social_post_already_shared":true,"jetpack_social_options":{"image_generator_settings":{"template":"highway","enabled":false},"version":2}},"categories":[1],"tags":[],"class_list":["post-23420","post","type-post","status-publish","format-standard","hentry","category-notas"],"jetpack_publicize_connections":[],"jetpack_sharing_enabled":true,"jetpack_featured_media_url":"","jetpack_shortlink":"https:\/\/wp.me\/p7wKYW-65K","jetpack-related-posts":[],"_links":{"self":[{"href":"http:\/\/blogdalucianaoliveira.com.br\/blog\/wp-json\/wp\/v2\/posts\/23420","targetHints":{"allow":["GET"]}}],"collection":[{"href":"http:\/\/blogdalucianaoliveira.com.br\/blog\/wp-json\/wp\/v2\/posts"}],"about":[{"href":"http:\/\/blogdalucianaoliveira.com.br\/blog\/wp-json\/wp\/v2\/types\/post"}],"author":[{"embeddable":true,"href":"http:\/\/blogdalucianaoliveira.com.br\/blog\/wp-json\/wp\/v2\/users\/1"}],"replies":[{"embeddable":true,"href":"http:\/\/blogdalucianaoliveira.com.br\/blog\/wp-json\/wp\/v2\/comments?post=23420"}],"version-history":[{"count":2,"href":"http:\/\/blogdalucianaoliveira.com.br\/blog\/wp-json\/wp\/v2\/posts\/23420\/revisions"}],"predecessor-version":[{"id":23423,"href":"http:\/\/blogdalucianaoliveira.com.br\/blog\/wp-json\/wp\/v2\/posts\/23420\/revisions\/23423"}],"wp:attachment":[{"href":"http:\/\/blogdalucianaoliveira.com.br\/blog\/wp-json\/wp\/v2\/media?parent=23420"}],"wp:term":[{"taxonomy":"category","embeddable":true,"href":"http:\/\/blogdalucianaoliveira.com.br\/blog\/wp-json\/wp\/v2\/categories?post=23420"},{"taxonomy":"post_tag","embeddable":true,"href":"http:\/\/blogdalucianaoliveira.com.br\/blog\/wp-json\/wp\/v2\/tags?post=23420"}],"curies":[{"name":"wp","href":"https:\/\/api.w.org\/{rel}","templated":true}]}}