{"id":23424,"date":"2019-08-18T11:43:12","date_gmt":"2019-08-18T15:43:12","guid":{"rendered":"http:\/\/blogdalucianaoliveira.com.br\/blog\/?p=23424"},"modified":"2019-08-18T11:43:12","modified_gmt":"2019-08-18T15:43:12","slug":"guedes-se-formou-em-chicago-com-bolsa-que-governo-esta-cortando","status":"publish","type":"post","link":"http:\/\/blogdalucianaoliveira.com.br\/blog\/2019\/08\/18\/guedes-se-formou-em-chicago-com-bolsa-que-governo-esta-cortando\/","title":{"rendered":"Guedes se formou em Chicago com bolsa que governo est\u00e1 cortando"},"content":{"rendered":"<p><img data-recalc-dims=\"1\" loading=\"lazy\" decoding=\"async\" data-attachment-id=\"23425\" data-permalink=\"http:\/\/blogdalucianaoliveira.com.br\/blog\/2019\/08\/18\/guedes-se-formou-em-chicago-com-bolsa-que-governo-esta-cortando\/gue-3\/\" data-orig-file=\"https:\/\/i0.wp.com\/blogdalucianaoliveira.com.br\/blog\/wp-content\/uploads\/2019\/08\/gue.jpg?fit=275%2C183\" data-orig-size=\"275,183\" data-comments-opened=\"0\" data-image-meta=\"{&quot;aperture&quot;:&quot;0&quot;,&quot;credit&quot;:&quot;&quot;,&quot;camera&quot;:&quot;&quot;,&quot;caption&quot;:&quot;&quot;,&quot;created_timestamp&quot;:&quot;0&quot;,&quot;copyright&quot;:&quot;&quot;,&quot;focal_length&quot;:&quot;0&quot;,&quot;iso&quot;:&quot;0&quot;,&quot;shutter_speed&quot;:&quot;0&quot;,&quot;title&quot;:&quot;&quot;,&quot;orientation&quot;:&quot;0&quot;}\" data-image-title=\"gue\" data-image-description=\"\" data-image-caption=\"\" data-medium-file=\"https:\/\/i0.wp.com\/blogdalucianaoliveira.com.br\/blog\/wp-content\/uploads\/2019\/08\/gue.jpg?fit=275%2C183\" data-large-file=\"https:\/\/i0.wp.com\/blogdalucianaoliveira.com.br\/blog\/wp-content\/uploads\/2019\/08\/gue.jpg?fit=275%2C183\" src=\"https:\/\/i0.wp.com\/blogdalucianaoliveira.com.br\/blog\/wp-content\/uploads\/2019\/08\/gue.jpg?resize=275%2C183\" alt=\"gue\" width=\"275\" height=\"183\" class=\"alignnone size-full wp-image-23425\" \/><br \/>\nMinistro da Economia Paulo Guedes. Foto: Valter Campanato\/Ag\u00eancia Brasil<\/p>\n<p>Turma da pepita e do cascalho inviabilizar\u00e3o n\u00e3o s\u00f3 a universidade, mas os neg\u00f3cios<!--more--><\/p>\n<p>Na Folha<br \/>\nAngela Alonso<\/p>\n<p>O presidente fala para chocar e distrair. Jair repete Fernando (Collor), com motos, jet-skis e escatologias. <\/p>\n<p>Para muitos, essa vitrine obscurantista acha contraponto no fundo liberal da loja. A despeito das presidenciadas cotidianas, l\u00e1 est\u00e3o Paulo, Tarc\u00edsio e Tereza Cristina a embalar a esperan\u00e7a do mercado na melhora do ambiente de neg\u00f3cios. Seriam o ouro escondido em meio ao cascalho. Cascalhada precificada.<\/p>\n<p>Como sabe Bolsonaro, que j\u00e1 garimpou, peneira-se muito para achar pepita. A jazida da pujan\u00e7a deveria luzir aos cem dias de governo, mas imp\u00f4s reentr\u00e2ncias pol\u00edticas e jur\u00eddicas incontorn\u00e1veis mesmo para o g\u00eanio de Chicago. Guedes pede paci\u00eancia, mas n\u00e3o pede \u00e1gua. \u00c9 movido pela cren\u00e7a no triunfo da vontade \u2014a sua.<\/p>\n<p>Acontece que o brilho da pepita e a opacidade do cascalho se amalgamam no mesmo riacho. N\u00e3o s\u00e3o as cabe\u00e7as de Janus, uma olhando o passado e a outra, o futuro. S\u00e3o serpentes da mesma Medusa, como mostra a t\u00f3pica das universidades p\u00fablicas.<\/p>\n<p>A turma do cascalho ataca ci\u00eancia, pesquisa, liberdade de pensamento. Na ret\u00f3rica obscurantista, cren\u00e7a vale mais que argumento, f\u00e9 mais que demonstra\u00e7\u00e3o. Seu dogma \u00e9 o da verdade revelada. Como pensam assim, sup\u00f5em que os demais tamb\u00e9m assim pensem. <\/p>\n<p>Da\u00ed julgarem a universidade um celeiro de esquerdistas que passariam, como os bolsonaristas, o dia todo produzindo fake news e incitando estudantes a repeti-las.<\/p>\n<p>Creem nisso porque, decerto, nunca usufru\u00edram do ambiente intelectual de uma universidade. Nesta institui\u00e7\u00e3o convivem diferentes credos, valores e op\u00e7\u00f5es pol\u00edticas. A converg\u00eancia est\u00e1 no engajamento na produ\u00e7\u00e3o e transmiss\u00e3o intergeracional de conhecimento.<\/p>\n<p>A universidade \u00e9 o contr\u00e1rio de tudo o que diz a turma do cascalho. \u00c9 espa\u00e7o de pluralidade de disciplinas, teorias, argumentos e m\u00e9todos. N\u00e3o se rege por ideologia unificadora, mas por ethos comum, a ades\u00e3o aos pilares da produ\u00e7\u00e3o do conhecimento cient\u00edfico: o racioc\u00ednio l\u00f3gico, o rigor dos m\u00e9todos, a apresenta\u00e7\u00e3o de provas e a legitima\u00e7\u00e3o intersubjetiva dos resultados.<\/p>\n<p>Tudo isso d\u00e1 trabalho e leva tempo. Pesquisadores est\u00e3o em processo de atualiza\u00e7\u00e3o permanente, nunca param de estudar. E est\u00e3o sob constante avalia\u00e7\u00e3o. <\/p>\n<p>Cada artigo submetido a um peri\u00f3dico, cada projeto de pesquisa enviado a uma ag\u00eancia de fomento, cada passo na carreira universit\u00e1ria, tudo est\u00e1 sob escrut\u00ednio. Ningu\u00e9m de fora precisa faz\u00ea-lo, a comunidade acad\u00eamica controla-se a si mesma. \u00c9 assim aqui e em todos os sistemas universit\u00e1rios de respeito do mundo.<\/p>\n<p>A turma da pepita o sabe. Reconhece a racionalidade econ\u00f4mica, brandindo planilhas e gr\u00e1ficos. Ampara-se na ci\u00eancia e se beneficia do investimento p\u00fablico nela. De 1974 a 1978, Guedes estudou na car\u00edssima Universidade de Chicago com a mesma bolsa do CNPq que o governo agora nega a novos pesquisadores. Sua turma acha que ascendeu por m\u00e9rito, sem reconhecer a catapulta dos incentivos estatais \u00e0 educa\u00e7\u00e3o e \u00e0 pesquisa.<\/p>\n<p>Por isso n\u00e3o mexe uma palha pela ci\u00eancia. Delegou o assunto \u00e0 turma do cascalho, com seu ataque, este sim ideol\u00f3gico, \u00e0 autonomia universit\u00e1ria.<\/p>\n<p>Nenhuma das turmas est\u00e1 nem a\u00ed para a universidade p\u00fablica. Compartilham o diagn\u00f3stico nunca fundamentado de que ensino superior p\u00fablico n\u00e3o funciona. E direcionam recursos e filhos para institui\u00e7\u00f5es privadas. <\/p>\n<p>Magnatas brasileiros doam para universidades americanas, caso de Jorge Paulo Lemann, em vez de investir nas nacionais. Boa parte de nossa elite social retirou apoio \u00e0 ideia da universidade p\u00fablica acess\u00edvel pelo m\u00e9rito, independentemente de renda, cor ou credo.<\/p>\n<p>Pepitas e cascalhos convergem numa opera\u00e7\u00e3o de asfixia. Um lado amorda\u00e7a, com desrespeito \u00e0 lista tr\u00edplice para reitor e persegui\u00e7\u00e3o funcional e legal a dirigentes ou ex-dirigentes de universidades e institutos de pesquisa. O outro sangra, secando os cofres. <\/p>\n<p>O corte de verbas para custeio, pesquisa e bolsas por\u00e1 a perder esfor\u00e7os cumulativos dos governos FHC, Lula e Dilma na consolida\u00e7\u00e3o, democratiza\u00e7\u00e3o e internacionaliza\u00e7\u00e3o da ci\u00eancia brasileira. Em pa\u00eds s\u00e9rio, educa\u00e7\u00e3o e ci\u00eancia s\u00e3o prioridades do Estado. Mesmo na p\u00e1tria do liberalismo, os Estados Unidos, as universidades n\u00e3o sobrevivem sem a m\u00e3ozinha p\u00fablica. Aqui, o governo nos passa o p\u00e9.<\/p>\n<p>A turma da pepita est\u00e1 pagando caro a turma do cascalho, que inviabilizar\u00e1 n\u00e3o s\u00f3 a universidade, mas os neg\u00f3cios, com sua verve antiambientalista e anti-humanista. <\/p>\n<p>A crer no presidente, no fundo n\u00e3o h\u00e1 um po\u00e7o, mas uma fossa sanit\u00e1ria. Quem nela busca pepitas acabar\u00e1 com a peneira cheia de ouro de tolo.<\/p>\n<p>Angela Alonso<br \/>\nProfessora de sociologia da USP e pesquisadora s\u00eanior do Centro Brasileiro de An\u00e1lise e Planejamento.<\/p>\n","protected":false},"excerpt":{"rendered":"<p>Ministro da Economia Paulo Guedes. Foto: Valter Campanato\/Ag\u00eancia Brasil Turma da pepita e do cascalho inviabilizar\u00e3o n\u00e3o s\u00f3 a universidade, mas os neg\u00f3cios<\/p>\n","protected":false},"author":1,"featured_media":0,"comment_status":"closed","ping_status":"open","sticky":false,"template":"","format":"standard","meta":{"_exactmetrics_skip_tracking":false,"_exactmetrics_sitenote_active":false,"_exactmetrics_sitenote_note":"","_exactmetrics_sitenote_category":0,"jetpack_post_was_ever_published":false,"_jetpack_newsletter_access":"","_jetpack_dont_email_post_to_subs":false,"_jetpack_newsletter_tier_id":0,"_jetpack_memberships_contains_paywalled_content":false,"_jetpack_memberships_contains_paid_content":false,"footnotes":"","jetpack_publicize_message":"","jetpack_publicize_feature_enabled":true,"jetpack_social_post_already_shared":true,"jetpack_social_options":{"image_generator_settings":{"template":"highway","enabled":false},"version":2}},"categories":[1],"tags":[],"class_list":["post-23424","post","type-post","status-publish","format-standard","hentry","category-notas"],"jetpack_publicize_connections":[],"jetpack_sharing_enabled":true,"jetpack_featured_media_url":"","jetpack_shortlink":"https:\/\/wp.me\/p7wKYW-65O","jetpack-related-posts":[],"_links":{"self":[{"href":"http:\/\/blogdalucianaoliveira.com.br\/blog\/wp-json\/wp\/v2\/posts\/23424","targetHints":{"allow":["GET"]}}],"collection":[{"href":"http:\/\/blogdalucianaoliveira.com.br\/blog\/wp-json\/wp\/v2\/posts"}],"about":[{"href":"http:\/\/blogdalucianaoliveira.com.br\/blog\/wp-json\/wp\/v2\/types\/post"}],"author":[{"embeddable":true,"href":"http:\/\/blogdalucianaoliveira.com.br\/blog\/wp-json\/wp\/v2\/users\/1"}],"replies":[{"embeddable":true,"href":"http:\/\/blogdalucianaoliveira.com.br\/blog\/wp-json\/wp\/v2\/comments?post=23424"}],"version-history":[{"count":1,"href":"http:\/\/blogdalucianaoliveira.com.br\/blog\/wp-json\/wp\/v2\/posts\/23424\/revisions"}],"predecessor-version":[{"id":23426,"href":"http:\/\/blogdalucianaoliveira.com.br\/blog\/wp-json\/wp\/v2\/posts\/23424\/revisions\/23426"}],"wp:attachment":[{"href":"http:\/\/blogdalucianaoliveira.com.br\/blog\/wp-json\/wp\/v2\/media?parent=23424"}],"wp:term":[{"taxonomy":"category","embeddable":true,"href":"http:\/\/blogdalucianaoliveira.com.br\/blog\/wp-json\/wp\/v2\/categories?post=23424"},{"taxonomy":"post_tag","embeddable":true,"href":"http:\/\/blogdalucianaoliveira.com.br\/blog\/wp-json\/wp\/v2\/tags?post=23424"}],"curies":[{"name":"wp","href":"https:\/\/api.w.org\/{rel}","templated":true}]}}