{"id":23439,"date":"2019-08-19T09:02:14","date_gmt":"2019-08-19T13:02:14","guid":{"rendered":"http:\/\/blogdalucianaoliveira.com.br\/blog\/?p=23439"},"modified":"2019-08-19T09:02:14","modified_gmt":"2019-08-19T13:02:14","slug":"escassez-de-chuva-e-incendios-levam-governo-do-acre-a-decretar-estado-de-alerta-ambiental","status":"publish","type":"post","link":"http:\/\/blogdalucianaoliveira.com.br\/blog\/2019\/08\/19\/escassez-de-chuva-e-incendios-levam-governo-do-acre-a-decretar-estado-de-alerta-ambiental\/","title":{"rendered":"Escassez de chuva e inc\u00eandios levam governo do Acre a decretar estado de alerta ambiental"},"content":{"rendered":"<p>&nbsp;<\/p>\n<div>\n<figure><img data-recalc-dims=\"1\" loading=\"lazy\" decoding=\"async\" src=\"https:\/\/i0.wp.com\/painel.portalamazonia.com\/uploads\/RTEmagicC_acre_seca_fumaca_1.jpg.jpg?resize=600%2C400\" width=\"600\" height=\"400\" \/><figcaption>Foto:Pedro Devani\/Secom AC<\/figcaption><\/figure>\n<\/div>\n<p>Este ano, segundo o governo, o Acre j\u00e1 registrou 1.257 focos de inc\u00eandio e est\u00e1 em quinto lugar, entre os estados da Amaz\u00f4nia que mais registraram queimadas<!--more--><\/p>\n<p id=\"autor-info\">Portal Amaz\u00f4nia, com informa\u00e7\u00f5es da Radioag\u00eancia Nacional<\/p>\n<p>Preocupado com o risco de desastres em decorr\u00eancias de inc\u00eandios florestais, de desabastecimento de \u00e1gua e de aumento da emiss\u00e3o de fuma\u00e7a, o Governo do Acre declarou estado de alerta ambiental.<\/p>\n<p>O decreto levou em conta a escassez de chuvas desde o primeiro semestre, e que deve permanecer por mais tr\u00eas meses, com severa diminui\u00e7\u00e3o do n\u00edvel dos rios e da Umidade Relativa do Ar.<\/p>\n<p>Com a medida, ser\u00e1 criada uma sala de Situa\u00e7\u00e3o de Alerta Ambiental coordenada pela Defesa Civil e com o apoio da Secretaria de Estado de Meio Ambiente e do Corpo de Bombeiros Militar do Acre.<\/p>\n<p>A equipe dever\u00e1 adotar medidas como diagnosticar a situa\u00e7\u00e3o das queimadas e ocorr\u00eancia de chuvas nos munic\u00edpios, mobilizar militares para o combate e controle de queimadas e desenvolver a\u00e7\u00f5es de orienta\u00e7\u00e3o e educa\u00e7\u00e3o ambiental para sensibilizar a popula\u00e7\u00e3o sobre o uso indevido do fogo, que \u00e9 crime ambiental.<\/p>\n<p>Este ano, o Acre j\u00e1 registrou 1.257 focos de inc\u00eandio e est\u00e1 em quinto lugar, entre os estados da Amaz\u00f4nia que mais registraram queimadas, segundo o governo estadual.<\/p>\n","protected":false},"excerpt":{"rendered":"<p>&nbsp; Foto:Pedro Devani\/Secom AC Este ano, segundo o governo, o Acre j\u00e1 registrou 1.257 focos de inc\u00eandio e est\u00e1 em quinto lugar, entre os estados da Amaz\u00f4nia que mais registraram queimadas<\/p>\n","protected":false},"author":1,"featured_media":0,"comment_status":"closed","ping_status":"open","sticky":false,"template":"","format":"standard","meta":{"_exactmetrics_skip_tracking":false,"_exactmetrics_sitenote_active":false,"_exactmetrics_sitenote_note":"","_exactmetrics_sitenote_category":0,"jetpack_post_was_ever_published":false,"_jetpack_newsletter_access":"","_jetpack_dont_email_post_to_subs":false,"_jetpack_newsletter_tier_id":0,"_jetpack_memberships_contains_paywalled_content":false,"_jetpack_memberships_contains_paid_content":false,"footnotes":"","jetpack_publicize_message":"","jetpack_publicize_feature_enabled":true,"jetpack_social_post_already_shared":true,"jetpack_social_options":{"image_generator_settings":{"template":"highway","enabled":false},"version":2}},"categories":[1],"tags":[],"class_list":["post-23439","post","type-post","status-publish","format-standard","hentry","category-notas"],"jetpack_publicize_connections":[],"jetpack_sharing_enabled":true,"jetpack_featured_media_url":"","jetpack_shortlink":"https:\/\/wp.me\/p7wKYW-663","jetpack-related-posts":[],"_links":{"self":[{"href":"http:\/\/blogdalucianaoliveira.com.br\/blog\/wp-json\/wp\/v2\/posts\/23439","targetHints":{"allow":["GET"]}}],"collection":[{"href":"http:\/\/blogdalucianaoliveira.com.br\/blog\/wp-json\/wp\/v2\/posts"}],"about":[{"href":"http:\/\/blogdalucianaoliveira.com.br\/blog\/wp-json\/wp\/v2\/types\/post"}],"author":[{"embeddable":true,"href":"http:\/\/blogdalucianaoliveira.com.br\/blog\/wp-json\/wp\/v2\/users\/1"}],"replies":[{"embeddable":true,"href":"http:\/\/blogdalucianaoliveira.com.br\/blog\/wp-json\/wp\/v2\/comments?post=23439"}],"version-history":[{"count":1,"href":"http:\/\/blogdalucianaoliveira.com.br\/blog\/wp-json\/wp\/v2\/posts\/23439\/revisions"}],"predecessor-version":[{"id":23440,"href":"http:\/\/blogdalucianaoliveira.com.br\/blog\/wp-json\/wp\/v2\/posts\/23439\/revisions\/23440"}],"wp:attachment":[{"href":"http:\/\/blogdalucianaoliveira.com.br\/blog\/wp-json\/wp\/v2\/media?parent=23439"}],"wp:term":[{"taxonomy":"category","embeddable":true,"href":"http:\/\/blogdalucianaoliveira.com.br\/blog\/wp-json\/wp\/v2\/categories?post=23439"},{"taxonomy":"post_tag","embeddable":true,"href":"http:\/\/blogdalucianaoliveira.com.br\/blog\/wp-json\/wp\/v2\/tags?post=23439"}],"curies":[{"name":"wp","href":"https:\/\/api.w.org\/{rel}","templated":true}]}}