{"id":23445,"date":"2019-08-19T09:24:26","date_gmt":"2019-08-19T13:24:26","guid":{"rendered":"http:\/\/blogdalucianaoliveira.com.br\/blog\/?p=23445"},"modified":"2019-08-19T09:24:26","modified_gmt":"2019-08-19T13:24:26","slug":"midia-alema-ja-cobra-sancoes-contra-o-brasil-pelo-estimulo-de-bolsonaro-ao-desmatamento","status":"publish","type":"post","link":"http:\/\/blogdalucianaoliveira.com.br\/blog\/2019\/08\/19\/midia-alema-ja-cobra-sancoes-contra-o-brasil-pelo-estimulo-de-bolsonaro-ao-desmatamento\/","title":{"rendered":"M\u00eddia alem\u00e3 j\u00e1 cobra san\u00e7\u00f5es contra o Brasil pelo est\u00edmulo de Bolsonaro ao desmatamento"},"content":{"rendered":"<h2 class=\"article__headline marginBottom30\"><time class=\"articleMetadata__info\" datetime=\"2019-08-19T05:09:53-03:00\"><\/time><picture><source srcset=\"https:\/\/publisher-publish.s3.eu-central-1.amazonaws.com\/pb-brasil247\/swp\/jtjeq9\/media\/20190815150840_b9164085-7607-4819-963c-4a5234a2c887.webp\" type=\"image\/webp\" media=\"(max-width: 680px)\" \/><source srcset=\"https:\/\/publisher-publish.s3.eu-central-1.amazonaws.com\/pb-brasil247\/swp\/jtjeq9\/media\/20190815150840_b9164085-7607-4819-963c-4a5234a2c887.jpeg\" type=\"image\/jpeg\" media=\"(max-width: 680px)\" \/><source srcset=\"https:\/\/publisher-publish.s3.eu-central-1.amazonaws.com\/pb-brasil247\/swp\/jtjeq9\/media\/20190815150840_738ee10b-5bcd-4d02-ad7b-73b6d91b99ef.webp\" type=\"image\/webp\" media=\"(min-width: 681px)\" \/><source srcset=\"https:\/\/publisher-publish.s3.eu-central-1.amazonaws.com\/pb-brasil247\/swp\/jtjeq9\/media\/20190815150840_738ee10b-5bcd-4d02-ad7b-73b6d91b99ef.jpeg\" type=\"image\/jpeg\" media=\"(min-width: 681px)\" \/><img data-recalc-dims=\"1\" decoding=\"async\" title=\" \" src=\"https:\/\/i0.wp.com\/publisher-publish.s3.eu-central-1.amazonaws.com\/pb-brasil247\/swp\/jtjeq9\/media\/20190815150840_738ee10b-5bcd-4d02-ad7b-73b6d91b99ef.jpeg?w=600&#038;ssl=1\" alt=\"\" \/><\/picture><\/h2>\n<div class=\"article__text marginTop30\">\n<div class=\"ad-first-text\"><\/div>\n<p><b>247 \u2013<\/b>\u00a0&#8220;Dois dos principais ve\u00edculos alem\u00e3es, a revista\u00a0<a href=\"https:\/\/www.spiegel.de\/plus\/jair-bolsonaro-es-ist-zeit-fuer-sanktionen-gegen-brasilien-kommentar-a-00000000-0002-0001-0000-000165454487\">Der Spiegel<\/a>\u00a0e o jornal semanal\u00a0<a href=\"https:\/\/www.zeit.de\/wirtschaft\/2019-08\/brasilien-regenwald-abholzung-amazonas-umwelt-bundesregierung\">Die Zeit<\/a>, publicam que \u201c\u00c9 hora de san\u00e7\u00f5es contra o Brasil\u201d, no t\u00edtulo da primeira&#8221;, informa o jornalista Nelson de S\u00e1, em sua\u00a0<a href=\"https:\/\/www1.folha.uol.com.br\/colunas\/nelsondesa\/2019\/08\/e-hora-de-sancoes-contra-o-brasil-cobram-alemaes.shtml\">coluna<\/a>, na Folha de S. Paulo.<!--more--><\/p>\n<p>\u201cA Europa n\u00e3o deve ficar de bra\u00e7os cruzados enquanto um preconceituoso c\u00e9tico da ci\u00eancia, movido pelo \u00f3dio, sacrifica vastas \u00e1reas de floresta para pecuaristas e planta\u00e7\u00f5es de soja\u201d, diz a revista.<\/p>\n<div class=\"contentAd contentAd--noBackground marginBottom30\">\u00a0Num artigo sob o t\u00edtulo \u201cComece onde d\u00f3i\u201d, o jornal Die Zeit se pergunta: \u201cQue diferen\u00e7a faz cortar o dinheiro para conservar florestas de um governo que n\u00e3o tem mesmo qualquer interesse em conservar florestas?\u201d.<\/div>\n<p>E responde que \u201cseria mais promissor come\u00e7ar num ponto que fere mais: os interesses econ\u00f4micos de seus exportadores, por exemplo, os fazendeiros que vendem carne e soja em larga escala para metade do mundo\u201d.<\/p>\n<p>Recentemente, Bolsonaro insultou a chanceler alem\u00e3 Angela Merkel e disse que o Brasil n\u00e3o precisa do dinheiro que os alem\u00e3es destinam a fundo perdido para a conserva\u00e7\u00e3o da Amaz\u00f4nia.<\/p>\n<div class=\"teads-inread sm-screen teads-display-format\">\n<div class=\"teads-ui-components-adchoices\"><\/div>\n<div id=\"teads0\" class=\"teads-player\"><\/div>\n<\/div>\n<\/div>\n<p>&nbsp;<\/p>\n","protected":false},"excerpt":{"rendered":"<p>247 \u2013\u00a0&#8220;Dois dos principais ve\u00edculos alem\u00e3es, a revista\u00a0Der Spiegel\u00a0e o jornal semanal\u00a0Die Zeit, publicam que \u201c\u00c9 hora de san\u00e7\u00f5es contra o Brasil\u201d, no t\u00edtulo da primeira&#8221;, informa o jornalista Nelson de S\u00e1, em sua\u00a0coluna, na Folha de S. Paulo.<\/p>\n","protected":false},"author":1,"featured_media":0,"comment_status":"closed","ping_status":"open","sticky":false,"template":"","format":"standard","meta":{"_exactmetrics_skip_tracking":false,"_exactmetrics_sitenote_active":false,"_exactmetrics_sitenote_note":"","_exactmetrics_sitenote_category":0,"jetpack_post_was_ever_published":false,"_jetpack_newsletter_access":"","_jetpack_dont_email_post_to_subs":false,"_jetpack_newsletter_tier_id":0,"_jetpack_memberships_contains_paywalled_content":false,"_jetpack_memberships_contains_paid_content":false,"footnotes":"","jetpack_publicize_message":"","jetpack_publicize_feature_enabled":true,"jetpack_social_post_already_shared":true,"jetpack_social_options":{"image_generator_settings":{"template":"highway","enabled":false},"version":2}},"categories":[1],"tags":[],"class_list":["post-23445","post","type-post","status-publish","format-standard","hentry","category-notas"],"jetpack_publicize_connections":[],"jetpack_sharing_enabled":true,"jetpack_featured_media_url":"","jetpack_shortlink":"https:\/\/wp.me\/p7wKYW-669","jetpack-related-posts":[],"_links":{"self":[{"href":"http:\/\/blogdalucianaoliveira.com.br\/blog\/wp-json\/wp\/v2\/posts\/23445","targetHints":{"allow":["GET"]}}],"collection":[{"href":"http:\/\/blogdalucianaoliveira.com.br\/blog\/wp-json\/wp\/v2\/posts"}],"about":[{"href":"http:\/\/blogdalucianaoliveira.com.br\/blog\/wp-json\/wp\/v2\/types\/post"}],"author":[{"embeddable":true,"href":"http:\/\/blogdalucianaoliveira.com.br\/blog\/wp-json\/wp\/v2\/users\/1"}],"replies":[{"embeddable":true,"href":"http:\/\/blogdalucianaoliveira.com.br\/blog\/wp-json\/wp\/v2\/comments?post=23445"}],"version-history":[{"count":1,"href":"http:\/\/blogdalucianaoliveira.com.br\/blog\/wp-json\/wp\/v2\/posts\/23445\/revisions"}],"predecessor-version":[{"id":23446,"href":"http:\/\/blogdalucianaoliveira.com.br\/blog\/wp-json\/wp\/v2\/posts\/23445\/revisions\/23446"}],"wp:attachment":[{"href":"http:\/\/blogdalucianaoliveira.com.br\/blog\/wp-json\/wp\/v2\/media?parent=23445"}],"wp:term":[{"taxonomy":"category","embeddable":true,"href":"http:\/\/blogdalucianaoliveira.com.br\/blog\/wp-json\/wp\/v2\/categories?post=23445"},{"taxonomy":"post_tag","embeddable":true,"href":"http:\/\/blogdalucianaoliveira.com.br\/blog\/wp-json\/wp\/v2\/tags?post=23445"}],"curies":[{"name":"wp","href":"https:\/\/api.w.org\/{rel}","templated":true}]}}