{"id":23447,"date":"2019-08-19T10:43:38","date_gmt":"2019-08-19T14:43:38","guid":{"rendered":"http:\/\/blogdalucianaoliveira.com.br\/blog\/?p=23447"},"modified":"2019-08-19T13:13:18","modified_gmt":"2019-08-19T17:13:18","slug":"bolsonaro-toca-fogo-na-amazonia","status":"publish","type":"post","link":"http:\/\/blogdalucianaoliveira.com.br\/blog\/2019\/08\/19\/bolsonaro-toca-fogo-na-amazonia\/","title":{"rendered":"BOLSONARO TOCA FOGO NA AMAZ\u00d4NIA COM SEUS DISCURSOS"},"content":{"rendered":"<p><img data-recalc-dims=\"1\" loading=\"lazy\" decoding=\"async\" data-attachment-id=\"23450\" data-permalink=\"http:\/\/blogdalucianaoliveira.com.br\/blog\/2019\/08\/19\/bolsonaro-toca-fogo-na-amazonia\/quei-2\/\" data-orig-file=\"https:\/\/i0.wp.com\/blogdalucianaoliveira.com.br\/blog\/wp-content\/uploads\/2019\/08\/quei.jpeg?fit=750%2C665\" data-orig-size=\"750,665\" data-comments-opened=\"0\" data-image-meta=\"{&quot;aperture&quot;:&quot;0&quot;,&quot;credit&quot;:&quot;&quot;,&quot;camera&quot;:&quot;&quot;,&quot;caption&quot;:&quot;&quot;,&quot;created_timestamp&quot;:&quot;0&quot;,&quot;copyright&quot;:&quot;&quot;,&quot;focal_length&quot;:&quot;0&quot;,&quot;iso&quot;:&quot;0&quot;,&quot;shutter_speed&quot;:&quot;0&quot;,&quot;title&quot;:&quot;&quot;,&quot;orientation&quot;:&quot;0&quot;}\" data-image-title=\"quei\" data-image-description=\"\" data-image-caption=\"\" data-medium-file=\"https:\/\/i0.wp.com\/blogdalucianaoliveira.com.br\/blog\/wp-content\/uploads\/2019\/08\/quei.jpeg?fit=300%2C266\" data-large-file=\"https:\/\/i0.wp.com\/blogdalucianaoliveira.com.br\/blog\/wp-content\/uploads\/2019\/08\/quei.jpeg?fit=600%2C532\" class=\"alignnone size-full wp-image-23450\" src=\"https:\/\/i0.wp.com\/blogdalucianaoliveira.com.br\/blog\/wp-content\/uploads\/2019\/08\/quei.jpeg?resize=600%2C532\" alt=\"quei\" width=\"600\" height=\"532\" srcset=\"https:\/\/i0.wp.com\/blogdalucianaoliveira.com.br\/blog\/wp-content\/uploads\/2019\/08\/quei.jpeg?w=750 750w, https:\/\/i0.wp.com\/blogdalucianaoliveira.com.br\/blog\/wp-content\/uploads\/2019\/08\/quei.jpeg?resize=300%2C266 300w, https:\/\/i0.wp.com\/blogdalucianaoliveira.com.br\/blog\/wp-content\/uploads\/2019\/08\/quei.jpeg?resize=338%2C300 338w\" sizes=\"auto, (max-width: 600px) 100vw, 600px\" \/><\/p>\n<p>O que Bolsonaro nega em dados de monitoramento de queimadas, quem vive na Amaz\u00f4nia sente no bolso e na pele.<\/p>\n<p>De Rond\u00f4nia, na capital, sob densa fuma\u00e7a, secura e com tosse h\u00e1 dias, convido o presidente a sobrevoar o estado de ponta a ponta e ver para crer no efeito de seu discurso incendi\u00e1rio contra o meio ambiente.<\/p>\n<p>N\u00e3o chove h\u00e1 dois meses e a Secretaria de Desenvolvimento Ambiental do estado divulgou em sua p\u00e1gina um aumento de 160% no \u201cn\u00famero de focos, neste per\u00edodo, em rela\u00e7\u00e3o a 2018\u201d, com dados do Instituto Nacional de Pesquisa (INPE).<!--more--><\/p>\n<p>N\u00e3o se referem a queimadas autorizadas pela Sedam atrav\u00e9s da Portaria n\u00b0 229\/2017, que diz onde e como podem fazer uso de fogo em \u00e1rea rural.<\/p>\n<p>S\u00e3o queimadas ilegais, que ocorrem com temperatura acima de 30\u00b0 C, ventos superiores a 30 km\/h e umidade abaixo de 30%.<\/p>\n<p>O Corpo de Bombeiros j\u00e1 atendeu mais de 900 ocorr\u00eancias em 60 dias e s\u00f3 possui unidade operacional em 15 dos 52 munic\u00edpios.<\/p>\n<p>\u00c9 desesperadora a situa\u00e7\u00e3o e os rondonienses lan\u00e7aram at\u00e9 campanha nas redes sociais com a #PrayForRond\u00f4nia pedindo socorro \u00e0s autoridades.<\/p>\n<p><a href=\"https:\/\/youtu.be\/3aKu2N0R3WY\">https:\/\/youtu.be\/3aKu2N0R3WY<\/a><\/p>\n<p>leia aqui:\u00a0<a href=\"http:\/\/blogdalucianaoliveira.com.br\/blog\/2019\/08\/17\/pagina-de-humor-trata-com-seriedade-assunto-das-queimadas-no-estado-e-lanca-tag-prayforrondonia-o-mundo-conhece-a-nossa-tragedia-particular\/\">http:\/\/blogdalucianaoliveira.com.br\/blog\/2019\/08\/17\/pagina-de-humor-trata-com-seriedade-assunto-das-queimadas-no-estado-e-lanca-tag-prayforrondonia-o-mundo-conhece-a-nossa-tragedia-particular\/<\/a><\/p>\n<p>Um voo da Latam que vinha de Bras\u00edlia na \u00faltima sexta-feira (16), foi desviado por falta de visibilidade com a fuma\u00e7a sobre a Floresta Nacional do Jamari (Flona).<\/p>\n<p><img data-recalc-dims=\"1\" loading=\"lazy\" decoding=\"async\" data-attachment-id=\"23448\" data-permalink=\"http:\/\/blogdalucianaoliveira.com.br\/blog\/2019\/08\/19\/bolsonaro-toca-fogo-na-amazonia\/voo\/\" data-orig-file=\"https:\/\/i0.wp.com\/blogdalucianaoliveira.com.br\/blog\/wp-content\/uploads\/2019\/08\/voo.jpg?fit=1262%2C694\" data-orig-size=\"1262,694\" data-comments-opened=\"0\" data-image-meta=\"{&quot;aperture&quot;:&quot;0&quot;,&quot;credit&quot;:&quot;&quot;,&quot;camera&quot;:&quot;&quot;,&quot;caption&quot;:&quot;&quot;,&quot;created_timestamp&quot;:&quot;0&quot;,&quot;copyright&quot;:&quot;&quot;,&quot;focal_length&quot;:&quot;0&quot;,&quot;iso&quot;:&quot;0&quot;,&quot;shutter_speed&quot;:&quot;0&quot;,&quot;title&quot;:&quot;&quot;,&quot;orientation&quot;:&quot;0&quot;}\" data-image-title=\"voo\" data-image-description=\"\" data-image-caption=\"\" data-medium-file=\"https:\/\/i0.wp.com\/blogdalucianaoliveira.com.br\/blog\/wp-content\/uploads\/2019\/08\/voo.jpg?fit=300%2C165\" data-large-file=\"https:\/\/i0.wp.com\/blogdalucianaoliveira.com.br\/blog\/wp-content\/uploads\/2019\/08\/voo.jpg?fit=600%2C330\" class=\"alignnone size-full wp-image-23448\" src=\"https:\/\/i0.wp.com\/blogdalucianaoliveira.com.br\/blog\/wp-content\/uploads\/2019\/08\/voo.jpg?resize=600%2C330\" alt=\"voo\" width=\"600\" height=\"330\" srcset=\"https:\/\/i0.wp.com\/blogdalucianaoliveira.com.br\/blog\/wp-content\/uploads\/2019\/08\/voo.jpg?w=1262 1262w, https:\/\/i0.wp.com\/blogdalucianaoliveira.com.br\/blog\/wp-content\/uploads\/2019\/08\/voo.jpg?resize=300%2C165 300w, https:\/\/i0.wp.com\/blogdalucianaoliveira.com.br\/blog\/wp-content\/uploads\/2019\/08\/voo.jpg?resize=768%2C422 768w, https:\/\/i0.wp.com\/blogdalucianaoliveira.com.br\/blog\/wp-content\/uploads\/2019\/08\/voo.jpg?resize=1024%2C563 1024w, https:\/\/i0.wp.com\/blogdalucianaoliveira.com.br\/blog\/wp-content\/uploads\/2019\/08\/voo.jpg?resize=546%2C300 546w, https:\/\/i0.wp.com\/blogdalucianaoliveira.com.br\/blog\/wp-content\/uploads\/2019\/08\/voo.jpg?w=1200 1200w\" sizes=\"auto, (max-width: 600px) 100vw, 600px\" \/><br \/>\n<em>foto: G1, reprodu\u00e7\u00e3o<\/em><\/p>\n<p>As cercas e pastos destru\u00eddos pelo fogo mostram que o Agro n\u00e3o \u00e9 bom quando despreza pol\u00edtica ambiental.<\/p>\n<p>Mais que desconforto, produtores reclamam preju\u00edzos.<\/p>\n<p>O avan\u00e7o das queimadas \u00e9 inequ\u00edvoco conforme os dados comparativos da Sedam.<\/p>\n<p><img data-recalc-dims=\"1\" decoding=\"async\" class=\"wp-image-1753\" src=\"https:\/\/i0.wp.com\/www.sedam.ro.gov.br\/wp-content\/uploads\/2019\/08\/Sem-t%25C3%25ADtulo.png?w=600\" alt=\"\" \/><em>Para den\u00fancias de queimadas n\u00e3o autorizadas ligue: 0800 647 1150. Em caso de emerg\u00eancias<\/em><br \/>\n<em>e iminente risco ligue: 193\u00a0<\/em><\/p>\n<p>&nbsp;<\/p>\n<p>Bolsonaro vai ficar para a Amaz\u00f4nia, pior que Nero para Roma, o imperador a quem atribuem sem prova a culpa por um inc\u00eandio catastr\u00f3fico.<\/p>\n<p>O presidente \u201cmais perigoso do mundo\u201d para o meio ambiente, segundo a revista brit\u00e2nica The Economist, tem responsabilidade pelo fogo que destr\u00f3i Rond\u00f4nia, a Amaz\u00f4nia e o futuro do planeta.<\/p>\n<p>Ele acende e atira um f\u00f3sforo cada vez que abre a boca para falar sobre o avan\u00e7o de crimes ambientais.<br \/>\nO que seus eleitores acreditavam ser \u2018for\u00e7a de express\u00e3o\u2019 s\u00f3 para \u2018causar\u2019 pol\u00eamica na campanha, Bolsonaro reafirma e empodera os criminosos.<\/p>\n<p>A \u00fanica coisa que produz para o futuro com sua mente devastada pela ignor\u00e2ncia \u00e9 destrui\u00e7\u00e3o.<\/p>\n","protected":false},"excerpt":{"rendered":"<p>O que Bolsonaro nega em dados de monitoramento de queimadas, quem vive na Amaz\u00f4nia sente no bolso e na pele. De Rond\u00f4nia, na capital, sob densa fuma\u00e7a, secura e com tosse h\u00e1 dias, convido o presidente a sobrevoar o estado de ponta a ponta e ver para crer no efeito de seu discurso incendi\u00e1rio contra&#8230;<a class=\"more-link\" href=\"http:\/\/blogdalucianaoliveira.com.br\/blog\/2019\/08\/19\/bolsonaro-toca-fogo-na-amazonia\/\">Continue a leitura <span class=\"meta-nav\">&raquo;<\/span><\/a><\/p>\n","protected":false},"author":1,"featured_media":0,"comment_status":"closed","ping_status":"open","sticky":false,"template":"","format":"standard","meta":{"_exactmetrics_skip_tracking":false,"_exactmetrics_sitenote_active":false,"_exactmetrics_sitenote_note":"","_exactmetrics_sitenote_category":0,"jetpack_post_was_ever_published":false,"_jetpack_newsletter_access":"","_jetpack_dont_email_post_to_subs":false,"_jetpack_newsletter_tier_id":0,"_jetpack_memberships_contains_paywalled_content":false,"_jetpack_memberships_contains_paid_content":false,"footnotes":"","jetpack_publicize_message":"","jetpack_publicize_feature_enabled":true,"jetpack_social_post_already_shared":true,"jetpack_social_options":{"image_generator_settings":{"template":"highway","enabled":false},"version":2}},"categories":[1],"tags":[],"class_list":["post-23447","post","type-post","status-publish","format-standard","hentry","category-notas"],"jetpack_publicize_connections":[],"jetpack_sharing_enabled":true,"jetpack_featured_media_url":"","jetpack_shortlink":"https:\/\/wp.me\/p7wKYW-66b","jetpack-related-posts":[],"_links":{"self":[{"href":"http:\/\/blogdalucianaoliveira.com.br\/blog\/wp-json\/wp\/v2\/posts\/23447","targetHints":{"allow":["GET"]}}],"collection":[{"href":"http:\/\/blogdalucianaoliveira.com.br\/blog\/wp-json\/wp\/v2\/posts"}],"about":[{"href":"http:\/\/blogdalucianaoliveira.com.br\/blog\/wp-json\/wp\/v2\/types\/post"}],"author":[{"embeddable":true,"href":"http:\/\/blogdalucianaoliveira.com.br\/blog\/wp-json\/wp\/v2\/users\/1"}],"replies":[{"embeddable":true,"href":"http:\/\/blogdalucianaoliveira.com.br\/blog\/wp-json\/wp\/v2\/comments?post=23447"}],"version-history":[{"count":5,"href":"http:\/\/blogdalucianaoliveira.com.br\/blog\/wp-json\/wp\/v2\/posts\/23447\/revisions"}],"predecessor-version":[{"id":23455,"href":"http:\/\/blogdalucianaoliveira.com.br\/blog\/wp-json\/wp\/v2\/posts\/23447\/revisions\/23455"}],"wp:attachment":[{"href":"http:\/\/blogdalucianaoliveira.com.br\/blog\/wp-json\/wp\/v2\/media?parent=23447"}],"wp:term":[{"taxonomy":"category","embeddable":true,"href":"http:\/\/blogdalucianaoliveira.com.br\/blog\/wp-json\/wp\/v2\/categories?post=23447"},{"taxonomy":"post_tag","embeddable":true,"href":"http:\/\/blogdalucianaoliveira.com.br\/blog\/wp-json\/wp\/v2\/tags?post=23447"}],"curies":[{"name":"wp","href":"https:\/\/api.w.org\/{rel}","templated":true}]}}