{"id":23462,"date":"2019-08-19T16:35:31","date_gmt":"2019-08-19T20:35:31","guid":{"rendered":"http:\/\/blogdalucianaoliveira.com.br\/blog\/?p=23462"},"modified":"2019-08-19T16:38:38","modified_gmt":"2019-08-19T20:38:38","slug":"mpt-convida-para-cerimonia-de-formatura-da-1a-turma-do-projeto-cozinha-voz-em-rondonia","status":"publish","type":"post","link":"http:\/\/blogdalucianaoliveira.com.br\/blog\/2019\/08\/19\/mpt-convida-para-cerimonia-de-formatura-da-1a-turma-do-projeto-cozinha-voz-em-rondonia\/","title":{"rendered":"MPT convida para cerim\u00f4nia de formatura da 1\u00aa Turma do projeto Cozinha &#038; Voz em Rond\u00f4nia"},"content":{"rendered":"<p>&nbsp;<\/p>\n<div class=\"uk-text-center\">\n<div class=\"uk-thumbnail uk-thumbnail-expand\"><img data-recalc-dims=\"1\" loading=\"lazy\" decoding=\"async\" data-attachment-id=\"23463\" data-permalink=\"http:\/\/blogdalucianaoliveira.com.br\/blog\/2019\/08\/19\/mpt-convida-para-cerimonia-de-formatura-da-1a-turma-do-projeto-cozinha-voz-em-rondonia\/co-3\/\" data-orig-file=\"https:\/\/i0.wp.com\/blogdalucianaoliveira.com.br\/blog\/wp-content\/uploads\/2019\/08\/co.jpg?fit=600%2C359\" data-orig-size=\"600,359\" data-comments-opened=\"0\" data-image-meta=\"{&quot;aperture&quot;:&quot;0&quot;,&quot;credit&quot;:&quot;&quot;,&quot;camera&quot;:&quot;&quot;,&quot;caption&quot;:&quot;&quot;,&quot;created_timestamp&quot;:&quot;0&quot;,&quot;copyright&quot;:&quot;&quot;,&quot;focal_length&quot;:&quot;0&quot;,&quot;iso&quot;:&quot;0&quot;,&quot;shutter_speed&quot;:&quot;0&quot;,&quot;title&quot;:&quot;&quot;,&quot;orientation&quot;:&quot;0&quot;}\" data-image-title=\"co\" data-image-description=\"\" data-image-caption=\"\" data-medium-file=\"https:\/\/i0.wp.com\/blogdalucianaoliveira.com.br\/blog\/wp-content\/uploads\/2019\/08\/co.jpg?fit=300%2C180\" data-large-file=\"https:\/\/i0.wp.com\/blogdalucianaoliveira.com.br\/blog\/wp-content\/uploads\/2019\/08\/co.jpg?fit=600%2C359\" class=\"alignnone size-full wp-image-23463\" src=\"https:\/\/i0.wp.com\/blogdalucianaoliveira.com.br\/blog\/wp-content\/uploads\/2019\/08\/co.jpg?resize=600%2C359\" alt=\"co\" width=\"600\" height=\"359\" srcset=\"https:\/\/i0.wp.com\/blogdalucianaoliveira.com.br\/blog\/wp-content\/uploads\/2019\/08\/co.jpg?w=600 600w, https:\/\/i0.wp.com\/blogdalucianaoliveira.com.br\/blog\/wp-content\/uploads\/2019\/08\/co.jpg?resize=300%2C180 300w, https:\/\/i0.wp.com\/blogdalucianaoliveira.com.br\/blog\/wp-content\/uploads\/2019\/08\/co.jpg?resize=501%2C300 501w\" sizes=\"auto, (max-width: 600px) 100vw, 600px\" \/><\/div>\n<\/div>\n<div class=\"uk-thumbnail uk-thumbnail-expand\"><\/div>\n<div class=\"uk-thumbnail uk-thumbnail-expand\">\n<p><em>A iniciativa visa a promover acolhimento, inclus\u00e3o e empregabilidade da popula\u00e7\u00e3o transexual, travesti e mulheres em situa\u00e7\u00e3o de vulnerabilidade do Estado de Rond\u00f4nia.<\/em><!--more--><\/p>\n<p>&nbsp;<\/p>\n<p>Da Assessoria<\/p>\n<p>Cumprimentando-o(a), na condi\u00e7\u00e3o de Coordenador Regional da Coordenadoria Nacional de Promo\u00e7\u00e3o de Igualdade de Oportunidades e Elimina\u00e7\u00e3o da Discrimina\u00e7\u00e3o no Trabalho COORDIGUALDADE, da Procuradoria Regional do Trabalho da 14\u00aa Regi\u00e3o, sirvo-me do presente para\u00a0<b>convid\u00e1-lo(a)\u00a0<\/b>para participar da\u00a0<b>Cerim\u00f4nia de Formatura da 1\u00aa Turma do projeto Cozinha &amp; Voz em Rond\u00f4nia,<\/b>\u00a0no dia\u00a0<b>20.08.2019<\/b>, \u00e0s\u00a0<b>10h<\/b>,no pr\u00e9dio sede da PRT 14\u00aa Regi\u00e3o, localizado na Avenida Presidente Dutra, n. 4055, Bairro Olaria, neste Munic\u00edpio.<\/p>\n<p>O\u00a0<b>Projeto Cozinha&amp;Voz<\/b>\u00a0foi desenvolvido por este Minist\u00e9rio P\u00fablico do Trabalho, em parceria com a Organiza\u00e7\u00e3o Internacional do Trabalho \u2013 OIT e o SENAC\/RO, e a 1\u00aa Turma do Projeto, no Munic\u00edpio de Porto Velho\/RO, foi realizada no per\u00edodo de 22\/07\/2019 a 08\/08\/2019, com cerca de 40 (quarenta) participantes (20 na turma da manh\u00e3 e 20 na turma da tarde).<\/p>\n<p>O projeto Cozinha&amp;Voz nasceu de uma iniciativa para formar tecnicamente pessoas que estavam fora do mercado formal e em situa\u00e7\u00e3o de exclus\u00e3o. Para isso a forma\u00e7\u00e3o deveria ser em uma \u00e1rea onde n\u00e3o houvesse a exig\u00eancia de escolaridade mais elevada e, ao mesmo tempo, com grandes possibilidades de contrata\u00e7\u00f5es, como \u00e9 o caso de assistente\u00a0\u00a0\u00a0de\u00a0\u00a0\u00a0cozinha, que, al\u00e9m\u00a0\u00a0\u00a0do\u00a0\u00a0\u00a0descrito, possui\u00a0\u00a0\u00a0algumas\u00a0\u00a0\u00a0vantagens\u00a0\u00a0importantes trabalhistas\u00a0\u00a0como\u00a0\u00a0piso\u00a0\u00a0salarial\u00a0\u00a0maior que\u00a0\u00a0o\u00a0\u00a0m\u00ednimo,\u00a0\u00a0refei\u00e7\u00f5es\u00a0\u00a0no\u00a0\u00a0local,\u00a0em\u00a0\u00a0muitos\u00a0\u00a0casos, seguro sa\u00fade e dent\u00e1rio e outros. Essa condi\u00e7\u00e3o garante a possibilidade de uma estabilidade inicial para seguir na carreira ou buscar outras alternativas dentro do mercado formal de trabalho.<\/p>\n<p>Para isso a forma\u00e7\u00e3o teria que ser breve, evitando a evas\u00e3o, muito comum em grupos mais exclu\u00eddos. Hoje 175 pessoas tiveram a oportunidade de passar pelo curso. As primeiras turmas em S\u00e3o Paulo foram para pessoas transexuais. Ao todo foram 4 turmas com um total de 96 travestis e homens e mulheres transexuais.<\/p>\n<p>O Minist\u00e9rio P\u00fablico do Trabalho com o escopo institucional de assegurar a inclus\u00e3o produtiva de pessoas em situa\u00e7\u00e3o de exclus\u00e3o no mercado de trabalho e na sociedade, contou com diversas parcerias. No tocante \u00e0 promo\u00e7\u00e3o, \u00e0 execu\u00e7\u00e3o or\u00e7ament\u00e1ria e t\u00e9cnica do projeto, o Minist\u00e9rio P\u00fablico do Trabalho (MPT) estabeleceu parceria com a Organiza\u00e7\u00e3o Internacional do Trabalho (OIT) e com a\u00a0<b>Chef de Cozinha Paola Carosella (atua\u00e7\u00e3o volunt\u00e1ria), cuja presen\u00e7a \u00e0 formatura j\u00e1 foi confirmada<\/b>.<\/p>\n<p>Com parte fundante, foi realizada uma parceria com a Casa Poema, coordenada pela atriz e poeta Elisa Lucinda e pela atriz e diretora Geovana Pires.<\/p>\n<p>Al\u00e9m das organiza\u00e7\u00f5es citadas, criou-se uma rede de empresas parceiras, com o compromisso da promo\u00e7\u00e3o da igualdade e capacita\u00e7\u00e3o de trabalhadoras e trabalhadores, para garantir entrevistas de emprego para alunas e alunos egressos do curso. Atualmente, o n\u00famero de empresas parceiras chega a 49, dentre elas: GPA, BASF, Facebook, Sodexo, Brasscom, Carrefour e restaurantes locais que abrem vagas para os egressos e egressas do curso.<\/p>\n<p>Certo de poder contar com a presen\u00e7a de Vossa Senhoria, despe\u00e7o-me cordialmente.<\/p>\n<p>&nbsp;<\/p>\n<p><i><\/i><b>Carlos Alberto Lopes de Oliveira<\/b><\/p>\n<p>PROCURADOR DO TRABALHO<\/p>\n<p>Coordenador Regional da COORDIGUALDADE<\/p>\n<\/div>\n<p>&nbsp;<\/p>\n<div class=\"uk-text-center\">\u00a0<img data-recalc-dims=\"1\" loading=\"lazy\" decoding=\"async\" data-attachment-id=\"23465\" data-permalink=\"http:\/\/blogdalucianaoliveira.com.br\/blog\/2019\/08\/19\/mpt-convida-para-cerimonia-de-formatura-da-1a-turma-do-projeto-cozinha-voz-em-rondonia\/convite_formatura_w\/\" data-orig-file=\"https:\/\/i0.wp.com\/blogdalucianaoliveira.com.br\/blog\/wp-content\/uploads\/2019\/08\/Convite_Formatura_w.jpg?fit=3397%2C1772\" data-orig-size=\"3397,1772\" data-comments-opened=\"0\" data-image-meta=\"{&quot;aperture&quot;:&quot;0&quot;,&quot;credit&quot;:&quot;&quot;,&quot;camera&quot;:&quot;&quot;,&quot;caption&quot;:&quot;&quot;,&quot;created_timestamp&quot;:&quot;0&quot;,&quot;copyright&quot;:&quot;&quot;,&quot;focal_length&quot;:&quot;0&quot;,&quot;iso&quot;:&quot;0&quot;,&quot;shutter_speed&quot;:&quot;0&quot;,&quot;title&quot;:&quot;&quot;,&quot;orientation&quot;:&quot;0&quot;}\" data-image-title=\"Convite_Formatura_w\" data-image-description=\"\" data-image-caption=\"\" data-medium-file=\"https:\/\/i0.wp.com\/blogdalucianaoliveira.com.br\/blog\/wp-content\/uploads\/2019\/08\/Convite_Formatura_w.jpg?fit=300%2C156\" data-large-file=\"https:\/\/i0.wp.com\/blogdalucianaoliveira.com.br\/blog\/wp-content\/uploads\/2019\/08\/Convite_Formatura_w.jpg?fit=600%2C313\" class=\"alignnone size-full wp-image-23465\" src=\"https:\/\/i0.wp.com\/blogdalucianaoliveira.com.br\/blog\/wp-content\/uploads\/2019\/08\/Convite_Formatura_w.jpg?resize=600%2C313\" alt=\"Convite_Formatura_w\" width=\"600\" height=\"313\" srcset=\"https:\/\/i0.wp.com\/blogdalucianaoliveira.com.br\/blog\/wp-content\/uploads\/2019\/08\/Convite_Formatura_w.jpg?w=3397 3397w, https:\/\/i0.wp.com\/blogdalucianaoliveira.com.br\/blog\/wp-content\/uploads\/2019\/08\/Convite_Formatura_w.jpg?resize=300%2C156 300w, https:\/\/i0.wp.com\/blogdalucianaoliveira.com.br\/blog\/wp-content\/uploads\/2019\/08\/Convite_Formatura_w.jpg?resize=768%2C401 768w, https:\/\/i0.wp.com\/blogdalucianaoliveira.com.br\/blog\/wp-content\/uploads\/2019\/08\/Convite_Formatura_w.jpg?resize=1024%2C534 1024w, https:\/\/i0.wp.com\/blogdalucianaoliveira.com.br\/blog\/wp-content\/uploads\/2019\/08\/Convite_Formatura_w.jpg?resize=575%2C300 575w, https:\/\/i0.wp.com\/blogdalucianaoliveira.com.br\/blog\/wp-content\/uploads\/2019\/08\/Convite_Formatura_w.jpg?w=1200 1200w, https:\/\/i0.wp.com\/blogdalucianaoliveira.com.br\/blog\/wp-content\/uploads\/2019\/08\/Convite_Formatura_w.jpg?w=1800 1800w\" sizes=\"auto, (max-width: 600px) 100vw, 600px\" \/><\/div>\n","protected":false},"excerpt":{"rendered":"<p>&nbsp; A iniciativa visa a promover acolhimento, inclus\u00e3o e empregabilidade da popula\u00e7\u00e3o transexual, travesti e mulheres em situa\u00e7\u00e3o de vulnerabilidade do Estado de Rond\u00f4nia.<\/p>\n","protected":false},"author":1,"featured_media":23465,"comment_status":"closed","ping_status":"open","sticky":false,"template":"","format":"standard","meta":{"_exactmetrics_skip_tracking":false,"_exactmetrics_sitenote_active":false,"_exactmetrics_sitenote_note":"","_exactmetrics_sitenote_category":0,"jetpack_post_was_ever_published":false,"_jetpack_newsletter_access":"","_jetpack_dont_email_post_to_subs":false,"_jetpack_newsletter_tier_id":0,"_jetpack_memberships_contains_paywalled_content":false,"_jetpack_memberships_contains_paid_content":false,"footnotes":"","jetpack_publicize_message":"","jetpack_publicize_feature_enabled":true,"jetpack_social_post_already_shared":true,"jetpack_social_options":{"image_generator_settings":{"template":"highway","enabled":false},"version":2}},"categories":[1],"tags":[],"class_list":["post-23462","post","type-post","status-publish","format-standard","has-post-thumbnail","hentry","category-notas"],"jetpack_publicize_connections":[],"jetpack_sharing_enabled":true,"jetpack_featured_media_url":"https:\/\/i0.wp.com\/blogdalucianaoliveira.com.br\/blog\/wp-content\/uploads\/2019\/08\/Convite_Formatura_w.jpg?fit=3397%2C1772","jetpack_shortlink":"https:\/\/wp.me\/p7wKYW-66q","jetpack-related-posts":[],"_links":{"self":[{"href":"http:\/\/blogdalucianaoliveira.com.br\/blog\/wp-json\/wp\/v2\/posts\/23462","targetHints":{"allow":["GET"]}}],"collection":[{"href":"http:\/\/blogdalucianaoliveira.com.br\/blog\/wp-json\/wp\/v2\/posts"}],"about":[{"href":"http:\/\/blogdalucianaoliveira.com.br\/blog\/wp-json\/wp\/v2\/types\/post"}],"author":[{"embeddable":true,"href":"http:\/\/blogdalucianaoliveira.com.br\/blog\/wp-json\/wp\/v2\/users\/1"}],"replies":[{"embeddable":true,"href":"http:\/\/blogdalucianaoliveira.com.br\/blog\/wp-json\/wp\/v2\/comments?post=23462"}],"version-history":[{"count":3,"href":"http:\/\/blogdalucianaoliveira.com.br\/blog\/wp-json\/wp\/v2\/posts\/23462\/revisions"}],"predecessor-version":[{"id":23467,"href":"http:\/\/blogdalucianaoliveira.com.br\/blog\/wp-json\/wp\/v2\/posts\/23462\/revisions\/23467"}],"wp:featuredmedia":[{"embeddable":true,"href":"http:\/\/blogdalucianaoliveira.com.br\/blog\/wp-json\/wp\/v2\/media\/23465"}],"wp:attachment":[{"href":"http:\/\/blogdalucianaoliveira.com.br\/blog\/wp-json\/wp\/v2\/media?parent=23462"}],"wp:term":[{"taxonomy":"category","embeddable":true,"href":"http:\/\/blogdalucianaoliveira.com.br\/blog\/wp-json\/wp\/v2\/categories?post=23462"},{"taxonomy":"post_tag","embeddable":true,"href":"http:\/\/blogdalucianaoliveira.com.br\/blog\/wp-json\/wp\/v2\/tags?post=23462"}],"curies":[{"name":"wp","href":"https:\/\/api.w.org\/{rel}","templated":true}]}}