{"id":23472,"date":"2019-08-19T17:14:31","date_gmt":"2019-08-19T21:14:31","guid":{"rendered":"http:\/\/blogdalucianaoliveira.com.br\/blog\/?p=23472"},"modified":"2019-08-19T17:14:31","modified_gmt":"2019-08-19T21:14:31","slug":"damares-publica-decreto-que-extingue-comites-de-genero-diversidade-e-inclusao","status":"publish","type":"post","link":"http:\/\/blogdalucianaoliveira.com.br\/blog\/2019\/08\/19\/damares-publica-decreto-que-extingue-comites-de-genero-diversidade-e-inclusao\/","title":{"rendered":"Damares publica decreto que extingue comit\u00eas de g\u00eanero, diversidade e inclus\u00e3o"},"content":{"rendered":"<p><img data-recalc-dims=\"1\" loading=\"lazy\" decoding=\"async\" data-attachment-id=\"23473\" data-permalink=\"http:\/\/blogdalucianaoliveira.com.br\/blog\/2019\/08\/19\/damares-publica-decreto-que-extingue-comites-de-genero-diversidade-e-inclusao\/bru-2\/\" data-orig-file=\"https:\/\/i0.wp.com\/blogdalucianaoliveira.com.br\/blog\/wp-content\/uploads\/2019\/08\/bru.png?fit=1200%2C718\" data-orig-size=\"1200,718\" data-comments-opened=\"0\" data-image-meta=\"{&quot;aperture&quot;:&quot;0&quot;,&quot;credit&quot;:&quot;&quot;,&quot;camera&quot;:&quot;&quot;,&quot;caption&quot;:&quot;&quot;,&quot;created_timestamp&quot;:&quot;0&quot;,&quot;copyright&quot;:&quot;&quot;,&quot;focal_length&quot;:&quot;0&quot;,&quot;iso&quot;:&quot;0&quot;,&quot;shutter_speed&quot;:&quot;0&quot;,&quot;title&quot;:&quot;&quot;,&quot;orientation&quot;:&quot;0&quot;}\" data-image-title=\"bru\" data-image-description=\"\" data-image-caption=\"\" data-medium-file=\"https:\/\/i0.wp.com\/blogdalucianaoliveira.com.br\/blog\/wp-content\/uploads\/2019\/08\/bru.png?fit=300%2C180\" data-large-file=\"https:\/\/i0.wp.com\/blogdalucianaoliveira.com.br\/blog\/wp-content\/uploads\/2019\/08\/bru.png?fit=600%2C359\" class=\"alignnone size-full wp-image-23473\" src=\"https:\/\/i0.wp.com\/blogdalucianaoliveira.com.br\/blog\/wp-content\/uploads\/2019\/08\/bru.png?resize=600%2C359\" alt=\"bru\" width=\"600\" height=\"359\" srcset=\"https:\/\/i0.wp.com\/blogdalucianaoliveira.com.br\/blog\/wp-content\/uploads\/2019\/08\/bru.png?w=1200 1200w, https:\/\/i0.wp.com\/blogdalucianaoliveira.com.br\/blog\/wp-content\/uploads\/2019\/08\/bru.png?resize=300%2C180 300w, https:\/\/i0.wp.com\/blogdalucianaoliveira.com.br\/blog\/wp-content\/uploads\/2019\/08\/bru.png?resize=768%2C460 768w, https:\/\/i0.wp.com\/blogdalucianaoliveira.com.br\/blog\/wp-content\/uploads\/2019\/08\/bru.png?resize=1024%2C613 1024w, https:\/\/i0.wp.com\/blogdalucianaoliveira.com.br\/blog\/wp-content\/uploads\/2019\/08\/bru.png?resize=501%2C300 501w\" sizes=\"auto, (max-width: 600px) 100vw, 600px\" \/><\/p>\n<p>Colegiados promoviam provid\u00eancias contra viol\u00eancia de g\u00eanero e diversidade sexual<!--more--><\/p>\n<p>Na Carta Capital <\/p>\n<p>O minist\u00e9rio da Mulher, Fam\u00edlia e Direitos Humanos publicou, nesta segunda-feira 19, um decreto que coloca fim em seis comit\u00eas, incluindo o de G\u00eanero e o de Diversidade e Inclus\u00e3o. Os colegiados promoviam medidas contra viol\u00eancia de g\u00eanero e diversidade sexual.<\/p>\n<p>O minist\u00e9rio informou que o decreto publicado hoje apenas formaliza uma decis\u00e3o tomada por Damares em abril deste ano, que colocava fim em conselhos e comit\u00eas dentro da sua pasta.  Segundo a portaria, os \u00f3rg\u00e3os que os coordenam passar\u00e3o a ser respons\u00e1veis por suas atribui\u00e7\u00f5es. No caso de ambos,  a Secretaria Executiva da pasta.<\/p>\n<p>Os outros colegiados extintos foram os comit\u00eas para a Desburocratiza\u00e7\u00e3o, o de Conv\u00eanios e Contratos Administrativos, o da Seguran\u00e7a da Informa\u00e7\u00e3o e Comunica\u00e7\u00e3o e o da Agenda de Converg\u00eancia para a prote\u00e7\u00e3o integral dos direitos de crian\u00e7as e adolescentes impactados por obras ou empreendimentos.<\/p>\n<p>Com 13,6 milh\u00f5es de reais reservados no or\u00e7amento deste ano, o Minist\u00e9rio da Mulher, da Fam\u00edlia e dos Direitos Humanos (MMFDH) de Damares n\u00e3o gastou, at\u00e9 hoje, nenhum centavo com a constru\u00e7\u00e3o da Casa da Mulher Brasileira, uma das principais iniciativas do governo federal para o enfrentamento da viol\u00eancia contra a mulher no Brasil.<\/p>\n<p>Elogiado por especialistas pela seguran\u00e7a e rapidez de acesso das v\u00edtimas \u00e0 rede de prote\u00e7\u00e3o social, o programa prev\u00ea a implanta\u00e7\u00e3o de centros de atendimento multidisciplinares para mulheres v\u00edtimas de viol\u00eancia em 25 capitais brasileiras \u2013 atualmente, apenas cinco est\u00e3o abertos.<\/p>\n","protected":false},"excerpt":{"rendered":"<p>Colegiados promoviam provid\u00eancias contra viol\u00eancia de g\u00eanero e diversidade sexual<\/p>\n","protected":false},"author":1,"featured_media":0,"comment_status":"closed","ping_status":"open","sticky":false,"template":"","format":"standard","meta":{"_exactmetrics_skip_tracking":false,"_exactmetrics_sitenote_active":false,"_exactmetrics_sitenote_note":"","_exactmetrics_sitenote_category":0,"jetpack_post_was_ever_published":false,"_jetpack_newsletter_access":"","_jetpack_dont_email_post_to_subs":false,"_jetpack_newsletter_tier_id":0,"_jetpack_memberships_contains_paywalled_content":false,"_jetpack_memberships_contains_paid_content":false,"footnotes":"","jetpack_publicize_message":"","jetpack_publicize_feature_enabled":true,"jetpack_social_post_already_shared":true,"jetpack_social_options":{"image_generator_settings":{"template":"highway","enabled":false},"version":2}},"categories":[1],"tags":[],"class_list":["post-23472","post","type-post","status-publish","format-standard","hentry","category-notas"],"jetpack_publicize_connections":[],"jetpack_sharing_enabled":true,"jetpack_featured_media_url":"","jetpack_shortlink":"https:\/\/wp.me\/p7wKYW-66A","jetpack-related-posts":[],"_links":{"self":[{"href":"http:\/\/blogdalucianaoliveira.com.br\/blog\/wp-json\/wp\/v2\/posts\/23472","targetHints":{"allow":["GET"]}}],"collection":[{"href":"http:\/\/blogdalucianaoliveira.com.br\/blog\/wp-json\/wp\/v2\/posts"}],"about":[{"href":"http:\/\/blogdalucianaoliveira.com.br\/blog\/wp-json\/wp\/v2\/types\/post"}],"author":[{"embeddable":true,"href":"http:\/\/blogdalucianaoliveira.com.br\/blog\/wp-json\/wp\/v2\/users\/1"}],"replies":[{"embeddable":true,"href":"http:\/\/blogdalucianaoliveira.com.br\/blog\/wp-json\/wp\/v2\/comments?post=23472"}],"version-history":[{"count":1,"href":"http:\/\/blogdalucianaoliveira.com.br\/blog\/wp-json\/wp\/v2\/posts\/23472\/revisions"}],"predecessor-version":[{"id":23474,"href":"http:\/\/blogdalucianaoliveira.com.br\/blog\/wp-json\/wp\/v2\/posts\/23472\/revisions\/23474"}],"wp:attachment":[{"href":"http:\/\/blogdalucianaoliveira.com.br\/blog\/wp-json\/wp\/v2\/media?parent=23472"}],"wp:term":[{"taxonomy":"category","embeddable":true,"href":"http:\/\/blogdalucianaoliveira.com.br\/blog\/wp-json\/wp\/v2\/categories?post=23472"},{"taxonomy":"post_tag","embeddable":true,"href":"http:\/\/blogdalucianaoliveira.com.br\/blog\/wp-json\/wp\/v2\/tags?post=23472"}],"curies":[{"name":"wp","href":"https:\/\/api.w.org\/{rel}","templated":true}]}}