{"id":23475,"date":"2019-08-19T22:40:00","date_gmt":"2019-08-20T02:40:00","guid":{"rendered":"http:\/\/blogdalucianaoliveira.com.br\/blog\/?p=23475"},"modified":"2019-08-19T22:40:00","modified_gmt":"2019-08-20T02:40:00","slug":"super-ricos-no-brasil-lideram-concentracao-de-renda-global","status":"publish","type":"post","link":"http:\/\/blogdalucianaoliveira.com.br\/blog\/2019\/08\/19\/super-ricos-no-brasil-lideram-concentracao-de-renda-global\/","title":{"rendered":"Super-ricos no Brasil lideram concentra\u00e7\u00e3o de renda global"},"content":{"rendered":"<p><img data-recalc-dims=\"1\" loading=\"lazy\" decoding=\"async\" data-attachment-id=\"23476\" data-permalink=\"http:\/\/blogdalucianaoliveira.com.br\/blog\/2019\/08\/19\/super-ricos-no-brasil-lideram-concentracao-de-renda-global\/f2ac8683-a160-45f7-aa0c-86d0da094fc3\/\" data-orig-file=\"https:\/\/i0.wp.com\/blogdalucianaoliveira.com.br\/blog\/wp-content\/uploads\/2019\/08\/F2AC8683-A160-45F7-AA0C-86D0DA094FC3.jpeg?fit=2400%2C1600\" data-orig-size=\"2400,1600\" data-comments-opened=\"0\" data-image-meta=\"{&quot;aperture&quot;:&quot;0&quot;,&quot;credit&quot;:&quot;&quot;,&quot;camera&quot;:&quot;&quot;,&quot;caption&quot;:&quot;&quot;,&quot;created_timestamp&quot;:&quot;0&quot;,&quot;copyright&quot;:&quot;&quot;,&quot;focal_length&quot;:&quot;0&quot;,&quot;iso&quot;:&quot;0&quot;,&quot;shutter_speed&quot;:&quot;0&quot;,&quot;title&quot;:&quot;&quot;,&quot;orientation&quot;:&quot;0&quot;}\" data-image-title=\"F2AC8683-A160-45F7-AA0C-86D0DA094FC3\" data-image-description=\"\" data-image-caption=\"\" data-medium-file=\"https:\/\/i0.wp.com\/blogdalucianaoliveira.com.br\/blog\/wp-content\/uploads\/2019\/08\/F2AC8683-A160-45F7-AA0C-86D0DA094FC3.jpeg?fit=300%2C200\" data-large-file=\"https:\/\/i0.wp.com\/blogdalucianaoliveira.com.br\/blog\/wp-content\/uploads\/2019\/08\/F2AC8683-A160-45F7-AA0C-86D0DA094FC3.jpeg?fit=600%2C400\" class=\"alignnone size-full wp-image-23476\" src=\"https:\/\/i0.wp.com\/blogdalucianaoliveira.com.br\/blog\/wp-content\/uploads\/2019\/08\/F2AC8683-A160-45F7-AA0C-86D0DA094FC3.jpeg?resize=600%2C400\" alt=\"F2AC8683-A160-45F7-AA0C-86D0DA094FC3\" width=\"600\" height=\"400\" srcset=\"https:\/\/i0.wp.com\/blogdalucianaoliveira.com.br\/blog\/wp-content\/uploads\/2019\/08\/F2AC8683-A160-45F7-AA0C-86D0DA094FC3.jpeg?w=2400 2400w, https:\/\/i0.wp.com\/blogdalucianaoliveira.com.br\/blog\/wp-content\/uploads\/2019\/08\/F2AC8683-A160-45F7-AA0C-86D0DA094FC3.jpeg?resize=300%2C200 300w, https:\/\/i0.wp.com\/blogdalucianaoliveira.com.br\/blog\/wp-content\/uploads\/2019\/08\/F2AC8683-A160-45F7-AA0C-86D0DA094FC3.jpeg?resize=768%2C512 768w, https:\/\/i0.wp.com\/blogdalucianaoliveira.com.br\/blog\/wp-content\/uploads\/2019\/08\/F2AC8683-A160-45F7-AA0C-86D0DA094FC3.jpeg?resize=1024%2C683 1024w, https:\/\/i0.wp.com\/blogdalucianaoliveira.com.br\/blog\/wp-content\/uploads\/2019\/08\/F2AC8683-A160-45F7-AA0C-86D0DA094FC3.jpeg?resize=450%2C300 450w, https:\/\/i0.wp.com\/blogdalucianaoliveira.com.br\/blog\/wp-content\/uploads\/2019\/08\/F2AC8683-A160-45F7-AA0C-86D0DA094FC3.jpeg?w=1200 1200w, https:\/\/i0.wp.com\/blogdalucianaoliveira.com.br\/blog\/wp-content\/uploads\/2019\/08\/F2AC8683-A160-45F7-AA0C-86D0DA094FC3.jpeg?w=1800 1800w\" sizes=\"auto, (max-width: 600px) 100vw, 600px\" \/><\/p>\n<p>Entre os pa\u00edses democr\u00e1ticos, nenhum outro tem maior ac\u00famulo de rendimentos no 1% do topo; na crise, mis\u00e9ria voltou a subir, mas houve forte queda nos anos 2000<!--more--><\/p>\n<div class=\"l-temas-grid__content container\">\n<div class=\"row\">\n<div class=\"col col--md-9-24 col-offset--md-6-24 col--lg-1-2 col-offset--lg-5-24\">\n<div class=\"c-news__content\">\n<div class=\"c-news__body\">\n<p><strong class=\"c-signature__author\">Fernando Canzia<\/strong><\/p>\n<p><strong class=\"c-signature__author\">Fernanda Mena<\/strong><\/p>\n<p><strong class=\"c-signature__author\">Lalo de Almeida (fotos)<\/strong><\/p>\n<p>Ns Folha<\/p>\n<p>O morro do Vidigal no Rio de Janeiro tem esse nome em mem\u00f3ria do major Miguel Nunes Vidigal (1745-1843), chefe da pol\u00edcia colonial no in\u00edcio do s\u00e9culo 19. Tido como cruel em seu tempo, era considerado o terror dos escravos fugidos e temido pela popula\u00e7\u00e3o pobre do Rio.<\/p>\n<p>Em 1820, Vidigal ganhou as terras no morro de monges beneditinos, que antes as haviam recebido de presente do visconde de Asseca, nobre de privil\u00e9gios e protegido pela coroa portuguesa.<\/p>\n<p><img data-recalc-dims=\"1\" decoding=\"async\" src=\"https:\/\/i0.wp.com\/arte.folha.uol.com.br\/mundo\/2019\/desigualdade-global\/pt\/brasil\/mapa-rj.png?w=600&#038;ssl=1\" \/><\/p>\n<p>\u00c9 do alto de sua pequena casa no Vidigal que Wallace Guimar\u00e3es, 28, tem uma vis\u00e3o panor\u00e2mica da desigualdade brasileira.<\/p>\n<p>Ela come\u00e7a por telhas velhas sobre casas prec\u00e1rias, &#8220;gatos&#8221; de energia e caixas d&#8217;\u00e1gua azuis, passa por cima de pr\u00e9dios, hot\u00e9is de luxo e pelas praias brancas do Leblon e de Ipanema at\u00e9 alcan\u00e7ar o P\u00e3o de A\u00e7\u00facar, no meio do caminho em dire\u00e7\u00e3o ao centro do Rio.<\/p>\n<p>Foi olhando para esse cen\u00e1rio que Guimar\u00e3es tentou melhorar sua posi\u00e7\u00e3o relativa h\u00e1 dois anos, investindo no Vidigal o maior dinheiro que j\u00e1 conseguiu juntar na vida: R$ 12 mil para abrir a primeira do que esperava ser uma rede de barbearias.<\/p>\n<p>Ganhando at\u00e9 R$ 2.000 por semana como uma esp\u00e9cie de &#8220;faz tudo&#8221; na produ\u00e7\u00e3o de filmes e comerciais de TV, ele abriu o neg\u00f3cio em 2017. O plano era aumentar a renda e tornar-se independente.<\/p>\n<p>&#8220;A gente via o pessoal saindo da classe D e indo para a C e pensava: &#8220;Uma hora sou eu&#8221;. E j\u00e1 estava melhor. Comia e bebia melhor, tinha planos de comprar um carro&#8221;, diz.<\/p>\n<p>&#8220;De repente, bum! Veio essa crise. O trabalho parou, a barbearia n\u00e3o se pagou e terminei pior do que antes, quase sem trabalho e com d\u00edvidas.&#8221;<\/p>\n<div class=\"f-mosaic f-mosaic-one\">\n<figure><img data-recalc-dims=\"1\" decoding=\"async\" src=\"https:\/\/i0.wp.com\/f.i.uol.com.br\/fotografia\/2019\/08\/15\/15659152055d55f8457e061_1565915205_3x2_rt.jpg?w=600&#038;ssl=1\" \/><\/figure>\n<\/div>\n<div class=\"f-mosaic f-mosaic-one\">\n<figure><img data-recalc-dims=\"1\" decoding=\"async\" src=\"https:\/\/i0.wp.com\/f.i.uol.com.br\/fotografia\/2019\/08\/15\/15659152345d55f86275f03_1565915234_3x2_rt.jpg?w=600&#038;ssl=1\" \/><\/figure>\n<p>Wallace Guimar\u00e3es, 28, em sua casa no morro do Vidigal, no Rio; vista das praias do Leblon e de Ipanema a partir do morro do Vidigal<\/p>\n<\/div>\n<p>Guimar\u00e3es at\u00e9 que foi longe, pois a maioria dos brasileiros, sobretudo os mais pobres, come\u00e7ou a naufragar antes na \u00faltima recess\u00e3o, que se estendeu do segundo trimestre de 2014 ao fim de 2016.<\/p>\n<p>Mas, ao final, ele tamb\u00e9m sucumbiu e acabou se juntando ao grupo que mais sofreu: os jovens, que perderam cerca de 15% de sua renda durante a crise.<\/p>\n<p>Na m\u00e9dia geral, a queda de rendimentos desde o fim de 2014 \u00e9 de 2,6%; e o pa\u00eds segue no negativo mesmo ap\u00f3s a lenta recupera\u00e7\u00e3o do \u00faltimo bi\u00eanio.<\/p>\n<div id=\"infographic-1\" class=\"widget-infographic js-widget-infographic\" data-url=\"https:\/\/arte.folha.uol.com.br\/mundo\/2019\/desigualdade-global\/pt\/brasil\/infografico4.html\" data-infographic-id=\"infographic-1\"><iframe loading=\"lazy\" src=\"https:\/\/arte.folha.uol.com.br\/mundo\/2019\/desigualdade-global\/pt\/brasil\/infografico4.html?initialWidth=355&amp;childId=infographic-1&amp;parentTitle=Super-ricos%20no%20Brasil%20lideram%20concentra%C3%A7%C3%A3o%20de%20renda%20global%20-%20Brasil%20-%20Desigualdade%20global%20-%20Folha%20de%20S.Paulo&amp;parentUrl=https%3A%2F%2Ftemas.folha.uol.com.br%2Fdesigualdade-global%2Fbrasil%2Fsuper-ricos-no-brasil-lideram-concentracao-de-renda-global.shtml\" width=\"100%\" height=\"876px\" frameborder=\"0\" marginheight=\"0\" scrolling=\"no\" data-mce-fragment=\"1\"><\/iframe><\/div>\n<p>&#8220;Foi um tombo que levou a economia a perder ainda mais a sua for\u00e7a, pois s\u00e3o os mais pobres que consomem grande parte de sua renda&#8221;, diz Marcelo Neri, diretor do FGV Social, que analisa esses dados.<\/p>\n<p>Mas a crise acentuada nos estratos mais pobres, e em regi\u00f5es como Norte e Nordeste, n\u00e3o levou s\u00f3 \u00e0 queda dos rendimentos e \u00e0 redu\u00e7\u00e3o do crescimento econ\u00f4mico.<\/p>\n<p>Ela provocou tamb\u00e9m um aumento da desigualdade de renda por mais de quatro anos consecutivos (17 trimestres). Foi algo que n\u00e3o ocorreu nem no per\u00edodo anterior a 1989, ano de desigualdade recorde.<\/p>\n<div class=\"f-mosaic f-mosaic-center\">\n<figure><img data-recalc-dims=\"1\" decoding=\"async\" src=\"https:\/\/i0.wp.com\/f.i.uol.com.br\/fotografia\/2019\/08\/15\/15659150725d55f7c01056b_1565915072_3x2_md.jpg?w=600&#038;ssl=1\" \/><\/figure>\n<p>Moradores caminham por passarela em frente \u00e0 favela da Rocinha, na zona sul do Rio de Janeiro<\/p>\n<\/div>\n<p>Dados do FGV Social d\u00e3o a dimens\u00e3o da piora na concentra\u00e7\u00e3o: do fim de 2014 a junho deste ano, a renda per capita do trabalho dos 10% mais ricos subiu 2,5% acima da infla\u00e7\u00e3o; e a do 1% mais rico, 10,1%.<\/p>\n<p>J\u00e1 o rendimento dos 50% mais pobres despencou 17,1%; e dos 40% &#8220;do meio&#8221; (a classe m\u00e9dia entre os mais ricos e os mais pobres), caiu 4,2%.<\/p>\n<p>Isso levou o \u00edndice de Gini a 0,629, muito pr\u00f3ximo ao recorde da s\u00e9rie desde 2012 (medido de 0 a 1, quanto mais perto de 1, pior a desigualdade).<\/p>\n<div id=\"infographic-2\" class=\"widget-infographic js-widget-infographic\" data-url=\"https:\/\/arte.folha.uol.com.br\/mundo\/2019\/desigualdade-global\/pt\/brasil\/infografico3.html\" data-infographic-id=\"infographic-2\"><iframe loading=\"lazy\" src=\"https:\/\/arte.folha.uol.com.br\/mundo\/2019\/desigualdade-global\/pt\/brasil\/infografico3.html?initialWidth=355&amp;childId=infographic-2&amp;parentTitle=Super-ricos%20no%20Brasil%20lideram%20concentra%C3%A7%C3%A3o%20de%20renda%20global%20-%20Brasil%20-%20Desigualdade%20global%20-%20Folha%20de%20S.Paulo&amp;parentUrl=https%3A%2F%2Ftemas.folha.uol.com.br%2Fdesigualdade-global%2Fbrasil%2Fsuper-ricos-no-brasil-lideram-concentracao-de-renda-global.shtml\" width=\"100%\" height=\"1118px\" frameborder=\"0\" marginheight=\"0\" scrolling=\"no\" data-mce-fragment=\"1\"><\/iframe><\/div>\n<p>Segundo o Relat\u00f3rio da Desigualdade Global, da Escola de Economia de Paris, o Brasil \u00e9 hoje o pa\u00eds democr\u00e1tico que mais concentra renda no 1% do topo da pir\u00e2mide.<\/p>\n<p>S\u00f3 o Qatar, emirado \u00e1rabe absolutista de 2,6 milh\u00f5es de habitantes e governado pela mesma dinastia desde meados do s\u00e9culo 19, supera, por pouco, o Brasil.<\/p>\n<div id=\"infographic-3\" class=\"widget-infographic js-widget-infographic\" data-url=\"https:\/\/arte.folha.uol.com.br\/mundo\/2019\/desigualdade-global\/pt\/brasil\/infografico2.html\" data-infographic-id=\"infographic-3\"><iframe loading=\"lazy\" src=\"https:\/\/arte.folha.uol.com.br\/mundo\/2019\/desigualdade-global\/pt\/brasil\/infografico2.html?initialWidth=355&amp;childId=infographic-3&amp;parentTitle=Super-ricos%20no%20Brasil%20lideram%20concentra%C3%A7%C3%A3o%20de%20renda%20global%20-%20Brasil%20-%20Desigualdade%20global%20-%20Folha%20de%20S.Paulo&amp;parentUrl=https%3A%2F%2Ftemas.folha.uol.com.br%2Fdesigualdade-global%2Fbrasil%2Fsuper-ricos-no-brasil-lideram-concentracao-de-renda-global.shtml\" width=\"100%\" height=\"387px\" frameborder=\"0\" marginheight=\"0\" scrolling=\"no\" data-mce-fragment=\"1\"><\/iframe><\/div>\n<p>A partir de dados que combinam pesquisas domiciliares, contas nacionais e declara\u00e7\u00f5es de imposto de renda, o relat\u00f3rio mostra que esse 1% super-rico (cerca de 1,4 milh\u00e3o de adultos) captura 28,3% dos rendimentos brutos totais e recebe individualmente, em m\u00e9dia, R$ 140 mil por m\u00eas pelo conjunto de todas as suas rendas.<\/p>\n<p>Como compara\u00e7\u00e3o, os 50% mais pobres (71,2 milh\u00f5es com renda m\u00e9dia de R$ 1.200) ficam com 13,9% do conjunto de todos os rendimentos, menos da metade do que \u00e9 recebido pelo 1% no topo.<\/p>\n<div id=\"infographic-4\" class=\"widget-infographic js-widget-infographic\" data-url=\"https:\/\/arte.folha.uol.com.br\/mundo\/2019\/desigualdade-global\/pt\/brasil\/infografico1.html\" data-infographic-id=\"infographic-4\"><iframe loading=\"lazy\" src=\"https:\/\/arte.folha.uol.com.br\/mundo\/2019\/desigualdade-global\/pt\/brasil\/infografico1.html?initialWidth=355&amp;childId=infographic-4&amp;parentTitle=Super-ricos%20no%20Brasil%20lideram%20concentra%C3%A7%C3%A3o%20de%20renda%20global%20-%20Brasil%20-%20Desigualdade%20global%20-%20Folha%20de%20S.Paulo&amp;parentUrl=https%3A%2F%2Ftemas.folha.uol.com.br%2Fdesigualdade-global%2Fbrasil%2Fsuper-ricos-no-brasil-lideram-concentracao-de-renda-global.shtml\" width=\"100%\" height=\"404px\" frameborder=\"0\" marginheight=\"0\" scrolling=\"no\" data-mce-fragment=\"1\"><\/iframe><\/div>\n<p>Mesmo considerando os 10% mais ricos, o Brasil empata com a \u00cdndia e s\u00f3 perde para a \u00c1frica do Sul no ranking dos mais desiguais. Os cerca de 14,2 milh\u00f5es de adultos nesse decil t\u00eam renda m\u00e9dia de R$ 28,5 mil e capturam 55,5% dos rendimentos totais.<\/p>\n<p>Depois do Brasil e do Qatar, onde o 1% det\u00e9m 29% da renda, pa\u00edses com forte ac\u00famulo no topo s\u00e3o Chile (modelo liberal para muitos e proporcionalmente mais rico que o Brasil), L\u00edbano, Emirados \u00c1rabes e Iraque.<\/p>\n<div class=\"f-mosaic f-mosaic-one\">\n<figure><img data-recalc-dims=\"1\" decoding=\"async\" src=\"https:\/\/i0.wp.com\/f.i.uol.com.br\/fotografia\/2019\/08\/19\/15662232475d5aab8fa3dc5_1566223247_3x2_rt.jpg?w=600&#038;ssl=1\" \/><\/figure>\n<p>Em S\u00e3o Paulo, visitantes em feira de avia\u00e7\u00e3o executiva, setor em que o Brasil tem a segunda maior frota do mundo, s\u00f3 atr\u00e1s dos EUA<\/p>\n<\/div>\n<p>Segundo Marc Morgan, que analisa dados do Brasil no relat\u00f3rio, enquanto os mais ricos no pa\u00eds expandiram a renda no per\u00edodo favor\u00e1vel de 2001 a 2015 e os 50% mais pobres tamb\u00e9m tiveram ganhos, a classe m\u00e9dia (os 40% &#8220;do meio&#8221;) perdeu participa\u00e7\u00e3o nos rendimentos totais, de 33,1% para 30,6%.<\/p>\n<p>Assim, o Brasil seguiu tend\u00eancia parecida \u00e0 dos demais pa\u00edses do Ocidente, onde as classes m\u00e9dias perderam terreno, entre outros motivos, porque a \u00c1sia ascendeu empregando m\u00e3o de obra barata na produ\u00e7\u00e3o industrial.<\/p>\n<p>De uma forma geral, os muito ricos no Brasil continuaram acumulando ganhos elevados, sobretudo de capital. E as faixas mais pobres progrediram com o aumento da atividade em setores n\u00e3o industriais, menos especializados e que empregam muita gente, como constru\u00e7\u00e3o e com\u00e9rcio.<\/p>\n<p>No miolo, a classe m\u00e9dia foi comprimida, entre outros fatores, pelo encolhimento da ind\u00fastria de transforma\u00e7\u00e3o, cuja participa\u00e7\u00e3o no PIB caiu \u00e0 metade nas duas \u00faltimas d\u00e9cadas, para cerca de 12%.<\/p>\n<p>Desde 2001, segundo o relat\u00f3rio, enquanto a metade mais pobre do Brasil obteve um aumento de 71,5% em sua renda, e os 10% mais ricos, de 60%, a classe m\u00e9dia (os 40% &#8220;do meio&#8221;) viu seus rendimentos crescerem menos: 44%.<\/p>\n<div id=\"infographic-5\" class=\"widget-infographic js-widget-infographic\" data-url=\"https:\/\/arte.folha.uol.com.br\/mundo\/2019\/desigualdade-global\/pt\/brasil\/infografico5.html\" data-infographic-id=\"infographic-5\"><iframe loading=\"lazy\" src=\"https:\/\/arte.folha.uol.com.br\/mundo\/2019\/desigualdade-global\/pt\/brasil\/infografico5.html?initialWidth=355&amp;childId=infographic-5&amp;parentTitle=Super-ricos%20no%20Brasil%20lideram%20concentra%C3%A7%C3%A3o%20de%20renda%20global%20-%20Brasil%20-%20Desigualdade%20global%20-%20Folha%20de%20S.Paulo&amp;parentUrl=https%3A%2F%2Ftemas.folha.uol.com.br%2Fdesigualdade-global%2Fbrasil%2Fsuper-ricos-no-brasil-lideram-concentracao-de-renda-global.shtml\" width=\"100%\" height=\"716px\" frameborder=\"0\" marginheight=\"0\" scrolling=\"no\" data-mce-fragment=\"1\"><\/iframe><\/div>\n<p>Morgan avalia que o mesmo fen\u00f4meno de &#8220;compress\u00e3o&#8221; da classe m\u00e9dia que favoreceu Donald Trump nos EUA, a direita na Europa e que levou o Reino Unido ao brexit tenha ajudado tamb\u00e9m na elei\u00e7\u00e3o de Jair Bolsonaro no Brasil em 2018 com a ajuda extra do discurso anticorrup\u00e7\u00e3o e anti-PT que empurrou o eleitorado para a direita.<\/p>\n<p>&#8220;O Brasil criou uma linha bastante dividida entre aqueles que ganharam mais e votaram no PT e essa classe m\u00e9dia espremida que perdeu terreno nos n\u00edveis mais altos da distribui\u00e7\u00e3o de renda&#8221;, diz Morgan.<\/p>\n<\/div>\n<\/div>\n<\/div>\n<\/div>\n<\/div>\n<div class=\"l-temas-grid__content\"><\/div>\n","protected":false},"excerpt":{"rendered":"<p>Entre os pa\u00edses democr\u00e1ticos, nenhum outro tem maior ac\u00famulo de rendimentos no 1% do topo; na crise, mis\u00e9ria voltou a subir, mas houve forte queda nos anos 2000<\/p>\n","protected":false},"author":1,"featured_media":0,"comment_status":"closed","ping_status":"open","sticky":false,"template":"","format":"standard","meta":{"_exactmetrics_skip_tracking":false,"_exactmetrics_sitenote_active":false,"_exactmetrics_sitenote_note":"","_exactmetrics_sitenote_category":0,"jetpack_post_was_ever_published":false,"_jetpack_newsletter_access":"","_jetpack_dont_email_post_to_subs":false,"_jetpack_newsletter_tier_id":0,"_jetpack_memberships_contains_paywalled_content":false,"_jetpack_memberships_contains_paid_content":false,"footnotes":"","jetpack_publicize_message":"","jetpack_publicize_feature_enabled":true,"jetpack_social_post_already_shared":true,"jetpack_social_options":{"image_generator_settings":{"template":"highway","enabled":false},"version":2}},"categories":[1],"tags":[],"class_list":["post-23475","post","type-post","status-publish","format-standard","hentry","category-notas"],"jetpack_publicize_connections":[],"jetpack_sharing_enabled":true,"jetpack_featured_media_url":"","jetpack_shortlink":"https:\/\/wp.me\/p7wKYW-66D","jetpack-related-posts":[],"_links":{"self":[{"href":"http:\/\/blogdalucianaoliveira.com.br\/blog\/wp-json\/wp\/v2\/posts\/23475","targetHints":{"allow":["GET"]}}],"collection":[{"href":"http:\/\/blogdalucianaoliveira.com.br\/blog\/wp-json\/wp\/v2\/posts"}],"about":[{"href":"http:\/\/blogdalucianaoliveira.com.br\/blog\/wp-json\/wp\/v2\/types\/post"}],"author":[{"embeddable":true,"href":"http:\/\/blogdalucianaoliveira.com.br\/blog\/wp-json\/wp\/v2\/users\/1"}],"replies":[{"embeddable":true,"href":"http:\/\/blogdalucianaoliveira.com.br\/blog\/wp-json\/wp\/v2\/comments?post=23475"}],"version-history":[{"count":1,"href":"http:\/\/blogdalucianaoliveira.com.br\/blog\/wp-json\/wp\/v2\/posts\/23475\/revisions"}],"predecessor-version":[{"id":23477,"href":"http:\/\/blogdalucianaoliveira.com.br\/blog\/wp-json\/wp\/v2\/posts\/23475\/revisions\/23477"}],"wp:attachment":[{"href":"http:\/\/blogdalucianaoliveira.com.br\/blog\/wp-json\/wp\/v2\/media?parent=23475"}],"wp:term":[{"taxonomy":"category","embeddable":true,"href":"http:\/\/blogdalucianaoliveira.com.br\/blog\/wp-json\/wp\/v2\/categories?post=23475"},{"taxonomy":"post_tag","embeddable":true,"href":"http:\/\/blogdalucianaoliveira.com.br\/blog\/wp-json\/wp\/v2\/tags?post=23475"}],"curies":[{"name":"wp","href":"https:\/\/api.w.org\/{rel}","templated":true}]}}