{"id":23480,"date":"2019-08-20T09:42:44","date_gmt":"2019-08-20T13:42:44","guid":{"rendered":"http:\/\/blogdalucianaoliveira.com.br\/blog\/?p=23480"},"modified":"2019-08-20T09:42:44","modified_gmt":"2019-08-20T13:42:44","slug":"bolsonaro-quer-ministerio-publico-docil-e-retrogrado-plano-tem-tudo-pra-dar-errado","status":"publish","type":"post","link":"http:\/\/blogdalucianaoliveira.com.br\/blog\/2019\/08\/20\/bolsonaro-quer-ministerio-publico-docil-e-retrogrado-plano-tem-tudo-pra-dar-errado\/","title":{"rendered":"Bolsonaro quer Minist\u00e9rio P\u00fablico d\u00f3cil e retr\u00f3grado; plano tem tudo pra dar errado"},"content":{"rendered":"<p><img data-recalc-dims=\"1\" decoding=\"async\" class=\"img-responsive\" src=\"https:\/\/i0.wp.com\/f.i.uol.com.br\/fotografia\/2019\/08\/19\/15662632635d5b47df94aa0_1566263263_1x1_md.jpg?w=600&#038;ssl=1\" sizes=\"(min-width: 1024px) 68vw, 100vw\" srcset=\" https:\/\/f.i.uol.com.br\/fotografia\/2019\/08\/19\/15662632635d5b47df94aa0_1566263263_1x1_th.jpg 100w,                                    https:\/\/f.i.uol.com.br\/fotografia\/2019\/08\/19\/15662632635d5b47df94aa0_1566263263_1x1_sm.jpg 480w,                   https:\/\/f.i.uol.com.br\/fotografia\/2019\/08\/19\/15662632635d5b47df94aa0_1566263263_1x1_md.jpg 768w,                   https:\/\/f.i.uol.com.br\/fotografia\/2019\/08\/19\/15662632635d5b47df94aa0_1566263263_1x1_lg.jpg 1024w,                   https:\/\/f.i.uol.com.br\/fotografia\/2019\/08\/19\/15662632635d5b47df94aa0_1566263263_1x1_xl.jpg 1200w,                   https:\/\/f.i.uol.com.br\/fotografia\/2019\/08\/19\/15662632635d5b47df94aa0_1566263263_1x1_rt.jpg 2400w \" alt=\"\" \/><\/p>\n<div>\n<div class=\"widget-image\">\n<figure><figcaption class=\"widget-image__subtitle\">O presidente Jair Bolsonaro &#8211;\u00a0<span class=\"widget-image__credits\">Pedro Ladeira &#8211; 25.ago.2019\/Folhapress<\/span><\/figcaption><\/figure>\n<\/div>\n<\/div>\n<p>&nbsp;<\/p>\n<p>Eventual \u00eaxito do presidente representar\u00e1 abalo a institui\u00e7\u00f5es e \u00e0 pr\u00f3pria democracia<!--more--><\/p>\n<div class=\"c-news__body\" data-share-text=\"\" data-news-content-text=\"\" data-disable-copy=\"\" data-continue-reading=\"\" data-continue-reading-hide-others=\".js-continue-reading-hidden\">\n<p>Na Folha<\/p>\n<p><cite class=\"c-author__name\">Ranier Bragon<\/cite><\/p>\n<p>&nbsp;<\/p>\n<p>O bolsonarismo sempre prometeu acabar com a mamata, a corrup\u00e7\u00e3o, o desvio, o malfeito e todo tipo de sin\u00f4nimo de bandalheira que talvez nem a falecida UDN tenha conseguido catalogar.<\/p>\n<p>Do discurso \u00e0 realidade, por\u00e9m, h\u00e1 todo um Grand Canyon que s\u00f3 quem habita a Mitol\u00e2ndia parece ignorar. Faltasse ainda algum comprova\u00e7\u00e3o disso, a\u00a0<a href=\"https:\/\/www1.folha.uol.com.br\/poder\/2019\/08\/corrida-para-chefiar-pgr-embaralha-e-bolsonaro-adia-decisao-sobre-sucessao.shtml\">novela para a indica\u00e7\u00e3o do novo procurador-geral da Rep\u00fablica<\/a>\u00a0estaria a\u00ed para completar a lacuna.<\/p>\n<p>Por que, \u00f3 Jesus, o presidente procura emplacar uma m\u00e3o amiga na chefia do Minist\u00e9rio P\u00fablico Federal?<\/p>\n<p>At\u00e9 o PT, o maior batedor de carteiras das gal\u00e1xias, na vis\u00e3o do bolsonarismo, sempre escolheu o mais votado pelos procuradores, que integram uma das institui\u00e7\u00f5es mais s\u00e9rias e basilares da nossa democracia.<\/p>\n<div class=\"c-advertising c-advertising--300x250 u-hidden-xs\">Jair Bolsonaro, por sua vez, d\u00e1 sinais de que pode ignorar a lista tr\u00edplice. N\u00e3o em nome de curr\u00edculos mais robustos ou coisa parecida. Quer, na verdade, buscar quem aceite ao m\u00e1ximo vestir o figurino medievalista e, talvez mais importante, d\u00ea sinais de que atuar\u00e1 para que os paladinos da moralidade de palanque n\u00e3o sejam importunados por quest\u00f5ezinhas como laranjas podres, Queirozgate e outras hist\u00f3rias mal contadas.<\/div>\n<p>E muita gente se esfor\u00e7ou no beija-m\u00e3o palaciano para assim parecer.<\/p>\n<p>O plano insulta a Rep\u00fablica e tem tudo pra dar errado. Para Bolsonaro ou para as institui\u00e7\u00f5es. Caso opte mesmo por um nome, digamos, pol\u00eamico, restar\u00e1 aos senadores e senadoras provarem que honram as cal\u00e7as e saias que vestem. Se se dobrarem a emendinhas e outras benesses e aprovarem a extravag\u00e2ncia, ter\u00e3o o opr\u00f3brio como recompensa.<\/p>\n<p>Mesmo nesse cen\u00e1rio, ressalte-se que o procurador-geral tem poder, mas ir\u00e1 enfrentar a dec\u00eancia de um sem-fim de colegas ciosos de suas biografias. E \u00e9 sempre bom lembrar que os bajuladores t\u00eam o singular car\u00e1ter de sempre serem os primeiros a colocar o pezinho pra fora do barco quando os ventos mudam.<\/p>\n<p>O certo \u00e9 que o atual processo tem sementes contaminadas que jamais poder\u00e3o resultar em frutos sadios.<\/p>\n<\/div>\n<div class=\"c-news__author c-author\">\n<div class=\"c-author__content\"><cite class=\"c-author__name\">Ranier Bragon<\/cite><\/p>\n<p class=\"c-author__bio\">Rep\u00f3rter especial em Bras\u00edlia, est\u00e1 na Folha desde 1998. Foi correspondente em Belo Horizonte e S\u00e3o Lu\u00eds e editor-adjunto de Poder.<\/p>\n<\/div>\n<\/div>\n<div class=\"c-news__stars u-no-print js-continue-reading-hidden\"><\/div>\n<div class=\"c-tools-share c-tools-share--bordered-md c-tools-share--margin-bottom toolbar rs_skip\"><\/div>\n","protected":false},"excerpt":{"rendered":"<p>O presidente Jair Bolsonaro &#8211;\u00a0Pedro Ladeira &#8211; 25.ago.2019\/Folhapress &nbsp; Eventual \u00eaxito do presidente representar\u00e1 abalo a institui\u00e7\u00f5es e \u00e0 pr\u00f3pria democracia<\/p>\n","protected":false},"author":1,"featured_media":0,"comment_status":"closed","ping_status":"open","sticky":false,"template":"","format":"standard","meta":{"_exactmetrics_skip_tracking":false,"_exactmetrics_sitenote_active":false,"_exactmetrics_sitenote_note":"","_exactmetrics_sitenote_category":0,"jetpack_post_was_ever_published":false,"_jetpack_newsletter_access":"","_jetpack_dont_email_post_to_subs":false,"_jetpack_newsletter_tier_id":0,"_jetpack_memberships_contains_paywalled_content":false,"_jetpack_memberships_contains_paid_content":false,"footnotes":"","jetpack_publicize_message":"","jetpack_publicize_feature_enabled":true,"jetpack_social_post_already_shared":true,"jetpack_social_options":{"image_generator_settings":{"template":"highway","enabled":false},"version":2}},"categories":[1],"tags":[],"class_list":["post-23480","post","type-post","status-publish","format-standard","hentry","category-notas"],"jetpack_publicize_connections":[],"jetpack_sharing_enabled":true,"jetpack_featured_media_url":"","jetpack_shortlink":"https:\/\/wp.me\/p7wKYW-66I","jetpack-related-posts":[],"_links":{"self":[{"href":"http:\/\/blogdalucianaoliveira.com.br\/blog\/wp-json\/wp\/v2\/posts\/23480","targetHints":{"allow":["GET"]}}],"collection":[{"href":"http:\/\/blogdalucianaoliveira.com.br\/blog\/wp-json\/wp\/v2\/posts"}],"about":[{"href":"http:\/\/blogdalucianaoliveira.com.br\/blog\/wp-json\/wp\/v2\/types\/post"}],"author":[{"embeddable":true,"href":"http:\/\/blogdalucianaoliveira.com.br\/blog\/wp-json\/wp\/v2\/users\/1"}],"replies":[{"embeddable":true,"href":"http:\/\/blogdalucianaoliveira.com.br\/blog\/wp-json\/wp\/v2\/comments?post=23480"}],"version-history":[{"count":1,"href":"http:\/\/blogdalucianaoliveira.com.br\/blog\/wp-json\/wp\/v2\/posts\/23480\/revisions"}],"predecessor-version":[{"id":23481,"href":"http:\/\/blogdalucianaoliveira.com.br\/blog\/wp-json\/wp\/v2\/posts\/23480\/revisions\/23481"}],"wp:attachment":[{"href":"http:\/\/blogdalucianaoliveira.com.br\/blog\/wp-json\/wp\/v2\/media?parent=23480"}],"wp:term":[{"taxonomy":"category","embeddable":true,"href":"http:\/\/blogdalucianaoliveira.com.br\/blog\/wp-json\/wp\/v2\/categories?post=23480"},{"taxonomy":"post_tag","embeddable":true,"href":"http:\/\/blogdalucianaoliveira.com.br\/blog\/wp-json\/wp\/v2\/tags?post=23480"}],"curies":[{"name":"wp","href":"https:\/\/api.w.org\/{rel}","templated":true}]}}