{"id":23482,"date":"2019-08-20T09:48:02","date_gmt":"2019-08-20T13:48:02","guid":{"rendered":"http:\/\/blogdalucianaoliveira.com.br\/blog\/?p=23482"},"modified":"2019-08-20T10:07:24","modified_gmt":"2019-08-20T14:07:24","slug":"folha-detona-bolsonaro-em-editorial-oportunista-mal-intencionado","status":"publish","type":"post","link":"http:\/\/blogdalucianaoliveira.com.br\/blog\/2019\/08\/20\/folha-detona-bolsonaro-em-editorial-oportunista-mal-intencionado\/","title":{"rendered":"Folha detona Bolsonaro em editorial: oportunista mal intencionado"},"content":{"rendered":"<h2 class=\"article__headline marginBottom30\"><picture><source srcset=\"https:\/\/publisher-publish.s3.eu-central-1.amazonaws.com\/pb-brasil247\/swp\/jtjeq9\/media\/2019082009084_c28295aa-518e-4e0f-86d9-2d2a4bb504f7.jpeg\" type=\"image\/jpeg\" media=\"(max-width: 680px)\" \/><source srcset=\"https:\/\/publisher-publish.s3.eu-central-1.amazonaws.com\/pb-brasil247\/swp\/jtjeq9\/media\/2019082009084_43c7491c-1ab6-44a0-8b89-1e32ffd7ffbe.jpeg\" type=\"image\/jpeg\" media=\"(min-width: 681px)\" \/><img data-recalc-dims=\"1\" decoding=\"async\" title=\" \" src=\"https:\/\/i0.wp.com\/publisher-publish.s3.eu-central-1.amazonaws.com\/pb-brasil247\/swp\/jtjeq9\/media\/2019082009084_43c7491c-1ab6-44a0-8b89-1e32ffd7ffbe.jpeg?w=600&#038;ssl=1\" alt=\"\" \/><\/picture><\/h2>\n<div class=\"article__text marginTop30\">\n<p><b>247 &#8211;<\/b>\u00a0O\u00a0<a href=\"https:\/\/www1.folha.uol.com.br\/opiniao\/2019\/08\/o-bebe-e-a-agua.shtml?utm_source=twitter&amp;utm_medium=social&amp;utm_campaign=twfolha\">editorial\u00a0<\/a>do jornal Folha de S.Paulo desta ter\u00e7a-feira (20) condena as \u00faltimas movimenta\u00e7\u00f5es de Jair Bolsonaro para impedir investiga\u00e7\u00f5es.<!--more--><\/p>\n<p>&#8220;J\u00e1 os oportunistas mal intencionados, em busca de blindagem contra investiga\u00e7\u00f5es, se aproveitam da onda de questionamento \u00e0s organiza\u00e7\u00f5es de controle para tentar atingi-las no seu \u00e2mago&#8221;,\u00a0<i>.\u00a0<\/i><\/p>\n<p>&#8220;\u00c9 o que faz Jair Bolsonaro (PSL) ao atropelar etapas hier\u00e1rquicas e meter-se em movimenta\u00e7\u00f5es de cargos de chefia na PF, na Receita e no Coaf. Fica patente o \u00e2nimo de punir servidores cujo trabalho causou constrangimento a familiares do presidente da Rep\u00fablica.&#8221;<\/p>\n<p>&#8220;Ajoelhar-se ante a tal capricho do mandat\u00e1rio equivaleria a retroceder ao tempo das cavernas da organiza\u00e7\u00e3o pol\u00edtica. Fazem bem os comandos das corpora\u00e7\u00f5es ao amea\u00e7arem um movimento de demiss\u00e3o coletiva caso a sandice prospere.&#8221;<\/p>\n<p>&#8220;Ainda assim, o rolo compressor dos expurgos presidenciais esmagou um servidor nesta segunda (19), com\u00a0<a href=\"https:\/\/www1.folha.uol.com.br\/poder\/2019\/08\/pressao-de-bolsonaro-leva-a-queda-de-numero-2-da-receita-federal.shtml\">a substitui\u00e7\u00e3o do n\u00famero dois do fisco federal, Jo\u00e3o Paulo Ramos Fachada<\/a>. O\u00a0<a href=\"https:\/\/www1.folha.uol.com.br\/poder\/2019\/08\/bolsonaro-sobre-troca-na-pf-quem-manda-sou-eu-ou-vou-ser-um-presidente-banana.shtml\">descomedimento do chefe de Estado<\/a>\u00a0\u00e9 tamanho que cabe indagar, inclusive \u00e0 Justi\u00e7a, se n\u00e3o h\u00e1 desvio de finalidade do mandat\u00e1rio nas interven\u00e7\u00f5es.&#8221;<\/p>\n<p>&#8220;Se n\u00e3o recuar do modo de choque com a institucionalidade, Jair Bolsonaro ter\u00e1 de ser contido por ela.&#8221;<\/p>\n<div class=\"teads-inread sm-screen\"><\/div>\n<p>Leia:\u00a0<a href=\"https:\/\/www1.folha.uol.com.br\/opiniao\/2019\/08\/o-bebe-e-a-agua.shtml\">https:\/\/www1.folha.uol.com.br\/opiniao\/2019\/08\/o-bebe-e-a-agua.shtml<\/a><\/p>\n<\/div>\n","protected":false},"excerpt":{"rendered":"<p>247 &#8211;\u00a0O\u00a0editorial\u00a0do jornal Folha de S.Paulo desta ter\u00e7a-feira (20) condena as \u00faltimas movimenta\u00e7\u00f5es de Jair Bolsonaro para impedir investiga\u00e7\u00f5es.<\/p>\n","protected":false},"author":1,"featured_media":0,"comment_status":"closed","ping_status":"open","sticky":false,"template":"","format":"standard","meta":{"_exactmetrics_skip_tracking":false,"_exactmetrics_sitenote_active":false,"_exactmetrics_sitenote_note":"","_exactmetrics_sitenote_category":0,"jetpack_post_was_ever_published":false,"_jetpack_newsletter_access":"","_jetpack_dont_email_post_to_subs":false,"_jetpack_newsletter_tier_id":0,"_jetpack_memberships_contains_paywalled_content":false,"_jetpack_memberships_contains_paid_content":false,"footnotes":"","jetpack_publicize_message":"","jetpack_publicize_feature_enabled":true,"jetpack_social_post_already_shared":true,"jetpack_social_options":{"image_generator_settings":{"template":"highway","enabled":false},"version":2}},"categories":[1],"tags":[],"class_list":["post-23482","post","type-post","status-publish","format-standard","hentry","category-notas"],"jetpack_publicize_connections":[],"jetpack_sharing_enabled":true,"jetpack_featured_media_url":"","jetpack_shortlink":"https:\/\/wp.me\/p7wKYW-66K","jetpack-related-posts":[],"_links":{"self":[{"href":"http:\/\/blogdalucianaoliveira.com.br\/blog\/wp-json\/wp\/v2\/posts\/23482","targetHints":{"allow":["GET"]}}],"collection":[{"href":"http:\/\/blogdalucianaoliveira.com.br\/blog\/wp-json\/wp\/v2\/posts"}],"about":[{"href":"http:\/\/blogdalucianaoliveira.com.br\/blog\/wp-json\/wp\/v2\/types\/post"}],"author":[{"embeddable":true,"href":"http:\/\/blogdalucianaoliveira.com.br\/blog\/wp-json\/wp\/v2\/users\/1"}],"replies":[{"embeddable":true,"href":"http:\/\/blogdalucianaoliveira.com.br\/blog\/wp-json\/wp\/v2\/comments?post=23482"}],"version-history":[{"count":2,"href":"http:\/\/blogdalucianaoliveira.com.br\/blog\/wp-json\/wp\/v2\/posts\/23482\/revisions"}],"predecessor-version":[{"id":23484,"href":"http:\/\/blogdalucianaoliveira.com.br\/blog\/wp-json\/wp\/v2\/posts\/23482\/revisions\/23484"}],"wp:attachment":[{"href":"http:\/\/blogdalucianaoliveira.com.br\/blog\/wp-json\/wp\/v2\/media?parent=23482"}],"wp:term":[{"taxonomy":"category","embeddable":true,"href":"http:\/\/blogdalucianaoliveira.com.br\/blog\/wp-json\/wp\/v2\/categories?post=23482"},{"taxonomy":"post_tag","embeddable":true,"href":"http:\/\/blogdalucianaoliveira.com.br\/blog\/wp-json\/wp\/v2\/tags?post=23482"}],"curies":[{"name":"wp","href":"https:\/\/api.w.org\/{rel}","templated":true}]}}