{"id":23485,"date":"2019-08-20T10:28:20","date_gmt":"2019-08-20T14:28:20","guid":{"rendered":"http:\/\/blogdalucianaoliveira.com.br\/blog\/?p=23485"},"modified":"2019-08-20T10:28:20","modified_gmt":"2019-08-20T14:28:20","slug":"fumaca-de-queimadas-encobre-cidades-brasileiras","status":"publish","type":"post","link":"http:\/\/blogdalucianaoliveira.com.br\/blog\/2019\/08\/20\/fumaca-de-queimadas-encobre-cidades-brasileiras\/","title":{"rendered":"Fuma\u00e7a de queimadas encobre cidades brasileiras"},"content":{"rendered":"<div class=\"td-crumb-container\">\n<div class=\"entry-crumbs\"><a class=\"td-modal-image\" href=\"https:\/\/i0.wp.com\/cdn-cv.r4you.co\/wp-content\/uploads\/2019\/08\/brasil-via-satelite.jpg?ssl=1\" data-caption=\"\"><img data-recalc-dims=\"1\" loading=\"lazy\" decoding=\"async\" class=\"entry-thumb\" title=\"brasil via satelite\" src=\"https:\/\/i0.wp.com\/cdn-cv.r4you.co\/wp-content\/uploads\/2019\/08\/brasil-via-satelite-1068x600.jpg?resize=600%2C337&#038;ssl=1\" sizes=\"auto, (max-width: 1068px) 100vw, 1068px\" srcset=\"https:\/\/cdn-cv.r4you.co\/wp-content\/uploads\/2019\/08\/brasil-via-satelite-1068x600.jpg 1068w, https:\/\/cdn-cv.r4you.co\/wp-content\/uploads\/2019\/08\/brasil-via-satelite-300x169.jpg 300w, https:\/\/cdn-cv.r4you.co\/wp-content\/uploads\/2019\/08\/brasil-via-satelite-768x432.jpg 768w, https:\/\/cdn-cv.r4you.co\/wp-content\/uploads\/2019\/08\/brasil-via-satelite-1024x576.jpg 1024w, https:\/\/cdn-cv.r4you.co\/wp-content\/uploads\/2019\/08\/brasil-via-satelite-696x391.jpg 696w, https:\/\/cdn-cv.r4you.co\/wp-content\/uploads\/2019\/08\/brasil-via-satelite-747x420.jpg 747w, https:\/\/cdn-cv.r4you.co\/wp-content\/uploads\/2019\/08\/brasil-via-satelite.jpg 1334w\" alt=\"\" width=\"600\" height=\"337\" \/><\/a><\/div>\n<\/div>\n<div class=\"entry-crumbs\"><\/div>\n<div class=\"entry-crumbs\"><\/div>\n<div class=\"entry-crumbs\">\n<div class=\"td-post-content\">\n<p>Ciclovivo &#8211; Imagens de sat\u00e9lite mostraram no \u00faltimo s\u00e1bado (17) que um \u201crio\u201d de fuma\u00e7a descia\u00a0 da regi\u00e3o amaz\u00f4nica at\u00e9 o sul do pa\u00eds. Um dia antes, a quantidade de fuma\u00e7a no c\u00e9u de Porto Velho, capital de Rond\u00f4nia, era tanta que um voo chegou a mudar a rota, pois a visibilidade estava comprometida. Focos de inc\u00eandio provocados t\u00eam ocorrido desde a semana passada no norte do pa\u00eds.<\/p>\n<p>A fuma\u00e7a de origem amaz\u00f4nica j\u00e1 era percebida no fim de semana em algumas cidades do sul. Na tarde de ter\u00e7a-feira, 19, moradores da capital paulista se assustaram com o c\u00e9u escuro j\u00e1 \u00e0s 15h. Segundo a empresa de meteorologia MetSul, a fuma\u00e7a que alcan\u00e7a o Brasil \u00e9 parte da regi\u00e3o amaz\u00f4nica, mas \u00e9 tamb\u00e9m resultado de focos de inc\u00eandio de enormes propor\u00e7\u00f5es que ocorreram na tr\u00edplice fronteira do Brasil, Bol\u00edvia e Paraguai nas \u00faltimas 48h.<!--more--><\/p>\n<p>\u201cEsses inc\u00eandios no Paraguai e Bol\u00edvia explodiram em tamanho e intensidade no fim de semana. A pluma de fuma\u00e7a atua hoje no Mato Grosso do Sul, S\u00e3o Paulo e o Norte do Paran\u00e1\u201d, afirma o servi\u00e7o meteorol\u00f3gico.\u00a0No Alto Paraguai, por exemplo, o inc\u00eandio queimou 21 mil hectares e at\u00e9 \u201cchoveu\u201d fuligem na regi\u00e3o. Mas este ao contr\u00e1rio do que ocorre neste momento na Bol\u00edvia, j\u00e1 est\u00e1 controlado.<\/p>\n<p>Em S\u00e3o Paulo, a mistura de pluma de fuma\u00e7a e nebulosidade contribu\u00edram para reduzir a luminosidade -, criando a escurid\u00e3o que virou o principal assunto nesta tarde. Ao G1, a meteorologista do Instituto Nacional de Meteorologia (Inmet), Helena Balbino, explica que h\u00e1 tamb\u00e9m uma converg\u00eancia de tr\u00eas massas com temperaturas distintas: frente fria, temperaturas amenas do oceano e vento quente do interior. J\u00e1 o Climatempo ressalta que a mudan\u00e7a de circula\u00e7\u00e3o de ventos trouxe a fuma\u00e7a proveniente de queimadas no Norte do Brasil e na Bol\u00edvia.<\/p>\n<h2>Aumento do foco de inc\u00eandios<\/h2>\n<p>No \u00faltimo domingo (18), o Climatempo j\u00e1 havia ressaltado que o n\u00famero de focos de queimadas detectados pelo sat\u00e9lite de refer\u00eancia AQUA_M-T, administrado pela NASA, era o maior nos \u00faltimos cinco anos considerando o per\u00edodo de 01 de janeiro a 17 de agosto. Em 2019, houve o registro de 65.711 de focos de queimadas, cerca de 70% maior que o ano de 2018.<\/p>\n<p>Os estados de Mato Grosso do Sul e Rond\u00f4nia lideram o ranking de estados com o maior aumento de registros comparados com o ano anterior.<\/p>\n<p>Imagem: NOAA (Administra\u00e7\u00e3o Oce\u00e2nica e Atmosf\u00e9rica Nacional).<\/p>\n<div id=\"div-gpt-ad-1559588201806-3\" data-google-query-id=\"COP1lvjTkeQCFQgJgQodMyoAwA\"><\/div>\n<\/div>\n<footer>\n<div class=\"td-post-source-tags\"><\/div>\n<div class=\"td-post-sharing-bottom\"><\/div>\n<\/footer>\n<\/div>\n<p>&nbsp;<\/p>\n<div class=\"td-post-header-holder td-image-gradient\"><\/div>\n","protected":false},"excerpt":{"rendered":"<p>Ciclovivo &#8211; Imagens de sat\u00e9lite mostraram no \u00faltimo s\u00e1bado (17) que um \u201crio\u201d de fuma\u00e7a descia\u00a0 da regi\u00e3o amaz\u00f4nica at\u00e9 o sul do pa\u00eds. Um dia antes, a quantidade de fuma\u00e7a no c\u00e9u de Porto Velho, capital de Rond\u00f4nia, era tanta que um voo chegou a mudar a rota, pois a visibilidade estava comprometida. Focos&#8230;<a class=\"more-link\" href=\"http:\/\/blogdalucianaoliveira.com.br\/blog\/2019\/08\/20\/fumaca-de-queimadas-encobre-cidades-brasileiras\/\">Continue a leitura <span class=\"meta-nav\">&raquo;<\/span><\/a><\/p>\n","protected":false},"author":1,"featured_media":0,"comment_status":"closed","ping_status":"open","sticky":false,"template":"","format":"standard","meta":{"_exactmetrics_skip_tracking":false,"_exactmetrics_sitenote_active":false,"_exactmetrics_sitenote_note":"","_exactmetrics_sitenote_category":0,"jetpack_post_was_ever_published":false,"_jetpack_newsletter_access":"","_jetpack_dont_email_post_to_subs":false,"_jetpack_newsletter_tier_id":0,"_jetpack_memberships_contains_paywalled_content":false,"_jetpack_memberships_contains_paid_content":false,"footnotes":"","jetpack_publicize_message":"","jetpack_publicize_feature_enabled":true,"jetpack_social_post_already_shared":true,"jetpack_social_options":{"image_generator_settings":{"template":"highway","enabled":false},"version":2}},"categories":[1],"tags":[],"class_list":["post-23485","post","type-post","status-publish","format-standard","hentry","category-notas"],"jetpack_publicize_connections":[],"jetpack_sharing_enabled":true,"jetpack_featured_media_url":"","jetpack_shortlink":"https:\/\/wp.me\/p7wKYW-66N","jetpack-related-posts":[],"_links":{"self":[{"href":"http:\/\/blogdalucianaoliveira.com.br\/blog\/wp-json\/wp\/v2\/posts\/23485","targetHints":{"allow":["GET"]}}],"collection":[{"href":"http:\/\/blogdalucianaoliveira.com.br\/blog\/wp-json\/wp\/v2\/posts"}],"about":[{"href":"http:\/\/blogdalucianaoliveira.com.br\/blog\/wp-json\/wp\/v2\/types\/post"}],"author":[{"embeddable":true,"href":"http:\/\/blogdalucianaoliveira.com.br\/blog\/wp-json\/wp\/v2\/users\/1"}],"replies":[{"embeddable":true,"href":"http:\/\/blogdalucianaoliveira.com.br\/blog\/wp-json\/wp\/v2\/comments?post=23485"}],"version-history":[{"count":1,"href":"http:\/\/blogdalucianaoliveira.com.br\/blog\/wp-json\/wp\/v2\/posts\/23485\/revisions"}],"predecessor-version":[{"id":23486,"href":"http:\/\/blogdalucianaoliveira.com.br\/blog\/wp-json\/wp\/v2\/posts\/23485\/revisions\/23486"}],"wp:attachment":[{"href":"http:\/\/blogdalucianaoliveira.com.br\/blog\/wp-json\/wp\/v2\/media?parent=23485"}],"wp:term":[{"taxonomy":"category","embeddable":true,"href":"http:\/\/blogdalucianaoliveira.com.br\/blog\/wp-json\/wp\/v2\/categories?post=23485"},{"taxonomy":"post_tag","embeddable":true,"href":"http:\/\/blogdalucianaoliveira.com.br\/blog\/wp-json\/wp\/v2\/tags?post=23485"}],"curies":[{"name":"wp","href":"https:\/\/api.w.org\/{rel}","templated":true}]}}