{"id":2349,"date":"2016-07-14T07:31:25","date_gmt":"2016-07-14T11:31:25","guid":{"rendered":"http:\/\/blogdalucianaoliveira.com.br\/blog\/?p=2349"},"modified":"2016-07-14T07:31:25","modified_gmt":"2016-07-14T11:31:25","slug":"esse-pt-nao-aprende","status":"publish","type":"post","link":"http:\/\/blogdalucianaoliveira.com.br\/blog\/2016\/07\/14\/esse-pt-nao-aprende\/","title":{"rendered":"Esse PT n\u00e3o aprende&#8230;"},"content":{"rendered":"<p><img data-recalc-dims=\"1\" loading=\"lazy\" decoding=\"async\" data-attachment-id=\"2350\" data-permalink=\"http:\/\/blogdalucianaoliveira.com.br\/blog\/2016\/07\/14\/esse-pt-nao-aprende\/image-530\/\" data-orig-file=\"https:\/\/i0.wp.com\/blogdalucianaoliveira.com.br\/blog\/wp-content\/uploads\/2016\/07\/image-82.jpeg?fit=290%2C174\" data-orig-size=\"290,174\" data-comments-opened=\"0\" data-image-meta=\"{&quot;aperture&quot;:&quot;0&quot;,&quot;credit&quot;:&quot;&quot;,&quot;camera&quot;:&quot;&quot;,&quot;caption&quot;:&quot;&quot;,&quot;created_timestamp&quot;:&quot;0&quot;,&quot;copyright&quot;:&quot;&quot;,&quot;focal_length&quot;:&quot;0&quot;,&quot;iso&quot;:&quot;0&quot;,&quot;shutter_speed&quot;:&quot;0&quot;,&quot;title&quot;:&quot;&quot;,&quot;orientation&quot;:&quot;0&quot;}\" data-image-title=\"image\" data-image-description=\"\" data-image-caption=\"\" data-medium-file=\"https:\/\/i0.wp.com\/blogdalucianaoliveira.com.br\/blog\/wp-content\/uploads\/2016\/07\/image-82.jpeg?fit=290%2C174\" data-large-file=\"https:\/\/i0.wp.com\/blogdalucianaoliveira.com.br\/blog\/wp-content\/uploads\/2016\/07\/image-82.jpeg?fit=290%2C174\" src=\"https:\/\/i0.wp.com\/blogdalucianaoliveira.com.br\/blog\/wp-content\/uploads\/2016\/07\/image-82.jpeg?resize=290%2C174\" alt=\"image\" width=\"290\" height=\"174\" class=\"alignnone size-full wp-image-2350\" \/><\/p>\n<p>Rodrigo Maia, o liberal alinhado a Temer que presidir\u00e1 a C\u00e2mara<br \/>\nParlamentar pelo Rio construiu candidatura para disputar espa\u00e7o com &#8216;centr\u00e3o&#8217;<!--more--><\/p>\n<p>por Talita Bedinelli, no El Pa\u00eds<\/p>\n<p>Contra o aborto, o regime de partilha do pr\u00e9-sal, a legaliza\u00e7\u00e3o da maconha e o aumento de impostos, o parlamentar pelo Rio, Rodrigo Maia (DEM), era visto nos bastidores como o mais sintonizado com os ideais do presidente interino Michel Temer, ainda que n\u00e3o fosse seu favorito desde o in\u00edcio para o posto. Para o Planalto, a vit\u00f3ria coloca um nome confi\u00e1vel para se ter na cadeira que decide quais projetos v\u00e3o \u00e0 vota\u00e7\u00e3o no Congresso do pa\u00eds.<\/p>\n<p>O filho do ex-prefeito do Rio C\u00e9sar Maia chegou a ser cotado para atuar como l\u00edder do Governo neste ano, assim que Temer assumiu a presid\u00eancia. Mas acabou perdendo a posi\u00e7\u00e3o para Andr\u00e9 Moura (PSC), um candidato apoiado pelo ex-presidente da C\u00e2mara, Eduardo Cunha (PMDB), bastante ligado a Temer. Na elei\u00e7\u00e3o para a presid\u00eancia da Casa, entretanto, o candidato de Cunha, Rog\u00e9rio Rosso (PSD) era um visto como mais inst\u00e1vel para o Governo, j\u00e1 que era mais suscept\u00edvel \u00e0s press\u00f5es do grupo que o apoiou, o chamado centr\u00e3o, segundo o analista pol\u00edtico Ant\u00f4nio Queiroz, do Departamento Intersindical de Assessoria Parlamentar (Diap). Os candidatos deste grupo, liderados pelo ex-presidente da C\u00e2mara, costumam direcionar seus apoios de acordo com seus pr\u00f3prios interesses e s\u00e3o vistos, muitas vezes, como chantagistas.<\/p>\n<p>Ex-banc\u00e1rio, ele nasceu em Santiago, no Chile, em 1970, quando seu pai estava exilado por conta da ditadura militar. Est\u00e1 em sua quinta legislatura -a primeira foi em 1999. Ex-presidente do antigo PFL, ele foi um dos articuladores da mudan\u00e7a do nome da sigla para DEM com o objetivo de tornar a imagem do partido mais jovem e mais afastado de seu passado de liga\u00e7\u00e3o com o conservadorismo e a ditadura. A ideia era deslocar a legenda mais para o centro, mas a polariza\u00e7\u00e3o da era PT no poder limitaram os planos e o partido vivia, at\u00e9 ser ponta de lan\u00e7a do impeachment, um decl\u00ednio.<\/p>\n<p>No ano passado, Maia foi relator do projeto que discutiu a reforma pol\u00edtica na C\u00e2mara e se posicionou contrariamente \u00e0 proibi\u00e7\u00e3o de doa\u00e7\u00f5es de empresas a partidos pol\u00edticos, medida que acabou aprovada na Casa, mas depois foi considerada inconstitucional pelo Supremo Tribunal Federal. Segundo o projeto Atlas Pol\u00edtico, ele gastou 2,3 milh\u00f5es de reais em sua \u00faltima campanha e seu maior doador foi o Banco BMG, envolvido no esc\u00e2ndalo do mensal\u00e3o, que repassou a ele 550.000 reais. Ele tamb\u00e9m recebeu 100.000 reais da JBS, envolvida na Opera\u00e7\u00e3o Lava Jato. Maia n\u00e3o responde a processos judiciais, mas mensagens suas foram encontradas no celular do ex-presidente da OAS L\u00e9o Pinheiro, que negocia dela\u00e7\u00e3o na Lava Jato. Nelas, Maia pede doa\u00e7\u00f5es, que ele disse serem legais. De acordo com a revista \u00c9poca, a Procuradoria-geral da Rep\u00fablica pediu ao Supremo Tribunal Federal para abrir investiga\u00e7\u00e3o contra o novo presidente da C\u00e2mara.<\/p>\n<p>Neste ano, o mais novo do cl\u00e3 Maia foi um dos membros mais atuantes da Comiss\u00e3o Especial de Impeachment, quando chamou o ex-presidente Luiz In\u00e1cio Lula da Silva de &#8220;fascista&#8221; e disse que ele governava &#8220;acima das leis&#8221;. Foi dele o voto de n\u00famero 247 pela admissibilidade da abertura do processo de impeachment de Dilma Rousseff, o qual dedicou ao pai que, quando prefeito do Rio, foi &#8220;atropelado pelo PT&#8221;. Ironicamente, sua vit\u00f3ria se construiria com ajuda de petistas. Na tribuna, ele citou at\u00e9 o ex-presidente da legenda e condenado no mensal\u00e3o, Jos\u00e9 Genoino. Sua oposi\u00e7\u00e3o ferrenha ao partido pode, portanto, tornar a situa\u00e7\u00e3o da presidenta afastada ainda mais complicada, caso ela consiga reverter no Senado os votos favor\u00e1veis a seu afastamento e retorne \u00e0 Presid\u00eancia em setembro.<\/p>\n","protected":false},"excerpt":{"rendered":"<p>Rodrigo Maia, o liberal alinhado a Temer que presidir\u00e1 a C\u00e2mara Parlamentar pelo Rio construiu candidatura para disputar espa\u00e7o com &#8216;centr\u00e3o&#8217;<\/p>\n","protected":false},"author":1,"featured_media":0,"comment_status":"closed","ping_status":"open","sticky":false,"template":"","format":"standard","meta":{"_exactmetrics_skip_tracking":false,"_exactmetrics_sitenote_active":false,"_exactmetrics_sitenote_note":"","_exactmetrics_sitenote_category":0,"jetpack_post_was_ever_published":false,"_jetpack_newsletter_access":"","_jetpack_dont_email_post_to_subs":false,"_jetpack_newsletter_tier_id":0,"_jetpack_memberships_contains_paywalled_content":false,"_jetpack_memberships_contains_paid_content":false,"footnotes":"","jetpack_publicize_message":"","jetpack_publicize_feature_enabled":true,"jetpack_social_post_already_shared":true,"jetpack_social_options":{"image_generator_settings":{"template":"highway","enabled":false},"version":2}},"categories":[1],"tags":[],"class_list":["post-2349","post","type-post","status-publish","format-standard","hentry","category-notas"],"jetpack_publicize_connections":[],"jetpack_sharing_enabled":true,"jetpack_featured_media_url":"","jetpack_shortlink":"https:\/\/wp.me\/p7wKYW-BT","jetpack-related-posts":[],"_links":{"self":[{"href":"http:\/\/blogdalucianaoliveira.com.br\/blog\/wp-json\/wp\/v2\/posts\/2349","targetHints":{"allow":["GET"]}}],"collection":[{"href":"http:\/\/blogdalucianaoliveira.com.br\/blog\/wp-json\/wp\/v2\/posts"}],"about":[{"href":"http:\/\/blogdalucianaoliveira.com.br\/blog\/wp-json\/wp\/v2\/types\/post"}],"author":[{"embeddable":true,"href":"http:\/\/blogdalucianaoliveira.com.br\/blog\/wp-json\/wp\/v2\/users\/1"}],"replies":[{"embeddable":true,"href":"http:\/\/blogdalucianaoliveira.com.br\/blog\/wp-json\/wp\/v2\/comments?post=2349"}],"version-history":[{"count":1,"href":"http:\/\/blogdalucianaoliveira.com.br\/blog\/wp-json\/wp\/v2\/posts\/2349\/revisions"}],"predecessor-version":[{"id":2351,"href":"http:\/\/blogdalucianaoliveira.com.br\/blog\/wp-json\/wp\/v2\/posts\/2349\/revisions\/2351"}],"wp:attachment":[{"href":"http:\/\/blogdalucianaoliveira.com.br\/blog\/wp-json\/wp\/v2\/media?parent=2349"}],"wp:term":[{"taxonomy":"category","embeddable":true,"href":"http:\/\/blogdalucianaoliveira.com.br\/blog\/wp-json\/wp\/v2\/categories?post=2349"},{"taxonomy":"post_tag","embeddable":true,"href":"http:\/\/blogdalucianaoliveira.com.br\/blog\/wp-json\/wp\/v2\/tags?post=2349"}],"curies":[{"name":"wp","href":"https:\/\/api.w.org\/{rel}","templated":true}]}}