{"id":23492,"date":"2019-08-20T13:18:56","date_gmt":"2019-08-20T17:18:56","guid":{"rendered":"http:\/\/blogdalucianaoliveira.com.br\/blog\/?p=23492"},"modified":"2019-08-20T13:18:56","modified_gmt":"2019-08-20T17:18:56","slug":"nota-sobre-remocoes-a-revelia-de-servidores-do-instituto-chico-mendes","status":"publish","type":"post","link":"http:\/\/blogdalucianaoliveira.com.br\/blog\/2019\/08\/20\/nota-sobre-remocoes-a-revelia-de-servidores-do-instituto-chico-mendes\/","title":{"rendered":"Nota sobre remo\u00e7\u00f5es \u00e0 revelia de servidores do Instituto Chico Mendes"},"content":{"rendered":"<p><img data-recalc-dims=\"1\" loading=\"lazy\" decoding=\"async\" data-attachment-id=\"23490\" data-permalink=\"http:\/\/blogdalucianaoliveira.com.br\/blog\/8dc7f794-ed12-4e15-b9d3-13e099e4239d\/\" data-orig-file=\"https:\/\/i0.wp.com\/blogdalucianaoliveira.com.br\/blog\/wp-content\/uploads\/2019\/08\/8DC7F794-ED12-4E15-B9D3-13E099E4239D.jpeg?fit=554%2C554\" data-orig-size=\"554,554\" data-comments-opened=\"0\" data-image-meta=\"{&quot;aperture&quot;:&quot;0&quot;,&quot;credit&quot;:&quot;&quot;,&quot;camera&quot;:&quot;&quot;,&quot;caption&quot;:&quot;&quot;,&quot;created_timestamp&quot;:&quot;0&quot;,&quot;copyright&quot;:&quot;&quot;,&quot;focal_length&quot;:&quot;0&quot;,&quot;iso&quot;:&quot;0&quot;,&quot;shutter_speed&quot;:&quot;0&quot;,&quot;title&quot;:&quot;&quot;,&quot;orientation&quot;:&quot;0&quot;}\" data-image-title=\"8DC7F794-ED12-4E15-B9D3-13E099E4239D\" data-image-description=\"\" data-image-caption=\"\" data-medium-file=\"https:\/\/i0.wp.com\/blogdalucianaoliveira.com.br\/blog\/wp-content\/uploads\/2019\/08\/8DC7F794-ED12-4E15-B9D3-13E099E4239D.jpeg?fit=300%2C300\" data-large-file=\"https:\/\/i0.wp.com\/blogdalucianaoliveira.com.br\/blog\/wp-content\/uploads\/2019\/08\/8DC7F794-ED12-4E15-B9D3-13E099E4239D.jpeg?fit=554%2C554\" src=\"https:\/\/i0.wp.com\/blogdalucianaoliveira.com.br\/blog\/wp-content\/uploads\/2019\/08\/8DC7F794-ED12-4E15-B9D3-13E099E4239D.jpeg?resize=554%2C554\" alt=\"8DC7F794-ED12-4E15-B9D3-13E099E4239D\" width=\"554\" height=\"554\" class=\"alignnone size-full wp-image-23490\" srcset=\"https:\/\/i0.wp.com\/blogdalucianaoliveira.com.br\/blog\/wp-content\/uploads\/2019\/08\/8DC7F794-ED12-4E15-B9D3-13E099E4239D.jpeg?w=554 554w, https:\/\/i0.wp.com\/blogdalucianaoliveira.com.br\/blog\/wp-content\/uploads\/2019\/08\/8DC7F794-ED12-4E15-B9D3-13E099E4239D.jpeg?resize=150%2C150 150w, https:\/\/i0.wp.com\/blogdalucianaoliveira.com.br\/blog\/wp-content\/uploads\/2019\/08\/8DC7F794-ED12-4E15-B9D3-13E099E4239D.jpeg?resize=300%2C300 300w\" sizes=\"auto, (max-width: 554px) 100vw, 554px\" \/><\/p>\n<p>NOTA<\/p>\n<p>A cada dia fica mais evidente a inten\u00e7\u00e3o do governo federal de enfraquecer os \u00f3rg\u00e3os ambientais. Segue atacando a credibilidade de institui\u00e7\u00f5es p\u00fablicas de renome, como o INPE, ou desautorizando publicamente as opera\u00e7\u00f5es de fiscaliza\u00e7\u00e3o do Ibama e do Chico Mendes, cujos n\u00fameros de autua\u00e7\u00f5es v\u00eam diminuindo1 enquanto cresce o desmatamento ilegal. <!--more--><\/p>\n<p>Sob o falso argumento de acabar com uma suposta \u201cind\u00fastria das multas\u201d, ideia fantasiosa que o governo insiste em disseminar, estimula com esse discurso a\u00e7\u00f5es criminosas como o ataque ao caminh\u00e3o do Ibama incendiado em Rond\u00f4nia, minando a capacidade e possibilidade de a\u00e7\u00e3o dos \u00f3rg\u00e3os ambientais.<\/p>\n<p>Como se n\u00e3o bastasse atacar as institui\u00e7\u00f5es, o governo tem procurado desqualificar e perseguir, inclusive pessoalmente, os servidores da \u00e1rea ambiental que, no estrito cumprimento de sua atribui\u00e7\u00e3o legal, ao constatarem a pr\u00e1tica de uma ilegalidade, aplicam as multas previstas em Lei. Se o multado \u00e9 aliado do governo, o servidor \u201catrevido\u201d pode se preparar para enfrentar retalia\u00e7\u00f5es de todo tipo.<\/p>\n<p>Nos \u00faltimos dias, a sanha destruidora ganhou novos contornos. No Chico Mendes, autarquia da administra\u00e7\u00e3o p\u00fablica civil, mas agora comandada por policiais militares, servidores est\u00e3o sendo removidos para outras cidades e outros estados \u00e0 sua revelia, sem a apresenta\u00e7\u00e3o de quaisquer motiva\u00e7\u00f5es, crit\u00e9rios e justificativas t\u00e9cnicas. <\/p>\n<p>Remo\u00e7\u00f5es de of\u00edcio s\u00e3o previstas na legisla\u00e7\u00e3o, mas n\u00e3o podem ser usadas como instrumento de persegui\u00e7\u00e3o, ass\u00e9dio ou intimida\u00e7\u00e3o. H\u00e1 que se demonstrar, com embasamento t\u00e9cnico, o \u201cinteresse institucional\u201d na remo\u00e7\u00e3o, que implica em evidentes transtornos na vida do removido e tamb\u00e9m no desfalque da equipe onde atua.<\/p>\n<p>Para viabilizar os denominados NUCAM (N\u00facleo de Concilia\u00e7\u00e3o Ambiental), a presid\u00eancia do Instituto est\u00e1 retirando servidores de unidades de conserva\u00e7\u00e3o (UCs), fundamentais para a prote\u00e7\u00e3o da natureza, para povoar esses n\u00facleos localizados nas capitais. H\u00e1 situa\u00e7\u00f5es de servidores com anos de experi\u00eancia, forma\u00e7\u00e3o espec\u00edfica e relevantes conhecimentos para a atua\u00e7\u00e3o em uma \u00e1rea marinha, por exemplo, e que n\u00e3o se candidataram \u00e0 sele\u00e7\u00e3o para os NUCAMs (Portaria n. 295, de 26\/06\/2019), serem jogados para localidades a centenas de quil\u00f4metros do mar, deixando as UCs de origem totalmente desfalcadas. Por outro lado, servidores que se candidataram para preencher essas vagas n\u00e3o est\u00e3o sendo aproveitados. <\/p>\n<p>Onde est\u00e1 o interesse institucional? Onde est\u00e1 o interesse p\u00fablico? Para onde vai o princ\u00edpio da efici\u00eancia, da economicidade e da impessoalidade?<\/p>\n<p>Chamamos a aten\u00e7\u00e3o da sociedade para esta situa\u00e7\u00e3o. N\u00e3o queremos a dilapida\u00e7\u00e3o do patrim\u00f4nio ambiental, pelo qual atuamos e que pertence a todos, independentemente de governos. <\/p>\n<p>Ao povo brasileiro reiteramos nosso compromisso em seguir atentos \u00e0 nossa principal miss\u00e3o: garantir o cumprimento do Artigo 225 da Constitui\u00e7\u00e3o Federal. O meio ambiente \u00e9 de todos n\u00f3s brasileiros, inclusive dos que ainda n\u00e3o nasceram, mas h\u00e3o de conhecer nossos biomas n\u00e3o s\u00f3 por fotografias e poder se orgulhar da biodiversidade brasileira, a maior do planeta!<\/p>\n<p>Por fim, manifestamos nossa irrestrita solidariedade aos colegas que est\u00e3o sofrendo esta injustific\u00e1vel e arbitr\u00e1ria persegui\u00e7\u00e3o. Saibam que n\u00e3o est\u00e3o sozinhos. As nossas associa\u00e7\u00f5es e sindicatos tomar\u00e3o todas as medidas cab\u00edveis para a garantia de seus direitos. <\/p>\n<p>Estamos juntos!<br \/>\nBras\u00edlia-DF, 19 de agosto de 2019. Diretoria Executiva da Ascema Nacional<br \/>\n#MAR\u00c9Socioambiental #N\u00e3oAoRetrocessoSocioambiental #AbraceOMeioAmbiente #ICMBIO #MeioAmbiente #MMA #Minist\u00e9riodoMeioAmbiente #Servi\u00e7oFlorestal #Ibama #SemLicen\u00e7aPraDestruir<\/p>\n","protected":false},"excerpt":{"rendered":"<p>NOTA A cada dia fica mais evidente a inten\u00e7\u00e3o do governo federal de enfraquecer os \u00f3rg\u00e3os ambientais. Segue atacando a credibilidade de institui\u00e7\u00f5es p\u00fablicas de renome, como o INPE, ou desautorizando publicamente as opera\u00e7\u00f5es de fiscaliza\u00e7\u00e3o do Ibama e do Chico Mendes, cujos n\u00fameros de autua\u00e7\u00f5es v\u00eam diminuindo1 enquanto cresce o desmatamento ilegal.<\/p>\n","protected":false},"author":1,"featured_media":0,"comment_status":"closed","ping_status":"open","sticky":false,"template":"","format":"standard","meta":{"_exactmetrics_skip_tracking":false,"_exactmetrics_sitenote_active":false,"_exactmetrics_sitenote_note":"","_exactmetrics_sitenote_category":0,"jetpack_post_was_ever_published":false,"_jetpack_newsletter_access":"","_jetpack_dont_email_post_to_subs":false,"_jetpack_newsletter_tier_id":0,"_jetpack_memberships_contains_paywalled_content":false,"_jetpack_memberships_contains_paid_content":false,"footnotes":"","jetpack_publicize_message":"","jetpack_publicize_feature_enabled":true,"jetpack_social_post_already_shared":true,"jetpack_social_options":{"image_generator_settings":{"template":"highway","enabled":false},"version":2}},"categories":[1],"tags":[],"class_list":["post-23492","post","type-post","status-publish","format-standard","hentry","category-notas"],"jetpack_publicize_connections":[],"jetpack_sharing_enabled":true,"jetpack_featured_media_url":"","jetpack_shortlink":"https:\/\/wp.me\/p7wKYW-66U","jetpack-related-posts":[],"_links":{"self":[{"href":"http:\/\/blogdalucianaoliveira.com.br\/blog\/wp-json\/wp\/v2\/posts\/23492","targetHints":{"allow":["GET"]}}],"collection":[{"href":"http:\/\/blogdalucianaoliveira.com.br\/blog\/wp-json\/wp\/v2\/posts"}],"about":[{"href":"http:\/\/blogdalucianaoliveira.com.br\/blog\/wp-json\/wp\/v2\/types\/post"}],"author":[{"embeddable":true,"href":"http:\/\/blogdalucianaoliveira.com.br\/blog\/wp-json\/wp\/v2\/users\/1"}],"replies":[{"embeddable":true,"href":"http:\/\/blogdalucianaoliveira.com.br\/blog\/wp-json\/wp\/v2\/comments?post=23492"}],"version-history":[{"count":1,"href":"http:\/\/blogdalucianaoliveira.com.br\/blog\/wp-json\/wp\/v2\/posts\/23492\/revisions"}],"predecessor-version":[{"id":23493,"href":"http:\/\/blogdalucianaoliveira.com.br\/blog\/wp-json\/wp\/v2\/posts\/23492\/revisions\/23493"}],"wp:attachment":[{"href":"http:\/\/blogdalucianaoliveira.com.br\/blog\/wp-json\/wp\/v2\/media?parent=23492"}],"wp:term":[{"taxonomy":"category","embeddable":true,"href":"http:\/\/blogdalucianaoliveira.com.br\/blog\/wp-json\/wp\/v2\/categories?post=23492"},{"taxonomy":"post_tag","embeddable":true,"href":"http:\/\/blogdalucianaoliveira.com.br\/blog\/wp-json\/wp\/v2\/tags?post=23492"}],"curies":[{"name":"wp","href":"https:\/\/api.w.org\/{rel}","templated":true}]}}