{"id":23494,"date":"2019-08-20T15:50:48","date_gmt":"2019-08-20T19:50:48","guid":{"rendered":"http:\/\/blogdalucianaoliveira.com.br\/blog\/?p=23494"},"modified":"2019-08-20T15:52:27","modified_gmt":"2019-08-20T19:52:27","slug":"fotografo-registra-a-amazonia-sendo-destruida-pela-sede-de-lucro-capitalista","status":"publish","type":"post","link":"http:\/\/blogdalucianaoliveira.com.br\/blog\/2019\/08\/20\/fotografo-registra-a-amazonia-sendo-destruida-pela-sede-de-lucro-capitalista\/","title":{"rendered":"Fot\u00f3grafo registra a Amaz\u00f4nia sendo destru\u00edda pela sede de lucro capitalista"},"content":{"rendered":"<div class=\"row\"><\/div>\n<div class=\"row\"><\/div>\n<div class=\"row\">\n<div class=\"col-md-10 col-md-offset-1\">\n<div class=\"articulo\">\n<div class=\"foto\">\n<figure><a class=\"modal-fotos\" title=\"\" href=\"https:\/\/i0.wp.com\/esquerdadiario.com.br\/IMG\/arton30207.jpg\" rel=\"gallery1\"><img data-recalc-dims=\"1\" loading=\"lazy\" decoding=\"async\" class=\"img-responsive\" src=\"https:\/\/i0.wp.com\/esquerdadiario.com.br\/local\/cache-vignettes\/L653xH471\/arton30207-9cd05.jpg?resize=600%2C433\" alt=\"\" width=\"600\" height=\"433\" \/><\/a><\/figure>\n<\/div>\n<p><i>Fot\u00f3grafo: Araqu\u00e9m Alc\u00e2ntara<\/i><\/p>\n<p>O governo Bolsonaro vem de in\u00fameras maneiras tentando calar os Institutos como o INPE, para que n\u00e3o se haja dados cient\u00edficos sobre o desmatamento e a destrui\u00e7\u00e3o da Amaz\u00f4nia atrav\u00e9s de queimadas. Esta mesma estrat\u00e9gia, Bolsonaro adotou em rela\u00e7\u00e3o aos dados socioecon\u00f4micos ao reduzir tamb\u00e9m as perguntas do IBGE.<!--more--><\/p>\n<p>&nbsp;<\/p>\n<p>Nesta mat\u00e9ria, trouxemos algumas\u00a0<strong>fotografias de Araqu\u00e9m Alc\u00e2ntara<\/strong>, tiradas na Amaz\u00f4nia, demonstrando o aumento desastrosa da destrui\u00e7\u00e3o deste ecossistema, t\u00e3o importante para todo o globo. O site oficial do fot\u00f3grafo\u00a0<a class=\"spip_out\" href=\"https:\/\/araquemalcantara.com.br\/\" target=\"_blank\" rel=\"noopener noreferrer external\">pode ser acessado aqui<\/a>.<\/p>\n<p><span class=\"spip_document_18808 spip_documents spip_documents_center\"><img data-recalc-dims=\"1\" loading=\"lazy\" decoding=\"async\" class=\"img-responsive\" src=\"https:\/\/i0.wp.com\/esquerdadiario.com.br\/local\/cache-vignettes\/L653xH615\/whatsapp_image_2019-08-18_at_19.28.17_1_-28603.jpg?resize=600%2C565\" alt=\"\" width=\"600\" height=\"565\" \/><\/span><\/p>\n<p>Com o Ministro Ricardo Salles, que \u00e9 condenado em caso de liberar licen\u00e7as ambientais no Estado de S\u00e3o Paulo, Bolsonaro d\u00e1 o recado para o agroneg\u00f3cio, para o garimpo, para os latifundi\u00e1rios recorrentemente pegos em pr\u00e1ticas de trabalho escravo em suas lavouras: &#8220;pode queimar tudo!&#8221;<\/p>\n<p><span class=\"spip_document_18810 spip_documents spip_documents_center\"><img data-recalc-dims=\"1\" loading=\"lazy\" decoding=\"async\" class=\"img-responsive\" src=\"https:\/\/i0.wp.com\/esquerdadiario.com.br\/local\/cache-vignettes\/L653xH632\/whatsapp_image_2019-08-18_at_19.28.17-2-1c7f1.jpg?resize=600%2C581\" alt=\"\" width=\"600\" height=\"581\" \/><\/span><br class=\"autobr\" \/><span class=\"spip_document_18811 spip_documents spip_documents_center\"><img data-recalc-dims=\"1\" loading=\"lazy\" decoding=\"async\" class=\"img-responsive\" src=\"https:\/\/i0.wp.com\/esquerdadiario.com.br\/local\/cache-vignettes\/L653xH653\/whatsapp_image_2019-08-18_at_19.28.18_1_-548ca.jpg?resize=600%2C600\" alt=\"\" width=\"600\" height=\"600\" \/><\/span><\/p>\n<p>Recentemente, Alemanha e Noruega vieram tentando disputar quem iria ser o grande beneficiado com a riqueza representada na Amaz\u00f4nia. Os pa\u00edses europeus, depois de destru\u00edrem todas as suas reservas, est\u00e3o de olho nas nossas. Grande demagogia, j\u00e1 que a Noruega tem nada menos que a terceira maior empresa petroleira no pa\u00eds &#8211; a Statoil, beneficiada com o saqueio e o desmonte da Petrobr\u00e1s. Enquanto a Alemanha, por sua vez, \u00e9 grande utilizadora da energia nuclear em suas usinas produtoras de energia el\u00e9trica.<\/p>\n<p><span class=\"spip_document_18812 spip_documents spip_documents_center\"><img data-recalc-dims=\"1\" loading=\"lazy\" decoding=\"async\" class=\"img-responsive\" src=\"https:\/\/i0.wp.com\/esquerdadiario.com.br\/local\/cache-vignettes\/L653xH601\/whatsapp_image_2019-08-18_at_19.28.18-c0cdf.jpg?resize=600%2C552\" alt=\"\" width=\"600\" height=\"552\" \/><\/span><br class=\"autobr\" \/><span class=\"spip_document_18813 spip_documents spip_documents_center\"><img data-recalc-dims=\"1\" loading=\"lazy\" decoding=\"async\" class=\"img-responsive\" src=\"https:\/\/i0.wp.com\/esquerdadiario.com.br\/local\/cache-vignettes\/L653xH653\/whatsapp_image_2019-08-18_at_19.28.18_2_-2d82d.jpg?resize=600%2C600\" alt=\"\" width=\"600\" height=\"600\" \/><\/span><\/p>\n<p>Somente quem pode dar \u00e0 Amaz\u00f4nia e ao meio-ambiente em geral, o tratamento que merece, n\u00e3o tratando seus recursos como fonte de lucro, \u00e9 a classe trabalhadora. A mesma classe que \u00e9 tratada, ali\u00e1s, como uma mercadoria t\u00e3o barata quanto as \u00e1rvores derrubadas pelos desmatadores, que tem seus direitos escamoteados com a reforma da previd\u00eancia e mais uma nova reforma trabalhista. Os mesmos, v\u00edtimas dos vazamentos das barragens da Vale, da expropria\u00e7\u00e3o de terras em proveito do agroneg\u00f3cio, do saqueio das riquezas nacionais, s\u00e3o os que podem dar um planejamento racional para que estes recursos sirvam \u00e0 popula\u00e7\u00e3o e n\u00e3o \u00e0 sede de lucro de um punhado de capitalistas.<\/p>\n<div class=\"temas-relacionados\"><\/div>\n<\/div>\n<\/div>\n<\/div>\n<p>&nbsp;<br \/>\nFonte: Esquerda Di\u00e1rio<\/p>\n","protected":false},"excerpt":{"rendered":"<p>Fot\u00f3grafo: Araqu\u00e9m Alc\u00e2ntara O governo Bolsonaro vem de in\u00fameras maneiras tentando calar os Institutos como o INPE, para que n\u00e3o se haja dados cient\u00edficos sobre o desmatamento e a destrui\u00e7\u00e3o da Amaz\u00f4nia atrav\u00e9s de queimadas. Esta mesma estrat\u00e9gia, Bolsonaro adotou em rela\u00e7\u00e3o aos dados socioecon\u00f4micos ao reduzir tamb\u00e9m as perguntas do IBGE.<\/p>\n","protected":false},"author":1,"featured_media":0,"comment_status":"closed","ping_status":"open","sticky":false,"template":"","format":"standard","meta":{"_exactmetrics_skip_tracking":false,"_exactmetrics_sitenote_active":false,"_exactmetrics_sitenote_note":"","_exactmetrics_sitenote_category":0,"jetpack_post_was_ever_published":false,"_jetpack_newsletter_access":"","_jetpack_dont_email_post_to_subs":false,"_jetpack_newsletter_tier_id":0,"_jetpack_memberships_contains_paywalled_content":false,"_jetpack_memberships_contains_paid_content":false,"footnotes":"","jetpack_publicize_message":"","jetpack_publicize_feature_enabled":true,"jetpack_social_post_already_shared":true,"jetpack_social_options":{"image_generator_settings":{"template":"highway","enabled":false},"version":2}},"categories":[1],"tags":[],"class_list":["post-23494","post","type-post","status-publish","format-standard","hentry","category-notas"],"jetpack_publicize_connections":[],"jetpack_sharing_enabled":true,"jetpack_featured_media_url":"","jetpack_shortlink":"https:\/\/wp.me\/p7wKYW-66W","jetpack-related-posts":[],"_links":{"self":[{"href":"http:\/\/blogdalucianaoliveira.com.br\/blog\/wp-json\/wp\/v2\/posts\/23494","targetHints":{"allow":["GET"]}}],"collection":[{"href":"http:\/\/blogdalucianaoliveira.com.br\/blog\/wp-json\/wp\/v2\/posts"}],"about":[{"href":"http:\/\/blogdalucianaoliveira.com.br\/blog\/wp-json\/wp\/v2\/types\/post"}],"author":[{"embeddable":true,"href":"http:\/\/blogdalucianaoliveira.com.br\/blog\/wp-json\/wp\/v2\/users\/1"}],"replies":[{"embeddable":true,"href":"http:\/\/blogdalucianaoliveira.com.br\/blog\/wp-json\/wp\/v2\/comments?post=23494"}],"version-history":[{"count":3,"href":"http:\/\/blogdalucianaoliveira.com.br\/blog\/wp-json\/wp\/v2\/posts\/23494\/revisions"}],"predecessor-version":[{"id":23497,"href":"http:\/\/blogdalucianaoliveira.com.br\/blog\/wp-json\/wp\/v2\/posts\/23494\/revisions\/23497"}],"wp:attachment":[{"href":"http:\/\/blogdalucianaoliveira.com.br\/blog\/wp-json\/wp\/v2\/media?parent=23494"}],"wp:term":[{"taxonomy":"category","embeddable":true,"href":"http:\/\/blogdalucianaoliveira.com.br\/blog\/wp-json\/wp\/v2\/categories?post=23494"},{"taxonomy":"post_tag","embeddable":true,"href":"http:\/\/blogdalucianaoliveira.com.br\/blog\/wp-json\/wp\/v2\/tags?post=23494"}],"curies":[{"name":"wp","href":"https:\/\/api.w.org\/{rel}","templated":true}]}}