{"id":23507,"date":"2019-08-21T06:00:26","date_gmt":"2019-08-21T10:00:26","guid":{"rendered":"http:\/\/blogdalucianaoliveira.com.br\/blog\/?p=23507"},"modified":"2019-08-21T06:00:26","modified_gmt":"2019-08-21T10:00:26","slug":"governo-bolsonaro-anuncia-festival-de-privatizacoes","status":"publish","type":"post","link":"http:\/\/blogdalucianaoliveira.com.br\/blog\/2019\/08\/21\/governo-bolsonaro-anuncia-festival-de-privatizacoes\/","title":{"rendered":"Governo Bolsonaro anuncia festival de privatiza\u00e7\u00f5es"},"content":{"rendered":"<p><img data-recalc-dims=\"1\" loading=\"lazy\" decoding=\"async\" data-attachment-id=\"23508\" data-permalink=\"http:\/\/blogdalucianaoliveira.com.br\/blog\/2019\/08\/21\/governo-bolsonaro-anuncia-festival-de-privatizacoes\/edf544ae-9a82-429f-a54e-47b5526591d8\/\" data-orig-file=\"https:\/\/i0.wp.com\/blogdalucianaoliveira.com.br\/blog\/wp-content\/uploads\/2019\/08\/EDF544AE-9A82-429F-A54E-47B5526591D8.jpeg?fit=500%2C240\" data-orig-size=\"500,240\" data-comments-opened=\"0\" data-image-meta=\"{&quot;aperture&quot;:&quot;0&quot;,&quot;credit&quot;:&quot;&quot;,&quot;camera&quot;:&quot;&quot;,&quot;caption&quot;:&quot;&quot;,&quot;created_timestamp&quot;:&quot;0&quot;,&quot;copyright&quot;:&quot;&quot;,&quot;focal_length&quot;:&quot;0&quot;,&quot;iso&quot;:&quot;0&quot;,&quot;shutter_speed&quot;:&quot;0&quot;,&quot;title&quot;:&quot;&quot;,&quot;orientation&quot;:&quot;0&quot;}\" data-image-title=\"EDF544AE-9A82-429F-A54E-47B5526591D8\" data-image-description=\"\" data-image-caption=\"\" data-medium-file=\"https:\/\/i0.wp.com\/blogdalucianaoliveira.com.br\/blog\/wp-content\/uploads\/2019\/08\/EDF544AE-9A82-429F-A54E-47B5526591D8.jpeg?fit=300%2C144\" data-large-file=\"https:\/\/i0.wp.com\/blogdalucianaoliveira.com.br\/blog\/wp-content\/uploads\/2019\/08\/EDF544AE-9A82-429F-A54E-47B5526591D8.jpeg?fit=500%2C240\" src=\"https:\/\/i0.wp.com\/blogdalucianaoliveira.com.br\/blog\/wp-content\/uploads\/2019\/08\/EDF544AE-9A82-429F-A54E-47B5526591D8.jpeg?resize=500%2C240\" alt=\"EDF544AE-9A82-429F-A54E-47B5526591D8\" width=\"500\" height=\"240\" class=\"alignnone size-full wp-image-23508\" srcset=\"https:\/\/i0.wp.com\/blogdalucianaoliveira.com.br\/blog\/wp-content\/uploads\/2019\/08\/EDF544AE-9A82-429F-A54E-47B5526591D8.jpeg?w=500 500w, https:\/\/i0.wp.com\/blogdalucianaoliveira.com.br\/blog\/wp-content\/uploads\/2019\/08\/EDF544AE-9A82-429F-A54E-47B5526591D8.jpeg?resize=300%2C144 300w\" sizes=\"auto, (max-width: 500px) 100vw, 500px\" \/><\/p>\n<p>247 &#8211; O governo de Jair Bolsonaro vai privatizar 17 empresas estatais neste ano, anunciou o ministro da Economia, Paulo Guedes, nesta ter\u00e7a-feira (20) em S\u00e3o Paulo. <!--more--><\/p>\n<p>Os nomes das empresas ser\u00e3o divulgados ainda nesta quarta-feira (21).   <\/p>\n<p>Amea\u00e7ador, o ministro neoliberal, deixou mais uma vez clara a voca\u00e7\u00e3o entreguista do governo Bolsonaro: &#8220;Vamos acelerar as privatiza\u00e7\u00f5es. Tem gente grande que acha que n\u00e3o vai ser privatizado e vai entrar na faca&#8221;, afirmou Guedes, reiterando a meta que estabeleceu para o seu secret\u00e1rio de Desestatiza\u00e7\u00e3o, Salim Mattar, de privatizar US$ 20 bilh\u00f5es neste ano.  <\/p>\n<p>Guedes elogiou a fus\u00e3o entre Embraer e Boeing. Segundo ele, o ideal seria fazer mais duas ou tr\u00eas fus\u00f5es do tipo com outras empresas brasileiras.   <\/p>\n<p>As informa\u00e7\u00f5es s\u00e3o do jornalista Ivan Mart\u00ednez-Vargas da Folha de S.Paulo<\/p>\n","protected":false},"excerpt":{"rendered":"<p>247 &#8211; O governo de Jair Bolsonaro vai privatizar 17 empresas estatais neste ano, anunciou o ministro da Economia, Paulo Guedes, nesta ter\u00e7a-feira (20) em S\u00e3o Paulo.<\/p>\n","protected":false},"author":1,"featured_media":0,"comment_status":"closed","ping_status":"open","sticky":false,"template":"","format":"standard","meta":{"_exactmetrics_skip_tracking":false,"_exactmetrics_sitenote_active":false,"_exactmetrics_sitenote_note":"","_exactmetrics_sitenote_category":0,"jetpack_post_was_ever_published":false,"_jetpack_newsletter_access":"","_jetpack_dont_email_post_to_subs":false,"_jetpack_newsletter_tier_id":0,"_jetpack_memberships_contains_paywalled_content":false,"_jetpack_memberships_contains_paid_content":false,"footnotes":"","jetpack_publicize_message":"","jetpack_publicize_feature_enabled":true,"jetpack_social_post_already_shared":true,"jetpack_social_options":{"image_generator_settings":{"template":"highway","enabled":false},"version":2}},"categories":[1],"tags":[],"class_list":["post-23507","post","type-post","status-publish","format-standard","hentry","category-notas"],"jetpack_publicize_connections":[],"jetpack_sharing_enabled":true,"jetpack_featured_media_url":"","jetpack_shortlink":"https:\/\/wp.me\/p7wKYW-679","jetpack-related-posts":[],"_links":{"self":[{"href":"http:\/\/blogdalucianaoliveira.com.br\/blog\/wp-json\/wp\/v2\/posts\/23507","targetHints":{"allow":["GET"]}}],"collection":[{"href":"http:\/\/blogdalucianaoliveira.com.br\/blog\/wp-json\/wp\/v2\/posts"}],"about":[{"href":"http:\/\/blogdalucianaoliveira.com.br\/blog\/wp-json\/wp\/v2\/types\/post"}],"author":[{"embeddable":true,"href":"http:\/\/blogdalucianaoliveira.com.br\/blog\/wp-json\/wp\/v2\/users\/1"}],"replies":[{"embeddable":true,"href":"http:\/\/blogdalucianaoliveira.com.br\/blog\/wp-json\/wp\/v2\/comments?post=23507"}],"version-history":[{"count":1,"href":"http:\/\/blogdalucianaoliveira.com.br\/blog\/wp-json\/wp\/v2\/posts\/23507\/revisions"}],"predecessor-version":[{"id":23509,"href":"http:\/\/blogdalucianaoliveira.com.br\/blog\/wp-json\/wp\/v2\/posts\/23507\/revisions\/23509"}],"wp:attachment":[{"href":"http:\/\/blogdalucianaoliveira.com.br\/blog\/wp-json\/wp\/v2\/media?parent=23507"}],"wp:term":[{"taxonomy":"category","embeddable":true,"href":"http:\/\/blogdalucianaoliveira.com.br\/blog\/wp-json\/wp\/v2\/categories?post=23507"},{"taxonomy":"post_tag","embeddable":true,"href":"http:\/\/blogdalucianaoliveira.com.br\/blog\/wp-json\/wp\/v2\/tags?post=23507"}],"curies":[{"name":"wp","href":"https:\/\/api.w.org\/{rel}","templated":true}]}}