{"id":23510,"date":"2019-08-21T06:11:57","date_gmt":"2019-08-21T10:11:57","guid":{"rendered":"http:\/\/blogdalucianaoliveira.com.br\/blog\/?p=23510"},"modified":"2019-08-21T06:11:57","modified_gmt":"2019-08-21T10:11:57","slug":"em-bacurau-e-lutar-ou-morrer-no-sertao-que-espelha-o-brasil","status":"publish","type":"post","link":"http:\/\/blogdalucianaoliveira.com.br\/blog\/2019\/08\/21\/em-bacurau-e-lutar-ou-morrer-no-sertao-que-espelha-o-brasil\/","title":{"rendered":"Em \u2018Bacurau\u2019, \u00e9 lutar ou morrer no sert\u00e3o que espelha o Brasil"},"content":{"rendered":"<p><img data-recalc-dims=\"1\" loading=\"lazy\" decoding=\"async\" data-attachment-id=\"23511\" data-permalink=\"http:\/\/blogdalucianaoliveira.com.br\/blog\/2019\/08\/21\/em-bacurau-e-lutar-ou-morrer-no-sertao-que-espelha-o-brasil\/34e94cf3-2a19-4037-b0a1-d2e21846a3b4\/\" data-orig-file=\"https:\/\/i0.wp.com\/blogdalucianaoliveira.com.br\/blog\/wp-content\/uploads\/2019\/08\/34E94CF3-2A19-4037-B0A1-D2E21846A3B4.jpeg?fit=980%2C600\" data-orig-size=\"980,600\" data-comments-opened=\"0\" data-image-meta=\"{&quot;aperture&quot;:&quot;0&quot;,&quot;credit&quot;:&quot;&quot;,&quot;camera&quot;:&quot;&quot;,&quot;caption&quot;:&quot;&quot;,&quot;created_timestamp&quot;:&quot;0&quot;,&quot;copyright&quot;:&quot;&quot;,&quot;focal_length&quot;:&quot;0&quot;,&quot;iso&quot;:&quot;0&quot;,&quot;shutter_speed&quot;:&quot;0&quot;,&quot;title&quot;:&quot;&quot;,&quot;orientation&quot;:&quot;0&quot;}\" data-image-title=\"34E94CF3-2A19-4037-B0A1-D2E21846A3B4\" data-image-description=\"\" data-image-caption=\"\" data-medium-file=\"https:\/\/i0.wp.com\/blogdalucianaoliveira.com.br\/blog\/wp-content\/uploads\/2019\/08\/34E94CF3-2A19-4037-B0A1-D2E21846A3B4.jpeg?fit=300%2C184\" data-large-file=\"https:\/\/i0.wp.com\/blogdalucianaoliveira.com.br\/blog\/wp-content\/uploads\/2019\/08\/34E94CF3-2A19-4037-B0A1-D2E21846A3B4.jpeg?fit=600%2C367\" src=\"https:\/\/i0.wp.com\/blogdalucianaoliveira.com.br\/blog\/wp-content\/uploads\/2019\/08\/34E94CF3-2A19-4037-B0A1-D2E21846A3B4.jpeg?resize=600%2C367\" alt=\"34E94CF3-2A19-4037-B0A1-D2E21846A3B4\" width=\"600\" height=\"367\" class=\"alignnone size-full wp-image-23511\" srcset=\"https:\/\/i0.wp.com\/blogdalucianaoliveira.com.br\/blog\/wp-content\/uploads\/2019\/08\/34E94CF3-2A19-4037-B0A1-D2E21846A3B4.jpeg?w=980 980w, https:\/\/i0.wp.com\/blogdalucianaoliveira.com.br\/blog\/wp-content\/uploads\/2019\/08\/34E94CF3-2A19-4037-B0A1-D2E21846A3B4.jpeg?resize=300%2C184 300w, https:\/\/i0.wp.com\/blogdalucianaoliveira.com.br\/blog\/wp-content\/uploads\/2019\/08\/34E94CF3-2A19-4037-B0A1-D2E21846A3B4.jpeg?resize=768%2C470 768w, https:\/\/i0.wp.com\/blogdalucianaoliveira.com.br\/blog\/wp-content\/uploads\/2019\/08\/34E94CF3-2A19-4037-B0A1-D2E21846A3B4.jpeg?resize=490%2C300 490w\" sizes=\"auto, (max-width: 600px) 100vw, 600px\" \/><\/p>\n<p>Longa de Kleber Mendon\u00e7a Filho e Juliano Dornelles estreia em 29 de agosto chancelado pela cr\u00edtica estrangeira e eletrizado pelo ambiente pol\u00edtico. &#8220;Os filmes de g\u00eanero s\u00e3o muito mais fortes quando o mundo est\u00e1 alimentando ideias e realidades absurdas&#8221;, diz o codiretor<!--more--><\/p>\n<p>A vis\u00e3o de um caix\u00e3o que, durante o cortejo funer\u00e1rio, enche-se de \u00e1gua. Uma mand\u00edbula de tubar\u00e3o no ch\u00e3o da caatinga que passa em menos de um segundo. Em Bacurau, longa-metragem dos pernambucanos Kleber Mendon\u00e7a Filho e Juliano Dornelles, que estreia nos cinemas brasileiros no dia 29 de agosto, o sert\u00e3o n\u00e3o vira mar, mas se converte em palco de uma violenta distopia, com as cores de Glauber Rocha e o estilo western de John Ford, misturado com realismo m\u00e1gico e fic\u00e7\u00e3o cient\u00edfica. \u00c9 a evoca\u00e7\u00e3o de um sert\u00e3o que tamb\u00e9m povoa as principais institui\u00e7\u00f5es culturais do pa\u00eds, como o Museu de Arte Moderna (MAM) de S\u00e3o Paulo, que estreou no s\u00e1bado a 36\u00ba Panorama da Arte Brasileira com o t\u00edtulo Sert\u00e3o, ou o Sesc 24 de Maio, com a exposi\u00e7\u00e3o \u00c0 Nordeste.<\/p>\n<div class=\"jetpack-video-wrapper\"><iframe loading=\"lazy\" title=\"BACURAU | Trailer Oficial\" width=\"600\" height=\"338\" src=\"https:\/\/www.youtube.com\/embed\/1DPdE1MBcQc?feature=oembed\" frameborder=\"0\" allow=\"accelerometer; autoplay; clipboard-write; encrypted-media; gyroscope; picture-in-picture; web-share\" referrerpolicy=\"strict-origin-when-cross-origin\" allowfullscreen><\/iframe><\/div>\n<p>Em Bacurau, vilarejo fict\u00edcio no meio do nada que recebe o nome de um p\u00e1ssaro &#8220;brabo&#8221; de h\u00e1bitos noturnos, o sert\u00e3o \u00e9 tamb\u00e9m o centro do pa\u00eds. Um sert\u00e3o com uma imag\u00e9tica e uma est\u00e9tica t\u00e3o peculiares \u2014o sol forte, o verde dos mandacarus, as estradas de ch\u00e3o batido\u2014 e, ao mesmo tempo, indissoci\u00e1veis da ideia geral de Brasil. O sert\u00e3o do banditismo, da pistolagem, da grilagem de terras. Uma na\u00e7\u00e3o que faz apologia \u00e0 ignor\u00e2ncia, \u00e0 tortura e \u00e0 morte. Com um hist\u00f3ria que se passa no futuro, &#8220;daqui a alguns anos&#8221;, Bacurau (o filme) ressoa, na verdade, o Brasil de 2019 e o de sempre.<\/p>\n<p>Bacurau cheira a morte. A primeira sequ\u00eancia do longa \u00e9 a passagem de um caminh\u00e3o-pipa que atropela caix\u00f5es pelo caminho. No povoado isolado, mas hipercontectado \u00e0 Internet, os moradores, com uma grande variedade de g\u00eaneros, ra\u00e7as e sexualidades\u2014 vivem sem \u00e1gua e escondem-se quando o prefeito em campanha pela reelei\u00e7\u00e3o chega para distribuir mantimentos, alguns vencidos, e despejar livros velhos em frente \u00e0 escola local. A\u00ed j\u00e1 come\u00e7a a resist\u00eancia: em meio \u00e0 pen\u00faria, a m\u00e9dica Domingas (S\u00f4nia Braga), Teresa (Barbara Colen) e os demais moradores, com a ajuda dos bandoleiros procurados Pacote (Thomas Aquino) e Lunga (Silvero Pereira) organizam-se e ajudam-se entre eles. Quando o vilarejo literalmente desaparece dos mapas digitais e a comunidade perde a conex\u00e3o com a Internet, a presen\u00e7a de forasteiros (gringos e sudestinos) coincide com o misterioso aparecimento de cad\u00e1veres crivados \u00e0 bala. Bacurau vive uma carnificina, e \u00e9 a distante S\u00e3o Paulo que aparece como &#8220;paiol&#8221; em que execu\u00e7\u00f5es p\u00fablicas s\u00e3o televisionadas ao vivo.<\/p>\n<p>Apesar de ser frequentemente lido como uma distopia contra o Brasil de Jair Bolsonaro, os diretores n\u00e3o confirmam (pelo menos n\u00e3o diretamente) o argumento. &#8220;Eu n\u00e3o trabalho com mensagens&#8221;, afirmou Mendon\u00e7a Filho em uma conversa com a imprensa nesta ter\u00e7a-feira. &#8220;\u00c9 um filme de g\u00eanero, os filmes de g\u00eanero s\u00e3o muito mais fortes quando o mundo est\u00e1 alimentando ideias e realidades absurdas. E nosso pa\u00eds \u00e9 muito rico em absurdos, h\u00e1 alimento para mais de dois mil filmes. Bacurau \u00e9 s\u00f3 mais um&#8221;, concordou Dornelles.<\/p>\n<p>Mendon\u00e7a e Dornelles gostam de lembrar que, quando come\u00e7aram a produ\u00e7\u00e3o, em 2009, o Brasil apostava na redu\u00e7\u00e3o das muitas desigualdades sociais e o clima pol\u00edtico, em geral, era de esperan\u00e7a. Quando filmara, entre mar\u00e7o e maio de 2018, muita coisa havia mudado e o longa assumiu um tom premonit\u00f3rio. No sert\u00e3o do Serid\u00f3, no Rio Grande do Norte, a equipe chorou junta, por exemplo, a execu\u00e7\u00e3o de Marielle Franco, no Rio de Janeiro. <\/p>\n<p>Em 2016, quando concorreu no Festival de Cannes com Aquarius, estrelado por S\u00f4nia Braga, Mendon\u00e7a Filho posou no tapete vermelho ao lado do elenco com cartazes que denunciavam o impeachment de Dilma Rousseff como um &#8220;golpe de Estado&#8221;. Com Bacurau, levou este ano o Pr\u00eamio do J\u00fari da academia francesa. Estreia na terra brasilis com a chancela da aclama\u00e7\u00e3o estrangeira, que, em certa contram\u00e3o das observa\u00e7\u00f5es sobre imperialismo no longa, aparece como refor\u00e7ador das leituras mais pol\u00edticas do filme .<\/p>\n<p>&#8220;A cr\u00edtica est\u00e1 na gente. A gente que est\u00e1 criticando o Governo e se apoia nas coisas que vemos para reafirmar a sensa\u00e7\u00e3o de revolta pela perda de direitos, a ang\u00fastia do Brasil que ainda se v\u00ea col\u00f4nia explorat\u00f3ria em pleno 2019&#8221;, diz Karine Teles, que interpreta uma das forasteiras que rompem a rotina do vilarejo. A estrela S\u00f4nia Braga, que dedicou seu papel a Marielle Franco, \u00e9 mais direta em suas coloca\u00e7\u00f5es pol\u00edticas. &#8220;Minha esperan\u00e7a \u00e9 que, j\u00e1 que o filme se passa no futuro, desperte nas pessoas um car\u00e1ter de revis\u00e3o. Que elas possam rever o Brasil e nossas necessidades, porque, no fundo, todo mundo quer a mesma coisa, de verdade. Quem \u00e9 que n\u00e3o quer que uma pessoa coma tr\u00eas vezes ao dia, que v\u00e1 \u00e0 escola, que tenha cultura? Como vamos voltar a conversar? Eu tenho essa esperan\u00e7a, como artista, de que a gente volte a encontrar um caminho, r\u00e1pido&#8221;, discursou.<\/p>\n<p>Em Bacurau, s\u00f3 h\u00e1 dois caminhos poss\u00edveis: resistir e lutar ou morrer. E a cada minuto de suspense bem elaborado, a cada momento em que se invertem os papeis entre oprimido e opressor, o filme faz a plateia vibrar. Com fotografia e sonoplastia impec\u00e1veis, explode em abandono, solidariedade, viol\u00eancia, pol\u00edtica, dor e uni\u00e3o. Nada sai ileso de l\u00e1. Por isso, a placa que d\u00e1 as boas-vindas ao povoado fict\u00edcio e ao longa dist\u00f3pico reza: &#8220;Se for, v\u00e1 em paz&#8221;.<\/p>\n","protected":false},"excerpt":{"rendered":"<p>Longa de Kleber Mendon\u00e7a Filho e Juliano Dornelles estreia em 29 de agosto chancelado pela cr\u00edtica estrangeira e eletrizado pelo ambiente pol\u00edtico. &#8220;Os filmes de g\u00eanero s\u00e3o muito mais fortes quando o mundo est\u00e1 alimentando ideias e realidades absurdas&#8221;, diz o codiretor<\/p>\n","protected":false},"author":1,"featured_media":0,"comment_status":"closed","ping_status":"open","sticky":false,"template":"","format":"standard","meta":{"_exactmetrics_skip_tracking":false,"_exactmetrics_sitenote_active":false,"_exactmetrics_sitenote_note":"","_exactmetrics_sitenote_category":0,"jetpack_post_was_ever_published":false,"_jetpack_newsletter_access":"","_jetpack_dont_email_post_to_subs":false,"_jetpack_newsletter_tier_id":0,"_jetpack_memberships_contains_paywalled_content":false,"_jetpack_memberships_contains_paid_content":false,"footnotes":"","jetpack_publicize_message":"","jetpack_publicize_feature_enabled":true,"jetpack_social_post_already_shared":true,"jetpack_social_options":{"image_generator_settings":{"template":"highway","enabled":false},"version":2}},"categories":[1],"tags":[],"class_list":["post-23510","post","type-post","status-publish","format-standard","hentry","category-notas"],"jetpack_publicize_connections":[],"jetpack_sharing_enabled":true,"jetpack_featured_media_url":"","jetpack_shortlink":"https:\/\/wp.me\/p7wKYW-67c","jetpack-related-posts":[],"_links":{"self":[{"href":"http:\/\/blogdalucianaoliveira.com.br\/blog\/wp-json\/wp\/v2\/posts\/23510","targetHints":{"allow":["GET"]}}],"collection":[{"href":"http:\/\/blogdalucianaoliveira.com.br\/blog\/wp-json\/wp\/v2\/posts"}],"about":[{"href":"http:\/\/blogdalucianaoliveira.com.br\/blog\/wp-json\/wp\/v2\/types\/post"}],"author":[{"embeddable":true,"href":"http:\/\/blogdalucianaoliveira.com.br\/blog\/wp-json\/wp\/v2\/users\/1"}],"replies":[{"embeddable":true,"href":"http:\/\/blogdalucianaoliveira.com.br\/blog\/wp-json\/wp\/v2\/comments?post=23510"}],"version-history":[{"count":1,"href":"http:\/\/blogdalucianaoliveira.com.br\/blog\/wp-json\/wp\/v2\/posts\/23510\/revisions"}],"predecessor-version":[{"id":23512,"href":"http:\/\/blogdalucianaoliveira.com.br\/blog\/wp-json\/wp\/v2\/posts\/23510\/revisions\/23512"}],"wp:attachment":[{"href":"http:\/\/blogdalucianaoliveira.com.br\/blog\/wp-json\/wp\/v2\/media?parent=23510"}],"wp:term":[{"taxonomy":"category","embeddable":true,"href":"http:\/\/blogdalucianaoliveira.com.br\/blog\/wp-json\/wp\/v2\/categories?post=23510"},{"taxonomy":"post_tag","embeddable":true,"href":"http:\/\/blogdalucianaoliveira.com.br\/blog\/wp-json\/wp\/v2\/tags?post=23510"}],"curies":[{"name":"wp","href":"https:\/\/api.w.org\/{rel}","templated":true}]}}