{"id":23513,"date":"2019-08-21T11:36:05","date_gmt":"2019-08-21T15:36:05","guid":{"rendered":"http:\/\/blogdalucianaoliveira.com.br\/blog\/?p=23513"},"modified":"2019-08-21T11:36:05","modified_gmt":"2019-08-21T15:36:05","slug":"sem-provas-bolsonaro-diz-que-queimadas-podem-ter-sido-provocadas-por-ongs","status":"publish","type":"post","link":"http:\/\/blogdalucianaoliveira.com.br\/blog\/2019\/08\/21\/sem-provas-bolsonaro-diz-que-queimadas-podem-ter-sido-provocadas-por-ongs\/","title":{"rendered":"Sem provas, Bolsonaro diz que queimadas podem ter sido provocadas por ONGs"},"content":{"rendered":"<p><img data-recalc-dims=\"1\" loading=\"lazy\" decoding=\"async\" data-attachment-id=\"23514\" data-permalink=\"http:\/\/blogdalucianaoliveira.com.br\/blog\/2019\/08\/21\/sem-provas-bolsonaro-diz-que-queimadas-podem-ter-sido-provocadas-por-ongs\/d832e71a-45e0-4972-9780-5b89a733cd25\/\" data-orig-file=\"https:\/\/i0.wp.com\/blogdalucianaoliveira.com.br\/blog\/wp-content\/uploads\/2019\/08\/D832E71A-45E0-4972-9780-5B89A733CD25.jpeg?fit=768%2C512\" data-orig-size=\"768,512\" data-comments-opened=\"0\" data-image-meta=\"{&quot;aperture&quot;:&quot;0&quot;,&quot;credit&quot;:&quot;&quot;,&quot;camera&quot;:&quot;&quot;,&quot;caption&quot;:&quot;&quot;,&quot;created_timestamp&quot;:&quot;0&quot;,&quot;copyright&quot;:&quot;&quot;,&quot;focal_length&quot;:&quot;0&quot;,&quot;iso&quot;:&quot;0&quot;,&quot;shutter_speed&quot;:&quot;0&quot;,&quot;title&quot;:&quot;&quot;,&quot;orientation&quot;:&quot;0&quot;}\" data-image-title=\"D832E71A-45E0-4972-9780-5B89A733CD25\" data-image-description=\"\" data-image-caption=\"\" data-medium-file=\"https:\/\/i0.wp.com\/blogdalucianaoliveira.com.br\/blog\/wp-content\/uploads\/2019\/08\/D832E71A-45E0-4972-9780-5B89A733CD25.jpeg?fit=300%2C200\" data-large-file=\"https:\/\/i0.wp.com\/blogdalucianaoliveira.com.br\/blog\/wp-content\/uploads\/2019\/08\/D832E71A-45E0-4972-9780-5B89A733CD25.jpeg?fit=600%2C400\" src=\"https:\/\/i0.wp.com\/blogdalucianaoliveira.com.br\/blog\/wp-content\/uploads\/2019\/08\/D832E71A-45E0-4972-9780-5B89A733CD25.jpeg?resize=600%2C400\" alt=\"D832E71A-45E0-4972-9780-5B89A733CD25\" width=\"600\" height=\"400\" class=\"alignnone size-full wp-image-23514\" srcset=\"https:\/\/i0.wp.com\/blogdalucianaoliveira.com.br\/blog\/wp-content\/uploads\/2019\/08\/D832E71A-45E0-4972-9780-5B89A733CD25.jpeg?w=768 768w, https:\/\/i0.wp.com\/blogdalucianaoliveira.com.br\/blog\/wp-content\/uploads\/2019\/08\/D832E71A-45E0-4972-9780-5B89A733CD25.jpeg?resize=300%2C200 300w, https:\/\/i0.wp.com\/blogdalucianaoliveira.com.br\/blog\/wp-content\/uploads\/2019\/08\/D832E71A-45E0-4972-9780-5B89A733CD25.jpeg?resize=450%2C300 450w\" sizes=\"auto, (max-width: 600px) 100vw, 600px\" \/><\/p>\n<p>Em entrevista, presidente afirma que inc\u00eandios podem ser resposta a corte de recursos para entidades da sociedade civil<!--more--><\/p>\n<p>Gustavo Uribe<br \/>\nNa FSP<\/p>\n<p>O presidente Jair Bolsonaro classificou nesta quarta-feira (21) como criminosa a s\u00e9rie de queimadas pelo pa\u00eds e disse que ONGs (Organiza\u00e7\u00f5es n\u00e3o Governamentais) de prote\u00e7\u00e3o ao meio ambiente podem estar envolvidas nos inc\u00eandios ilegais. Bolsonaro, no entanto, n\u00e3o apresentou provas.<\/p>\n<p>Em entrevista, na entrada do Pal\u00e1cio da Alvorada, ele disse que cortou recursos que antes eram repassados para as entidades da sociedade civil e que o objetivo talvez seja prejudicar o seu mandato.<\/p>\n<p>&#8220;Pode estar havendo, n\u00e3o estou afirmando, a\u00e7\u00e3o criminosa desses ongueiros para exatamente chamar a aten\u00e7\u00e3o contra a minha pessoa, contra o governo do Brasil. Essa \u00e9 a guerra que n\u00f3s enfrentamos. Vamos fazer o poss\u00edvel e o imposs\u00edvel para conter esse inc\u00eandio criminoso&#8221;, disse.<\/p>\n<p>Bolsonaro afirmou ainda que n\u00e3o est\u00e1 insens\u00edvel aos ataques e ressaltou que tem havido uma guerra do mundo contra o Brasil por causa da postura adotada pela atual gest\u00e3o, que tem feito cr\u00edticas p\u00fablicas \u00e0s na\u00e7\u00f5es europeias.<\/p>\n<p>&#8220;O crime existe. E n\u00f3s temos de fazer o poss\u00edvel para que esse crime n\u00e3o aumente, mas n\u00f3s tiramos dinheiros de ONGs. Dos repasses de fora, 40% ia para ONGs. N\u00e3o tem mais. Acabamos tamb\u00e9m com o repasse de dinheiro p\u00fablico, de forma que esse pessoal est\u00e1 sentindo a falta do dinheiro&#8221;, afirmou.<\/p>\n<p>Com 72.843 focos de inc\u00eandio do in\u00edcio de janeiro at\u00e9 segunda-feira (19), o Brasil registra um aumento de 83% em rela\u00e7\u00e3o ao mesmo per\u00edodo do ano passado. O fogo tamb\u00e9m avan\u00e7a sobre \u00e1reas protegidas. Somente nesta semana, houve 68 ocorr\u00eancias dentro de terras ind\u00edgenas e unidades de conserva\u00e7\u00e3o estaduais e federal.<\/p>\n<p>O presidente disse que tem tratado do tema com os ministros da Defesa, do Meio Ambiente e da Justi\u00e7a e afirmou que contingentes das For\u00e7as Armadas devem, a partir desta quinta-feira (22), intensificar o monitoramento a \u00e1reas cr\u00edticas de inc\u00eandios florestais.<\/p>\n<p>Inc\u00eandio em Mato Grosso do Sul, nesta ter\u00e7a (20) &#8211; Saul Schramm\/Governo MS<br \/>\n&#8220;Temos que combater o crime. Depois vamos ver quem \u00e9 o poss\u00edvel respons\u00e1vel pelo crime. Mas, no meu entender, h\u00e1 interesse dessas ONGs, que representam interesses de fora do Brasil&#8221;, observou.<\/p>\n<p>Bolsonaro ainda acusou governadores da regi\u00e3o amaz\u00f4nica de serem coniventes com os inc\u00eandios criminosos. Segundo ele, h\u00e1 estados da Regi\u00e3o Norte que n\u00e3o est\u00e3o &#8220;movendo uma palha&#8221; para combater as queimadas na regi\u00e3o amaz\u00f4nica.<\/p>\n<p>&#8220;Olha s\u00f3, tem governador, n\u00e3o quero citar nome, que est\u00e1 conivente com o que est\u00e1 acontecendo e bota a culpa no governo federal. Tem estados a\u00ed, que n\u00e3o quero citar, na regi\u00e3o Norte, que o governador n\u00e3o est\u00e1 movendo uma palha para ajudar a combater inc\u00eandio. Est\u00e1 gostando disso da\u00ed&#8221;, afirmou.<\/p>\n<p>O estado do Mato Grosso liderou as queimadas na Amaz\u00f4nia, com 13.682 focos de calor acumulados em todo o ano, de acordo com dados do ICV (Instituto Centro de Vida). Levando em conta os oito primeiros meses deste ano em rela\u00e7\u00e3o ao mesmo per\u00edodo do ano passado h\u00e1 um aumento de 87% nos focos de calor.<\/p>\n<p>As queimadas ocorrem principalmente nas propriedades particulares. Desde janeiro, 60% dos focos de calor foram em \u00e1reas privadas registradas no Cadastro Ambiental Rural, 16% em Terras Ind\u00edgenas e 1% em Unidades de Conserva\u00e7\u00e3o.<\/p>\n","protected":false},"excerpt":{"rendered":"<p>Em entrevista, presidente afirma que inc\u00eandios podem ser resposta a corte de recursos para entidades da sociedade civil<\/p>\n","protected":false},"author":1,"featured_media":0,"comment_status":"closed","ping_status":"open","sticky":false,"template":"","format":"standard","meta":{"_exactmetrics_skip_tracking":false,"_exactmetrics_sitenote_active":false,"_exactmetrics_sitenote_note":"","_exactmetrics_sitenote_category":0,"jetpack_post_was_ever_published":false,"_jetpack_newsletter_access":"","_jetpack_dont_email_post_to_subs":false,"_jetpack_newsletter_tier_id":0,"_jetpack_memberships_contains_paywalled_content":false,"_jetpack_memberships_contains_paid_content":false,"footnotes":"","jetpack_publicize_message":"","jetpack_publicize_feature_enabled":true,"jetpack_social_post_already_shared":true,"jetpack_social_options":{"image_generator_settings":{"template":"highway","enabled":false},"version":2}},"categories":[1],"tags":[],"class_list":["post-23513","post","type-post","status-publish","format-standard","hentry","category-notas"],"jetpack_publicize_connections":[],"jetpack_sharing_enabled":true,"jetpack_featured_media_url":"","jetpack_shortlink":"https:\/\/wp.me\/p7wKYW-67f","jetpack-related-posts":[],"_links":{"self":[{"href":"http:\/\/blogdalucianaoliveira.com.br\/blog\/wp-json\/wp\/v2\/posts\/23513","targetHints":{"allow":["GET"]}}],"collection":[{"href":"http:\/\/blogdalucianaoliveira.com.br\/blog\/wp-json\/wp\/v2\/posts"}],"about":[{"href":"http:\/\/blogdalucianaoliveira.com.br\/blog\/wp-json\/wp\/v2\/types\/post"}],"author":[{"embeddable":true,"href":"http:\/\/blogdalucianaoliveira.com.br\/blog\/wp-json\/wp\/v2\/users\/1"}],"replies":[{"embeddable":true,"href":"http:\/\/blogdalucianaoliveira.com.br\/blog\/wp-json\/wp\/v2\/comments?post=23513"}],"version-history":[{"count":1,"href":"http:\/\/blogdalucianaoliveira.com.br\/blog\/wp-json\/wp\/v2\/posts\/23513\/revisions"}],"predecessor-version":[{"id":23515,"href":"http:\/\/blogdalucianaoliveira.com.br\/blog\/wp-json\/wp\/v2\/posts\/23513\/revisions\/23515"}],"wp:attachment":[{"href":"http:\/\/blogdalucianaoliveira.com.br\/blog\/wp-json\/wp\/v2\/media?parent=23513"}],"wp:term":[{"taxonomy":"category","embeddable":true,"href":"http:\/\/blogdalucianaoliveira.com.br\/blog\/wp-json\/wp\/v2\/categories?post=23513"},{"taxonomy":"post_tag","embeddable":true,"href":"http:\/\/blogdalucianaoliveira.com.br\/blog\/wp-json\/wp\/v2\/tags?post=23513"}],"curies":[{"name":"wp","href":"https:\/\/api.w.org\/{rel}","templated":true}]}}