{"id":23516,"date":"2019-08-21T11:41:21","date_gmt":"2019-08-21T15:41:21","guid":{"rendered":"http:\/\/blogdalucianaoliveira.com.br\/blog\/?p=23516"},"modified":"2019-08-21T11:41:21","modified_gmt":"2019-08-21T15:41:21","slug":"bolsonaro-deixa-claro-que-nao-e-republicano-e-avisa-que-vai-interferir-na-pf-e-na-receita","status":"publish","type":"post","link":"http:\/\/blogdalucianaoliveira.com.br\/blog\/2019\/08\/21\/bolsonaro-deixa-claro-que-nao-e-republicano-e-avisa-que-vai-interferir-na-pf-e-na-receita\/","title":{"rendered":"Bolsonaro deixa claro que n\u00e3o \u00e9 republicano e avisa que vai interferir na PF e na Receita"},"content":{"rendered":"<p><img data-recalc-dims=\"1\" loading=\"lazy\" decoding=\"async\" data-attachment-id=\"23517\" data-permalink=\"http:\/\/blogdalucianaoliveira.com.br\/blog\/2019\/08\/21\/bolsonaro-deixa-claro-que-nao-e-republicano-e-avisa-que-vai-interferir-na-pf-e-na-receita\/attachment\/23517\/\" data-orig-file=\"https:\/\/i0.wp.com\/blogdalucianaoliveira.com.br\/blog\/wp-content\/uploads\/2019\/08\/0BDC9E8A-D893-43A1-83DD-8C2B8A88D811.jpeg?fit=1280%2C600\" data-orig-size=\"1280,600\" data-comments-opened=\"0\" data-image-meta=\"{&quot;aperture&quot;:&quot;0&quot;,&quot;credit&quot;:&quot;REUTERS&quot;,&quot;camera&quot;:&quot;&quot;,&quot;caption&quot;:&quot;01\\\/08\\\/2019\\rREUTERS\\\/Adriano Machado&quot;,&quot;created_timestamp&quot;:&quot;1565911443&quot;,&quot;copyright&quot;:&quot;&quot;,&quot;focal_length&quot;:&quot;0&quot;,&quot;iso&quot;:&quot;0&quot;,&quot;shutter_speed&quot;:&quot;0&quot;,&quot;title&quot;:&quot;.&quot;,&quot;orientation&quot;:&quot;1&quot;}\" data-image-title=\".\" data-image-description=\"\" data-image-caption=\"\" data-medium-file=\"https:\/\/i0.wp.com\/blogdalucianaoliveira.com.br\/blog\/wp-content\/uploads\/2019\/08\/0BDC9E8A-D893-43A1-83DD-8C2B8A88D811.jpeg?fit=300%2C141\" data-large-file=\"https:\/\/i0.wp.com\/blogdalucianaoliveira.com.br\/blog\/wp-content\/uploads\/2019\/08\/0BDC9E8A-D893-43A1-83DD-8C2B8A88D811.jpeg?fit=600%2C281\" src=\"https:\/\/i0.wp.com\/blogdalucianaoliveira.com.br\/blog\/wp-content\/uploads\/2019\/08\/0BDC9E8A-D893-43A1-83DD-8C2B8A88D811.jpeg?resize=600%2C281\" alt=\" \" width=\"600\" height=\"281\" class=\"alignnone size-full wp-image-23517\" srcset=\"https:\/\/i0.wp.com\/blogdalucianaoliveira.com.br\/blog\/wp-content\/uploads\/2019\/08\/0BDC9E8A-D893-43A1-83DD-8C2B8A88D811.jpeg?w=1280 1280w, https:\/\/i0.wp.com\/blogdalucianaoliveira.com.br\/blog\/wp-content\/uploads\/2019\/08\/0BDC9E8A-D893-43A1-83DD-8C2B8A88D811.jpeg?resize=300%2C141 300w, https:\/\/i0.wp.com\/blogdalucianaoliveira.com.br\/blog\/wp-content\/uploads\/2019\/08\/0BDC9E8A-D893-43A1-83DD-8C2B8A88D811.jpeg?resize=768%2C360 768w, https:\/\/i0.wp.com\/blogdalucianaoliveira.com.br\/blog\/wp-content\/uploads\/2019\/08\/0BDC9E8A-D893-43A1-83DD-8C2B8A88D811.jpeg?resize=1024%2C480 1024w, https:\/\/i0.wp.com\/blogdalucianaoliveira.com.br\/blog\/wp-content\/uploads\/2019\/08\/0BDC9E8A-D893-43A1-83DD-8C2B8A88D811.jpeg?resize=640%2C300 640w, https:\/\/i0.wp.com\/blogdalucianaoliveira.com.br\/blog\/wp-content\/uploads\/2019\/08\/0BDC9E8A-D893-43A1-83DD-8C2B8A88D811.jpeg?w=1200 1200w\" sizes=\"auto, (max-width: 600px) 100vw, 600px\" \/><\/p>\n<p>BRAS\u00cdLIA (Reuters) &#8211; O presidente Jair Bolsonaro disse nesta quarta-feira, ao comentar cr\u00edticas de que estaria interferindo politicamente em \u00f3rg\u00e3os como a Pol\u00edcia Federal e a Receita Federal, que foi eleito presidente para \u201cinterferir mesmo\u201d e, caso contr\u00e1rio, seria um \u201cbanana\u201d.<!--more--><\/p>\n<p>Em discurso em evento sobre o setor de a\u00e7o em Bras\u00edlia, o presidente tamb\u00e9m disse que se o Acordo de Paris sobre o clima fosse bom, os Estados Unidos n\u00e3o o teriam abandonado, mas afirmou que \u201cpor enquanto\u201d o Brasil permanecer\u00e1 no pacto que visa combater as mudan\u00e7as clim\u00e1ticas.<\/p>\n<p>\u201cOlha, eu fui presidente para interferir mesmo, se \u00e9 isso que eles querem\u201d, disse o presidente ao comentar cr\u00edticas na imprensa de que estaria interferindo na PF e na Receita.<\/p>\n<p>\u201cSe \u00e9 para ser um banana, um poste dentro da Presid\u00eancia, eu estou fora, p\u00f4!\u201d<\/p>\n<p>Ele disse que apenas sugeriu um nome para substituir o superintendente da PF no Rio de Janeiro, mas que n\u00e3o viu problema no fato de o escolhido ter sido outro, e afirmou que, embora a Receita fa\u00e7a um bom trabalho, tem problemas e esses problemas s\u00e3o resolvidos trocando pessoas.<\/p>\n<p>O presidente voltou a comentar a elei\u00e7\u00e3o presidencial na Argentina, onde a oposi\u00e7\u00e3o conquistou uma expressiva vit\u00f3ria sobre o presidente Mauricio Macri, aliado de Bolsonaro, nas prim\u00e1rias. Ele disse acreditar que a tend\u00eancia de vit\u00f3ria da esquerda no pa\u00eds vizinho possa ser revertida e pediu que os empres\u00e1rios presentes trabalhem por isso.<\/p>\n<p>Bolsonaro afirmou ainda que quer argentinos no Brasil como turistas, n\u00e3o como refugiados, e disse que se o opositor Alberto Fern\u00e1ndez vencer a disputa presidencial na Argentina, poder\u00e1 trabalhar com ele na \u00e1rea econ\u00f4mica, mas afirmou que na seara pol\u00edtica \u201cjamais\u201d.<\/p>\n","protected":false},"excerpt":{"rendered":"<p>BRAS\u00cdLIA (Reuters) &#8211; O presidente Jair Bolsonaro disse nesta quarta-feira, ao comentar cr\u00edticas de que estaria interferindo politicamente em \u00f3rg\u00e3os como a Pol\u00edcia Federal e a Receita Federal, que foi eleito presidente para \u201cinterferir mesmo\u201d e, caso contr\u00e1rio, seria um \u201cbanana\u201d.<\/p>\n","protected":false},"author":1,"featured_media":0,"comment_status":"closed","ping_status":"open","sticky":false,"template":"","format":"standard","meta":{"_exactmetrics_skip_tracking":false,"_exactmetrics_sitenote_active":false,"_exactmetrics_sitenote_note":"","_exactmetrics_sitenote_category":0,"jetpack_post_was_ever_published":false,"_jetpack_newsletter_access":"","_jetpack_dont_email_post_to_subs":false,"_jetpack_newsletter_tier_id":0,"_jetpack_memberships_contains_paywalled_content":false,"_jetpack_memberships_contains_paid_content":false,"footnotes":"","jetpack_publicize_message":"","jetpack_publicize_feature_enabled":true,"jetpack_social_post_already_shared":true,"jetpack_social_options":{"image_generator_settings":{"template":"highway","enabled":false},"version":2}},"categories":[1],"tags":[],"class_list":["post-23516","post","type-post","status-publish","format-standard","hentry","category-notas"],"jetpack_publicize_connections":[],"jetpack_sharing_enabled":true,"jetpack_featured_media_url":"","jetpack_shortlink":"https:\/\/wp.me\/p7wKYW-67i","jetpack-related-posts":[],"_links":{"self":[{"href":"http:\/\/blogdalucianaoliveira.com.br\/blog\/wp-json\/wp\/v2\/posts\/23516","targetHints":{"allow":["GET"]}}],"collection":[{"href":"http:\/\/blogdalucianaoliveira.com.br\/blog\/wp-json\/wp\/v2\/posts"}],"about":[{"href":"http:\/\/blogdalucianaoliveira.com.br\/blog\/wp-json\/wp\/v2\/types\/post"}],"author":[{"embeddable":true,"href":"http:\/\/blogdalucianaoliveira.com.br\/blog\/wp-json\/wp\/v2\/users\/1"}],"replies":[{"embeddable":true,"href":"http:\/\/blogdalucianaoliveira.com.br\/blog\/wp-json\/wp\/v2\/comments?post=23516"}],"version-history":[{"count":1,"href":"http:\/\/blogdalucianaoliveira.com.br\/blog\/wp-json\/wp\/v2\/posts\/23516\/revisions"}],"predecessor-version":[{"id":23518,"href":"http:\/\/blogdalucianaoliveira.com.br\/blog\/wp-json\/wp\/v2\/posts\/23516\/revisions\/23518"}],"wp:attachment":[{"href":"http:\/\/blogdalucianaoliveira.com.br\/blog\/wp-json\/wp\/v2\/media?parent=23516"}],"wp:term":[{"taxonomy":"category","embeddable":true,"href":"http:\/\/blogdalucianaoliveira.com.br\/blog\/wp-json\/wp\/v2\/categories?post=23516"},{"taxonomy":"post_tag","embeddable":true,"href":"http:\/\/blogdalucianaoliveira.com.br\/blog\/wp-json\/wp\/v2\/tags?post=23516"}],"curies":[{"name":"wp","href":"https:\/\/api.w.org\/{rel}","templated":true}]}}