{"id":2352,"date":"2016-07-14T07:54:49","date_gmt":"2016-07-14T11:54:49","guid":{"rendered":"http:\/\/blogdalucianaoliveira.com.br\/blog\/?p=2352"},"modified":"2016-07-14T07:54:49","modified_gmt":"2016-07-14T11:54:49","slug":"jornalista-no-oriente-medio-abraca-causa-humanitaria-e-ajuda-refugiados-no-brasil","status":"publish","type":"post","link":"http:\/\/blogdalucianaoliveira.com.br\/blog\/2016\/07\/14\/jornalista-no-oriente-medio-abraca-causa-humanitaria-e-ajuda-refugiados-no-brasil\/","title":{"rendered":"Jornalista no Oriente M\u00e9dio abra\u00e7a causa humanit\u00e1ria e ajuda refugiados no Brasil"},"content":{"rendered":"<p><img data-recalc-dims=\"1\" loading=\"lazy\" decoding=\"async\" data-attachment-id=\"2353\" data-permalink=\"http:\/\/blogdalucianaoliveira.com.br\/blog\/2016\/07\/14\/jornalista-no-oriente-medio-abraca-causa-humanitaria-e-ajuda-refugiados-no-brasil\/image-531\/\" data-orig-file=\"https:\/\/i0.wp.com\/blogdalucianaoliveira.com.br\/blog\/wp-content\/uploads\/2016\/07\/image-83.jpeg?fit=320%2C389\" data-orig-size=\"320,389\" data-comments-opened=\"0\" data-image-meta=\"{&quot;aperture&quot;:&quot;6.3&quot;,&quot;credit&quot;:&quot;Picasa&quot;,&quot;camera&quot;:&quot;NIKON D3200&quot;,&quot;caption&quot;:&quot;&quot;,&quot;created_timestamp&quot;:&quot;1445170956&quot;,&quot;copyright&quot;:&quot;&quot;,&quot;focal_length&quot;:&quot;52&quot;,&quot;iso&quot;:&quot;400&quot;,&quot;shutter_speed&quot;:&quot;0.000625&quot;,&quot;title&quot;:&quot;&quot;,&quot;orientation&quot;:&quot;0&quot;}\" data-image-title=\"image\" data-image-description=\"\" data-image-caption=\"\" data-medium-file=\"https:\/\/i0.wp.com\/blogdalucianaoliveira.com.br\/blog\/wp-content\/uploads\/2016\/07\/image-83.jpeg?fit=247%2C300\" data-large-file=\"https:\/\/i0.wp.com\/blogdalucianaoliveira.com.br\/blog\/wp-content\/uploads\/2016\/07\/image-83.jpeg?fit=320%2C389\" src=\"https:\/\/i0.wp.com\/blogdalucianaoliveira.com.br\/blog\/wp-content\/uploads\/2016\/07\/image-83.jpeg?resize=320%2C389\" alt=\"image\" width=\"320\" height=\"389\" class=\"alignnone size-full wp-image-2353\" srcset=\"https:\/\/i0.wp.com\/blogdalucianaoliveira.com.br\/blog\/wp-content\/uploads\/2016\/07\/image-83.jpeg?w=320 320w, https:\/\/i0.wp.com\/blogdalucianaoliveira.com.br\/blog\/wp-content\/uploads\/2016\/07\/image-83.jpeg?resize=247%2C300 247w\" sizes=\"auto, (max-width: 320px) 100vw, 320px\" \/><\/p>\n<p>A jornalista brasileira L\u00fa Braga, por meio do seu blog (www.nasegundaalucomeca.com), abra\u00e7ou uma causa humanit\u00e1ria, de interesse mundial e prepara para lan\u00e7ar nas pr\u00f3ximas semanas, onde vive, em Beirute, capital do L\u00edbano, a camiseta Habibi, que em \u00e1rabe significa &#8220;Meu Amor&#8221;. <!--more--><\/p>\n<p>Cada camiseta ser\u00e1 vendida por 30 d\u00f3lares e parte da renda ser\u00e1 destinada aos trabalhos voltados aos refugiados de todas as nacionalidades, que est\u00e3o vivendo no Brasil. S\u00e3o Paulo ser\u00e1 a primeira cidade atendida, depois, outras cidades brasileiras ser\u00e3o contempladas, como Rio de Janeiro (RJ), Curitiba (PR), Bras\u00edlia (DF), Foz do Igua\u00e7u (PR), Porto Velho (RO), entre outras. No Brasil, as camisetas poder\u00e3o ser adquiridas por meio da loja online, que ser\u00e1 disponibilizada no blog.<\/p>\n<p>Conhecida pelo seu engajamento em causas sociais no Brasil e no Exterior, a brasileira prop\u00f5es que o resultado das vendas seja revertido para compra de bicicletas, que ser\u00e3o doadas aos refugiados, possibilitando que eles tenham mobilidade. A iniciativa, com um cunho muito forte de responsabilidade social, visa tamb\u00e9m, al\u00e9m de fortalecer a sustentabilidade no Brasil, proporcionar ao refugiado, autonomia. Ele poder\u00e1 utilizar a bicicleta como meio de transporte, como por exemplo, ir ao trabalho, na hora do lazer, e ao mesmo tempo, incluir na sua rotina di\u00e1ria, uma atividade f\u00edsica.<\/p>\n<p>As primeiras doa\u00e7\u00f5es ser\u00e3o destinadas a Adus, um Instituto de Reintegra\u00e7\u00e3o do Refugiado, com sede na capital paulista, que desenvolve trabalhos voltados aos refugiados que est\u00e3o no Brasil. A Adus atua em parceria com solicitantes de ref\u00fagio, refugiados e pessoas em situa\u00e7\u00e3o an\u00e1loga ao ref\u00fagio para sua reintegra\u00e7\u00e3o \u00e0 sociedade, buscando sua valoriza\u00e7\u00e3o e inser\u00e7\u00e3o social, econ\u00f4mica e cultural. Por meio de suas a\u00e7\u00f5es, o instituto visa superar os obst\u00e1culos para a reintegra\u00e7\u00e3o dos refugiados, ajudando-os a garantir autonomia e as ferramentas necess\u00e1rias para que possam buscar sua pr\u00f3pria inser\u00e7\u00e3o na sociedade.<\/p>\n<p>A iniciativa surgiu devido ao fato da jornalista viver no Oriente M\u00e9dio e acompanhar de perto, o drama vivido por refugiados s\u00edrios, que fogem diariamente da guerra civil, que j\u00e1 completou cinco anos de conflitos e n\u00e3o tem data para acabar. Os s\u00edrios buscam recome\u00e7ar suas vidas em outros pa\u00edses, entre eles, o Brasil. Hoje, aproximadamente nove mil pessoas est\u00e3o refugiadas no Brasil, divididas em 79 nacionalidades. Desde de 2010, os n\u00fameros de solicita\u00e7\u00f5es por ref\u00fagio no Brasil v\u00eam crescendo.<\/p>\n<p>No \u00faltimo m\u00eas de abril, o Brasil registrou um aumento de 127% de refugiados reconhecidos. Eles somam um total de 8.863 pessoas. Os dados s\u00e3o do Comit\u00ea Nacional para os Refugiados (CONARE), que tamb\u00e9m ressalta que os s\u00edrios formam a maior comunidade de refugiados reconhecidos no Brasil ( 2.298). Os angolanos ocupam o segundo lugar (1.420), depois vem os colombianos (1.100), congoleses (968) e os palestinos (376).<\/p>\n<p>Com esses dados do CONARE, a jornalista resolveu colocar em pr\u00e1tica sua iniciativa e contribuir com essa causa humanit\u00e1ria, que preocupa n\u00e3o s\u00f3 o Brasil, mas o mundo inteiro.<\/p>\n<p>L\u00fa Braga \u00e9 considerada uma das blogueiras brasileiras mais influentes no Oriente M\u00e9dio. No L\u00edbano, no segmento blog, seu trabalho foi o primeiro ve\u00edculo de comunica\u00e7\u00e3o em l\u00edngua portuguesa no pa\u00eds. Baseada em Beirute, a brasileira circula ainda por outros pa\u00edses \u00e1rabes, al\u00e9m de ter um grande p\u00fablico no Brasil, na \u00c1frica e Europa.<\/p>\n<p>O blog \u00e9 voltado para a comunidade de l\u00edngua portuguesa, ele apresenta o Brasil em toda a sua diversidade, com todas as suas cores, costumes e suas ra\u00edzes. A jornalista retrata de uma forma bem din\u00e2mica, a rotina de uma brasileira em terras \u00e1rabes, promove de forma efetiva os trabalhos de profissionais do Brasil, fortalecendo os la\u00e7os entre os povos lus\u00f3fonos nos quesitos social, cultural, econ\u00f4mico, entre outros.<\/p>\n<p>A jornalista L\u00fa Braga consegue fazer uma forte promo\u00e7\u00e3o de profissionais e marcas brasileiras no mercado internacional, contribuindo de forma efetiva com a promo\u00e7\u00e3o do Brasil nos mais diferentes segmentos, como o caso da Marinha do Brasil, que est\u00e1 no L\u00edbano em miss\u00e3o de paz da ONU. A Marinha \u00e9 retratada pela jornalista, no blog, de uma forma muito positiva, fazendo com que o seu p\u00fablico entenda, numa linguagem muito simples e din\u00e2mica, o real papel do Brasil na miss\u00e3o de paz. Dentro de uma linguagem das novas m\u00eddias, o seu trabalho quebra paradigmas e fortalece parcerias em a\u00e7\u00f5es de responsabilidade social no Brasil e no Exterior.<\/p>\n<p>Fonte: Dino Not\u00edcias <\/p>\n","protected":false},"excerpt":{"rendered":"<p>A jornalista brasileira L\u00fa Braga, por meio do seu blog (www.nasegundaalucomeca.com), abra\u00e7ou uma causa humanit\u00e1ria, de interesse mundial e prepara para lan\u00e7ar nas pr\u00f3ximas semanas, onde vive, em Beirute, capital do L\u00edbano, a camiseta Habibi, que em \u00e1rabe significa &#8220;Meu Amor&#8221;.<\/p>\n","protected":false},"author":1,"featured_media":0,"comment_status":"closed","ping_status":"open","sticky":false,"template":"","format":"standard","meta":{"_exactmetrics_skip_tracking":false,"_exactmetrics_sitenote_active":false,"_exactmetrics_sitenote_note":"","_exactmetrics_sitenote_category":0,"jetpack_post_was_ever_published":false,"_jetpack_newsletter_access":"","_jetpack_dont_email_post_to_subs":false,"_jetpack_newsletter_tier_id":0,"_jetpack_memberships_contains_paywalled_content":false,"_jetpack_memberships_contains_paid_content":false,"footnotes":"","jetpack_publicize_message":"","jetpack_publicize_feature_enabled":true,"jetpack_social_post_already_shared":true,"jetpack_social_options":{"image_generator_settings":{"template":"highway","enabled":false},"version":2}},"categories":[1],"tags":[],"class_list":["post-2352","post","type-post","status-publish","format-standard","hentry","category-notas"],"jetpack_publicize_connections":[],"jetpack_sharing_enabled":true,"jetpack_featured_media_url":"","jetpack_shortlink":"https:\/\/wp.me\/p7wKYW-BW","jetpack-related-posts":[],"_links":{"self":[{"href":"http:\/\/blogdalucianaoliveira.com.br\/blog\/wp-json\/wp\/v2\/posts\/2352","targetHints":{"allow":["GET"]}}],"collection":[{"href":"http:\/\/blogdalucianaoliveira.com.br\/blog\/wp-json\/wp\/v2\/posts"}],"about":[{"href":"http:\/\/blogdalucianaoliveira.com.br\/blog\/wp-json\/wp\/v2\/types\/post"}],"author":[{"embeddable":true,"href":"http:\/\/blogdalucianaoliveira.com.br\/blog\/wp-json\/wp\/v2\/users\/1"}],"replies":[{"embeddable":true,"href":"http:\/\/blogdalucianaoliveira.com.br\/blog\/wp-json\/wp\/v2\/comments?post=2352"}],"version-history":[{"count":1,"href":"http:\/\/blogdalucianaoliveira.com.br\/blog\/wp-json\/wp\/v2\/posts\/2352\/revisions"}],"predecessor-version":[{"id":2354,"href":"http:\/\/blogdalucianaoliveira.com.br\/blog\/wp-json\/wp\/v2\/posts\/2352\/revisions\/2354"}],"wp:attachment":[{"href":"http:\/\/blogdalucianaoliveira.com.br\/blog\/wp-json\/wp\/v2\/media?parent=2352"}],"wp:term":[{"taxonomy":"category","embeddable":true,"href":"http:\/\/blogdalucianaoliveira.com.br\/blog\/wp-json\/wp\/v2\/categories?post=2352"},{"taxonomy":"post_tag","embeddable":true,"href":"http:\/\/blogdalucianaoliveira.com.br\/blog\/wp-json\/wp\/v2\/tags?post=2352"}],"curies":[{"name":"wp","href":"https:\/\/api.w.org\/{rel}","templated":true}]}}