{"id":23523,"date":"2019-08-21T12:31:15","date_gmt":"2019-08-21T16:31:15","guid":{"rendered":"http:\/\/blogdalucianaoliveira.com.br\/blog\/?p=23523"},"modified":"2019-08-21T12:31:15","modified_gmt":"2019-08-21T16:31:15","slug":"fumaca-de-queimada-em-ro-e-am-ja-e-visivel-do-satelite-da-nasa","status":"publish","type":"post","link":"http:\/\/blogdalucianaoliveira.com.br\/blog\/2019\/08\/21\/fumaca-de-queimada-em-ro-e-am-ja-e-visivel-do-satelite-da-nasa\/","title":{"rendered":"Fuma\u00e7a de queimada em RO e AM j\u00e1 \u00e9 vis\u00edvel do sat\u00e9lite da Nasa"},"content":{"rendered":"<p><img data-recalc-dims=\"1\" loading=\"lazy\" decoding=\"async\" data-attachment-id=\"23524\" data-permalink=\"http:\/\/blogdalucianaoliveira.com.br\/blog\/2019\/08\/21\/fumaca-de-queimada-em-ro-e-am-ja-e-visivel-do-satelite-da-nasa\/fc2213de-e70d-46a4-a2cf-4f67c0ba96d1\/\" data-orig-file=\"https:\/\/i0.wp.com\/blogdalucianaoliveira.com.br\/blog\/wp-content\/uploads\/2019\/08\/FC2213DE-E70D-46A4-A2CF-4F67C0BA96D1.jpeg?fit=750%2C557\" data-orig-size=\"750,557\" data-comments-opened=\"0\" data-image-meta=\"{&quot;aperture&quot;:&quot;0&quot;,&quot;credit&quot;:&quot;&quot;,&quot;camera&quot;:&quot;&quot;,&quot;caption&quot;:&quot;&quot;,&quot;created_timestamp&quot;:&quot;0&quot;,&quot;copyright&quot;:&quot;&quot;,&quot;focal_length&quot;:&quot;0&quot;,&quot;iso&quot;:&quot;0&quot;,&quot;shutter_speed&quot;:&quot;0&quot;,&quot;title&quot;:&quot;&quot;,&quot;orientation&quot;:&quot;0&quot;}\" data-image-title=\"FC2213DE-E70D-46A4-A2CF-4F67C0BA96D1\" data-image-description=\"\" data-image-caption=\"\" data-medium-file=\"https:\/\/i0.wp.com\/blogdalucianaoliveira.com.br\/blog\/wp-content\/uploads\/2019\/08\/FC2213DE-E70D-46A4-A2CF-4F67C0BA96D1.jpeg?fit=300%2C223\" data-large-file=\"https:\/\/i0.wp.com\/blogdalucianaoliveira.com.br\/blog\/wp-content\/uploads\/2019\/08\/FC2213DE-E70D-46A4-A2CF-4F67C0BA96D1.jpeg?fit=600%2C446\" class=\"alignnone size-full wp-image-23524\" src=\"https:\/\/i0.wp.com\/blogdalucianaoliveira.com.br\/blog\/wp-content\/uploads\/2019\/08\/FC2213DE-E70D-46A4-A2CF-4F67C0BA96D1.jpeg?resize=600%2C446\" alt=\"FC2213DE-E70D-46A4-A2CF-4F67C0BA96D1\" width=\"600\" height=\"446\" srcset=\"https:\/\/i0.wp.com\/blogdalucianaoliveira.com.br\/blog\/wp-content\/uploads\/2019\/08\/FC2213DE-E70D-46A4-A2CF-4F67C0BA96D1.jpeg?w=750 750w, https:\/\/i0.wp.com\/blogdalucianaoliveira.com.br\/blog\/wp-content\/uploads\/2019\/08\/FC2213DE-E70D-46A4-A2CF-4F67C0BA96D1.jpeg?resize=300%2C223 300w, https:\/\/i0.wp.com\/blogdalucianaoliveira.com.br\/blog\/wp-content\/uploads\/2019\/08\/FC2213DE-E70D-46A4-A2CF-4F67C0BA96D1.jpeg?resize=404%2C300 404w\" sizes=\"auto, (max-width: 600px) 100vw, 600px\" \/><\/p>\n<p>Capturas foram feitas ao longo do m\u00eas de agosto. Rond\u00f4nia teve aumento de 190% no n\u00famero de queimadas.<!--more--><\/p>\n<p>Por Jonatas Boni, G1 RO \u2014 Porto Velho<\/p>\n<div class=\"mc-column content-text active-extra-styles \" data-block-type=\"unstyled\" data-block-weight=\"39\" data-block-id=\"2\">\n<p class=\"content-text__container \" data-track-category=\"Link no Texto\" data-track-links=\"\">A Nasa divulgou nesta semana v\u00e1rias imagens de sat\u00e9lite que mostram uma densa camada de fuma\u00e7a sobre os estados de Rond\u00f4nia e Amazonas. A fuma\u00e7a \u00e9 resultado das queimadas que atingem a regi\u00e3o amaz\u00f4nica desde o fim de julho.<\/p>\n<\/div>\n<div class=\"wall protected-content\">\n<div class=\"mc-column content-text active-extra-styles \" data-block-type=\"unstyled\" data-block-weight=\"27\" data-block-id=\"3\">\n<p class=\"content-text__container \" data-track-category=\"Link no Texto\" data-track-links=\"\">As imagens, feitas pela Nasa ao longo do m\u00eas de agosto, revelam que a fuma\u00e7a formou um corredor sobre a Amaz\u00f4nia e est\u00e1 se espalhando pelo Brasil.<\/p>\n<\/div>\n<div class=\"mc-column content-text active-extra-styles \" data-block-type=\"unstyled\" data-block-weight=\"39\" data-block-id=\"4\">\n<p class=\"content-text__container \" data-track-category=\"Link no Texto\" data-track-links=\"\">At\u00e9 a cidade de S\u00e3o Paulo, a 2,2 mil quil\u00f4metros de Rond\u00f4nia,<a href=\"https:\/\/g1.globo.com\/sp\/sao-paulo\/noticia\/2019\/08\/19\/dia-vira-noite-em-sao-paulo-com-chegada-de-frente-fria-nesta-segunda.ghtml\"> foi afetada pela fuma\u00e7a dos inc\u00eandios florestais<\/a>, segundo especialistas. An\u00e1lises realizadas na ter\u00e7a-feira (20) confirmaram a <a href=\"https:\/\/g1.globo.com\/sp\/sao-paulo\/noticia\/2019\/08\/20\/analises-confirmam-presenca-de-particulas-de-queimadas-maior-do-que-o-normal-em-agua-de-chuva-preta-de-sp.ghtml\">presen\u00e7a de part\u00edculas de queimadas na chuva<\/a> que caiu na cidade.<\/p>\n<\/div>\n<div class=\"mc-column content-text active-extra-styles \" data-block-type=\"unstyled\" data-block-weight=\"37\" data-block-id=\"5\">\n<p class=\"content-text__container \" data-track-category=\"Link no Texto\" data-track-links=\"\">De acordo com a Nasa, o moderado espectrorradi\u00f4metro de imagens de resolu\u00e7\u00e3o (Modis) do sat\u00e9lite Aqua capturou as imagens de v\u00e1rios inc\u00eandios ocorridos nos estados de Rond\u00f4nia, Amazonas, Par\u00e1 e Mato Grosso, ao longo de agosto.<\/p>\n<\/div>\n<div class=\"mc-column content-text active-extra-styles \" data-block-type=\"unstyled\" data-block-weight=\"17\" data-block-id=\"6\">\n<p class=\"content-text__container \" data-track-category=\"Link no Texto\" data-track-links=\"\">Nos anos anteriores, a Nasa afirma que o pico das queimadas acontecia sempre no in\u00edcio de setembro.<\/p>\n<\/div>\n<div class=\"row medium-uncollapsed content-media content-photo\" data-block-type=\"backstage-photo\" data-block-id=\"7\">\n<div class=\"column medium-22 large-20 medium-centered content-media__container\">\n<div class=\"progressive-img can-open-lightbox\" data-min-size=\"1008x743\" data-min-size-url=\"https:\/\/s2.glbimg.com\/YcY_M9c_CZXUtm7rKuaqid6OHRc=\/0x0:2894x2136\/1008x0\/smart\/filters:strip_icc()\/i.s3.glbimg.com\/v1\/AUTH_59edd422c0c84a879bd37670ae4f538a\/internal_photos\/bs\/2019\/D\/4\/1hgifKTASIxSm5CKT7XA\/fumaca-em-rondonia.jpg\" data-max-size=\"1600x1180\" data-max-size-url=\"https:\/\/s2.glbimg.com\/YNN4FAbPfIP_TsCRlmHOsuRAXHI=\/0x0:2894x2136\/1600x0\/smart\/filters:strip_icc()\/i.s3.glbimg.com\/v1\/AUTH_59edd422c0c84a879bd37670ae4f538a\/internal_photos\/bs\/2019\/D\/4\/1hgifKTASIxSm5CKT7XA\/fumaca-em-rondonia.jpg\" data-media-index=\"1\">\n<div class=\"placeholder-container\"><\/div>\n<p><img decoding=\"async\" class=\"progressive-draft\" title=\"Fuma\u00e7a de queimada avan\u00e7a sobre a Amaz\u00f4nia \u2014 Foto: Aqua\/Nasa\/Reprodu\u00e7\u00e3o\" src=\"data:image\/jpeg;base64,\/9j\/4AAQSkZJRgABAQAAAQABAAD\/2wBDAAMCAgMCAgMDAwMEAwMEBQgFBQQEBQoHBwYIDAoMDAsKCwsNDhIQDQ4RDgsLEBYQERMUFRUVDA8XGBYUGBIUFRT\/2wBDAQMEBAUEBQkFBQkUDQsNFBQUFBQUFBQUFBQUFBQUFBQUFBQUFBQUFBQUFBQUFBQUFBQUFBQUFBQUFBQUFBQUFBT\/wgARCAASABkDASIAAhEBAxEB\/8QAGQAAAwEBAQAAAAAAAAAAAAAAAAUGBAIH\/8QAFwEAAwEAAAAAAAAAAAAAAAAAAgMEAf\/aAAwDAQACEAMQAAABl0VAvGXQitNCWpOwPfZIIFUf\/8QAHxAAAgICAQUAAAAAAAAAAAAAAgQBAwAGFAUREhMh\/9oACAEBAAEFAnrGBsGbZEfcOeJY8+FN\/GOzJQKXeFGbOMC5rthwq786N3nP\/8QAGBEAAwEBAAAAAAAAAAAAAAAAAAECQVH\/2gAIAQMBAT8BSpinpOEn\/8QAGhEAAgIDAAAAAAAAAAAAAAAAAAIBERIxQf\/aAAgBAgEBPwF8YLng2xz\/xAAkEAACAQQBAgcAAAAAAAAAAAABAgADERIhQgQQMTM0QWFxof\/aAAgBAQAGPwKo3L4mfjdvY2hXBMwBfdjPVt+w5I2xHqYiqnGqraEo9PURmZKeR1PKnVAACOMjYuBa\/wByg3LAb7f\/xAAgEAEAAgICAQUAAAAAAAAAAAABABEhMUFRYXGRodHx\/9oACAEBAAE\/IdqO1bri5YnGGxfUo3OsTHSZzP0PpKpWLRZnae8sAPSsdV9JiVR\/6aTjJPG+YdEEwEMJohgkYvhF3r1nmZ\/\/2gAMAwEAAgADAAAAEBRH3P\/EABkRAQACAwAAAAAAAAAAAAAAAAABETFBUf\/aAAgBAwEBPxCJu3QzNn\/\/xAAYEQADAQEAAAAAAAAAAAAAAAAAATEhQf\/aAAgBAgEBPxBmYNElDg\/\/xAAeEAEAAgMAAwEBAAAAAAAAAAABESEAMUEQUYFh8f\/aAAgBAQABPxBslh8VCEFTH3EEQQKyJic3N1a+8AFANtnCgOUzxtPDRRKAkhEpVRFDd2awJwCHGURmNDXJ94WKjYWgxCXXGDSx4uhpkEBzWO76QcBJs\/MSglUU1EnUZ\/Sz\/9k=\" alt=\"Fuma\u00e7a de queimada avan\u00e7a sobre a Amaz\u00f4nia \u2014 Foto: Aqua\/Nasa\/Reprodu\u00e7\u00e3o\" \/><picture><source srcset=\"https:\/\/s2.glbimg.com\/YcY_M9c_CZXUtm7rKuaqid6OHRc=\/0x0:2894x2136\/1008x0\/smart\/filters:strip_icc()\/i.s3.glbimg.com\/v1\/AUTH_59edd422c0c84a879bd37670ae4f538a\/internal_photos\/bs\/2019\/D\/4\/1hgifKTASIxSm5CKT7XA\/fumaca-em-rondonia.jpg 1x, https:\/\/s2.glbimg.com\/zhX8NKeEYuWeJG5sxAaf3dh1s0U=\/0x0:2894x2136\/2016x0\/smart\/filters:strip_icc()\/i.s3.glbimg.com\/v1\/AUTH_59edd422c0c84a879bd37670ae4f538a\/internal_photos\/bs\/2019\/D\/4\/1hgifKTASIxSm5CKT7XA\/fumaca-em-rondonia.jpg 2x\" media=\"(max-width: 1024px)\" data-src=\"https:\/\/s2.glbimg.com\/YcY_M9c_CZXUtm7rKuaqid6OHRc=\/0x0:2894x2136\/1008x0\/smart\/filters:strip_icc()\/i.s3.glbimg.com\/v1\/AUTH_59edd422c0c84a879bd37670ae4f538a\/internal_photos\/bs\/2019\/D\/4\/1hgifKTASIxSm5CKT7XA\/fumaca-em-rondonia.jpg 1x, https:\/\/s2.glbimg.com\/zhX8NKeEYuWeJG5sxAaf3dh1s0U=\/0x0:2894x2136\/2016x0\/smart\/filters:strip_icc()\/i.s3.glbimg.com\/v1\/AUTH_59edd422c0c84a879bd37670ae4f538a\/internal_photos\/bs\/2019\/D\/4\/1hgifKTASIxSm5CKT7XA\/fumaca-em-rondonia.jpg 2x\" \/><source srcset=\"https:\/\/s2.glbimg.com\/GGyiaZSy3tRDPEWNZiqagymO6h4=\/0x0:2894x2136\/1262x0\/smart\/filters:strip_icc()\/i.s3.glbimg.com\/v1\/AUTH_59edd422c0c84a879bd37670ae4f538a\/internal_photos\/bs\/2019\/D\/4\/1hgifKTASIxSm5CKT7XA\/fumaca-em-rondonia.jpg 1x, https:\/\/s2.glbimg.com\/J-pRWm82uxUeHyD59aahvz7hw1k=\/0x0:2894x2136\/2524x0\/smart\/filters:strip_icc()\/i.s3.glbimg.com\/v1\/AUTH_59edd422c0c84a879bd37670ae4f538a\/internal_photos\/bs\/2019\/D\/4\/1hgifKTASIxSm5CKT7XA\/fumaca-em-rondonia.jpg 2x\" media=\"(max-width: 1280px)\" data-src=\"https:\/\/s2.glbimg.com\/GGyiaZSy3tRDPEWNZiqagymO6h4=\/0x0:2894x2136\/1262x0\/smart\/filters:strip_icc()\/i.s3.glbimg.com\/v1\/AUTH_59edd422c0c84a879bd37670ae4f538a\/internal_photos\/bs\/2019\/D\/4\/1hgifKTASIxSm5CKT7XA\/fumaca-em-rondonia.jpg 1x, https:\/\/s2.glbimg.com\/J-pRWm82uxUeHyD59aahvz7hw1k=\/0x0:2894x2136\/2524x0\/smart\/filters:strip_icc()\/i.s3.glbimg.com\/v1\/AUTH_59edd422c0c84a879bd37670ae4f538a\/internal_photos\/bs\/2019\/D\/4\/1hgifKTASIxSm5CKT7XA\/fumaca-em-rondonia.jpg 2x\" \/><source srcset=\"https:\/\/s2.glbimg.com\/8FQ346s1I8sYdxNZNHP4x3-UNnk=\/0x0:2894x2136\/1344x0\/smart\/filters:strip_icc()\/i.s3.glbimg.com\/v1\/AUTH_59edd422c0c84a879bd37670ae4f538a\/internal_photos\/bs\/2019\/D\/4\/1hgifKTASIxSm5CKT7XA\/fumaca-em-rondonia.jpg 1x, https:\/\/s2.glbimg.com\/Pw_4v-lfkYVs9e5guGJ00OgrlQI=\/0x0:2894x2136\/2688x0\/smart\/filters:strip_icc()\/i.s3.glbimg.com\/v1\/AUTH_59edd422c0c84a879bd37670ae4f538a\/internal_photos\/bs\/2019\/D\/4\/1hgifKTASIxSm5CKT7XA\/fumaca-em-rondonia.jpg 2x\" media=\"(max-width: 1360px)\" data-src=\"https:\/\/s2.glbimg.com\/8FQ346s1I8sYdxNZNHP4x3-UNnk=\/0x0:2894x2136\/1344x0\/smart\/filters:strip_icc()\/i.s3.glbimg.com\/v1\/AUTH_59edd422c0c84a879bd37670ae4f538a\/internal_photos\/bs\/2019\/D\/4\/1hgifKTASIxSm5CKT7XA\/fumaca-em-rondonia.jpg 1x, https:\/\/s2.glbimg.com\/Pw_4v-lfkYVs9e5guGJ00OgrlQI=\/0x0:2894x2136\/2688x0\/smart\/filters:strip_icc()\/i.s3.glbimg.com\/v1\/AUTH_59edd422c0c84a879bd37670ae4f538a\/internal_photos\/bs\/2019\/D\/4\/1hgifKTASIxSm5CKT7XA\/fumaca-em-rondonia.jpg 2x\" \/><source srcset=\"https:\/\/s2.glbimg.com\/YNN4FAbPfIP_TsCRlmHOsuRAXHI=\/0x0:2894x2136\/1600x0\/smart\/filters:strip_icc()\/i.s3.glbimg.com\/v1\/AUTH_59edd422c0c84a879bd37670ae4f538a\/internal_photos\/bs\/2019\/D\/4\/1hgifKTASIxSm5CKT7XA\/fumaca-em-rondonia.jpg 1x, https:\/\/s2.glbimg.com\/_KBQyFzeUotGmGmNfn5ObxZShzc=\/0x0:2894x2136\/3200x0\/smart\/filters:strip_icc()\/i.s3.glbimg.com\/v1\/AUTH_59edd422c0c84a879bd37670ae4f538a\/internal_photos\/bs\/2019\/D\/4\/1hgifKTASIxSm5CKT7XA\/fumaca-em-rondonia.jpg 2x\" media=\"(min-width: 1361px)\" data-src=\"https:\/\/s2.glbimg.com\/YNN4FAbPfIP_TsCRlmHOsuRAXHI=\/0x0:2894x2136\/1600x0\/smart\/filters:strip_icc()\/i.s3.glbimg.com\/v1\/AUTH_59edd422c0c84a879bd37670ae4f538a\/internal_photos\/bs\/2019\/D\/4\/1hgifKTASIxSm5CKT7XA\/fumaca-em-rondonia.jpg 1x, https:\/\/s2.glbimg.com\/_KBQyFzeUotGmGmNfn5ObxZShzc=\/0x0:2894x2136\/3200x0\/smart\/filters:strip_icc()\/i.s3.glbimg.com\/v1\/AUTH_59edd422c0c84a879bd37670ae4f538a\/internal_photos\/bs\/2019\/D\/4\/1hgifKTASIxSm5CKT7XA\/fumaca-em-rondonia.jpg 2x\" \/><source srcset=\"https:\/\/s2.glbimg.com\/YcY_M9c_CZXUtm7rKuaqid6OHRc=\/0x0:2894x2136\/1008x0\/smart\/filters:strip_icc()\/i.s3.glbimg.com\/v1\/AUTH_59edd422c0c84a879bd37670ae4f538a\/internal_photos\/bs\/2019\/D\/4\/1hgifKTASIxSm5CKT7XA\/fumaca-em-rondonia.jpg\" data-src=\"https:\/\/s2.glbimg.com\/YcY_M9c_CZXUtm7rKuaqid6OHRc=\/0x0:2894x2136\/1008x0\/smart\/filters:strip_icc()\/i.s3.glbimg.com\/v1\/AUTH_59edd422c0c84a879bd37670ae4f538a\/internal_photos\/bs\/2019\/D\/4\/1hgifKTASIxSm5CKT7XA\/fumaca-em-rondonia.jpg\" \/><img data-recalc-dims=\"1\" decoding=\"async\" class=\"image content-media__image progressive-loaded\" title=\"Fuma\u00e7a de queimada avan\u00e7a sobre a Amaz\u00f4nia \u2014 Foto: Aqua\/Nasa\/Reprodu\u00e7\u00e3o\" src=\"https:\/\/i0.wp.com\/s2.glbimg.com\/YcY_M9c_CZXUtm7rKuaqid6OHRc%3D\/0x0%3A2894x2136\/1008x0\/smart\/filters%3Astrip_icc%28%29\/i.s3.glbimg.com\/v1\/AUTH_59edd422c0c84a879bd37670ae4f538a\/internal_photos\/bs\/2019\/D\/4\/1hgifKTASIxSm5CKT7XA\/fumaca-em-rondonia.jpg?w=600&#038;ssl=1\" alt=\"Fuma\u00e7a de queimada avan\u00e7a sobre a Amaz\u00f4nia \u2014 Foto: Aqua\/Nasa\/Reprodu\u00e7\u00e3o\" data-src=\"https:\/\/s2.glbimg.com\/YcY_M9c_CZXUtm7rKuaqid6OHRc=\/0x0:2894x2136\/1008x0\/smart\/filters:strip_icc()\/i.s3.glbimg.com\/v1\/AUTH_59edd422c0c84a879bd37670ae4f538a\/internal_photos\/bs\/2019\/D\/4\/1hgifKTASIxSm5CKT7XA\/fumaca-em-rondonia.jpg\" \/><\/picture><\/div>\n<p class=\"content-media__description mc-column\">Fuma\u00e7a de queimada avan\u00e7a sobre a Amaz\u00f4nia \u2014 Foto: Aqua\/Nasa\/Reprodu\u00e7\u00e3o<\/p>\n<\/div>\n<\/div>\n<div class=\"mc-column content-text active-extra-styles \" data-block-type=\"unstyled\" data-block-weight=\"19\" data-block-id=\"8\">\n<p class=\"content-text__container \" data-track-category=\"Link no Texto\" data-track-links=\"\">Porto Velho, capital de Rond\u00f4nia, \u00e9 um dos munic\u00edpios mais atingidos pela fuma\u00e7a que cobre o estado.<\/p>\n<\/div>\n<div class=\"mc-column content-text active-extra-styles \" data-block-type=\"unstyled\" data-block-weight=\"22\" data-block-id=\"9\">\n<p class=\"content-text__container \" data-track-category=\"Link no Texto\" data-track-links=\"\">Segundo as autoridades, a polui\u00e7\u00e3o no ar j\u00e1 amea\u00e7a a sa\u00fade da popula\u00e7\u00e3o, devido ao mon\u00f3xido de carbono (CO) concentrado na fuma\u00e7a.<\/p>\n<div class=\"mc-column content-text active-extra-styles\" data-block-type=\"raw\" data-block-weight=\"3\" data-block-id=\"12\">\n<div class=\"content-intertitle\">\n<h2>Aumento de queimadas<\/h2>\n<\/div>\n<\/div>\n<div class=\"mc-column content-text active-extra-styles \" data-block-type=\"unstyled\" data-block-weight=\"54\" data-block-id=\"13\">\n<p class=\"content-text__container \" data-track-category=\"Link no Texto\" data-track-links=\"\">De janeiro a agosto as queimadas na Amaz\u00f4nia Brasileira dobraram em rela\u00e7\u00e3o ao mesmo per\u00edodo do ano passado. Este ano mais de 53 mil focos foram registrados no Norte do pa\u00eds e em parte do Maranh\u00e3o. Em 2018, o n\u00famero foi de 26,5 mil. Os dados s\u00e3o do Instituto Nacional de Pesquisas Espaciais (Inpe).<\/p>\n<\/div>\n<div class=\"mc-column content-text active-extra-styles \" data-block-type=\"unstyled\" data-block-weight=\"26\" data-block-id=\"14\">\n<p class=\"content-text__container \" data-track-category=\"Link no Texto\" data-track-links=\"\">Em Rond\u00f4nia, <a href=\"https:\/\/g1.globo.com\/ro\/rondonia\/noticia\/2019\/08\/20\/queimadas-em-rondonia-sobem-190percent-em-relacao-ao-mesmo-periodo-de-2018.ghtml\">o n\u00famero de queimadas disparou 190%<\/a>. O estado est\u00e1 desde o in\u00edcio de agosto encoberto por fuma\u00e7a. Essa polui\u00e7\u00e3o amea\u00e7a a sa\u00fade da popula\u00e7\u00e3o.<\/p>\n<\/div>\n<div class=\"mc-column content-text active-extra-styles\" data-block-type=\"raw\" data-block-weight=\"7\" data-block-id=\"15\">\n<ul class=\"content-unordered-list\">\n<li><a href=\"https:\/\/g1.globo.com\/natureza\/noticia\/2019\/08\/20\/amazonia-concentra-metade-das-queimadas-em-2019.ghtml\"><strong>Amaz\u00f4nia concentra metade das queimadas em 2019<\/strong><\/a><\/li>\n<\/ul>\n<\/div>\n<div class=\"mc-column content-text active-extra-styles \" data-block-type=\"unstyled\" data-block-weight=\"26\" data-block-id=\"16\">\n<p class=\"content-text__container \" data-track-category=\"Link no Texto\" data-track-links=\"\">Mato Grosso \u00e9 o estado com maior quantidade de queimadas: mais de 13 mil focos de inc\u00eandio j\u00e1 foram registrados entre janeiro e agosto deste ano.<\/p>\n<\/div>\n<div class=\"row medium-uncollapsed content-media content-photo\" data-block-type=\"backstage-photo\" data-block-id=\"17\">\n<div class=\"mc-column content-media__container\">\n<div class=\"progressive-img can-open-lightbox\" data-min-size=\"1008x2068\" data-min-size-url=\"https:\/\/s2.glbimg.com\/nyBwfcy7oskcel8UWzV0_QRxsQ8=\/0x0:650x1334\/1008x0\/smart\/filters:strip_icc()\/i.s3.glbimg.com\/v1\/AUTH_59edd422c0c84a879bd37670ae4f538a\/internal_photos\/bs\/2019\/2\/Q\/Y7j38kSYC6KJgBqLmxCA\/queimadas-nos-estados.png\" data-max-size=\"1600x3283\" data-max-size-url=\"https:\/\/s2.glbimg.com\/xrRnPX40KCgRpFdr7ArRWD7P0Co=\/0x0:650x1334\/1600x0\/smart\/filters:strip_icc()\/i.s3.glbimg.com\/v1\/AUTH_59edd422c0c84a879bd37670ae4f538a\/internal_photos\/bs\/2019\/2\/Q\/Y7j38kSYC6KJgBqLmxCA\/queimadas-nos-estados.png\" data-media-index=\"3\">\n<div class=\"placeholder-container\"><\/div>\n<p><img decoding=\"async\" class=\"progressive-draft\" title=\"Queimadas em 2019 \u2014 Foto: Arte G1\" src=\"data:image\/jpeg;base64,\/9j\/4AAQSkZJRgABAQAAAQABAAD\/2wBDAAMCAgMCAgMDAwMEAwMEBQgFBQQEBQoHBwYIDAoMDAsKCwsNDhIQDQ4RDgsLEBYQERMUFRUVDA8XGBYUGBIUFRT\/2wBDAQMEBAUEBQkFBQkUDQsNFBQUFBQUFBQUFBQUFBQUFBQUFBQUFBQUFBQUFBQUFBQUFBQUFBQUFBQUFBQUFBQUFBT\/wgARCAAzABkDASIAAhEBAxEB\/8QAGwAAAgIDAQAAAAAAAAAAAAAAAAQCBgMFCAf\/xAAXAQADAQAAAAAAAAAAAAAAAAAABAUD\/9oADAMBAAIQAxAAAAHoYrVFVs+6PaDfsSaZzf13UlrNR9jWZ3nLY88NFBlbOEZAEAA\/\/8QAIRAAAQQCAgIDAAAAAAAAAAAAAgABAwUEBhITByMRMTP\/2gAIAQEAAQUCeviAuqKAo5HKdbZtb0D4XkiUZKu6x7WNW+r19vLn6vlV1xp2Kb5KdvZbVhWMmPjx4saL9Bf4jYvYnF+TC\/D6PkyjjaMXFiXUK6xX\/8QAHxEAAgEEAgMAAAAAAAAAAAAAAgMBAAQFERIUICKx\/9oACAEDAQE\/AUYq6eqHAG4owJZcSjU1Y5FyS4Efr8q6f2GSfj\/\/xAAcEQACAgMBAQAAAAAAAAAAAAABAgADERIhBCD\/2gAIAQIBAT8Bb0Vo2pMBz0S2lW7jsRdBj5\/\/xAAmEAACAQIFBAIDAAAAAAAAAAABAgMAERASMTJBBBMhcSJRYWKx\/9oACAEBAAY\/Ah8TutTSrBIXjOW4Ip0s4Ccm1mwijhWOaWQNcF\/KfRoL1EGeELuG8ms0eZG5R9Rg8k0R77LbuL\/aMLvfptwfnL6pjmbsxrY\/seMD6+q6VRCpTN85L2IFCOJBGg4GB9UvugL4XoeOaBOla1lGn5N681pWlf\/EACIQAAICAAYCAwAAAAAAAAAAAAERACEQMUFRYXGBoZGxwf\/aAAgBAQABPyG6MJRj9hTEQwIOoZyuE8ub82V\/WFb0LKg4bZ57QbrsM5nQDqAKCARk30fGAVOw7BSHYS87WwxNcCwYJZBSUt17ODqHTdBiwa+BLUfsyecBw9BoYdIp9fuEtMjqMCD0IaxEobIGI0S1kicD5gO1NwvkwQgqEubeZx5\/\/9oADAMBAAIAAwAAABDE\/Kxzh1z\/xAAeEQEAAQQCAwAAAAAAAAAAAAABEQAQIUExUYGR4f\/aAAgBAwEBPxAIy5MwsMcSdedUwhGqIMiYF0MRPqOHqsGwa+3VWW3\/xAAZEQADAQEBAAAAAAAAAAAAAAAAAREQMdH\/2gAIAQIBAT8QeJmhS0qF8+hN3zP\/xAAhEAEAAgICAgIDAAAAAAAAAAABESEAMUFhEFFx8ZGhwf\/aAAgBAQABPxB810MSsiNYHp3howukxNFsmYb1h7IYyidlIuTpl9ZYZ8S0KNl4J05cdBQX1kBuWQKreOjLcwGBRdDs+LL7cNYtIlCR7HDfDrNAG7eDRGQeAICQDuFBqbyDCRGhMuTyOSXb3v1OyR7dCpXBsBpj5eV7b8CWg+Q5fWM1wFNiXDpIKIsP4J8C4JFKzl4MGqC0Jgl95DxIEbbx+s+tYP8APU3hVlFbeXrLDNomMEQQ3Cn+59Xn\/9k=\" alt=\"Queimadas em 2019 \u2014 Foto: Arte G1\" \/><picture><source srcset=\"https:\/\/s2.glbimg.com\/kxF7TeuQOthHqpi2vdCxVseSiAg=\/0x0:650x1334\/600x0\/smart\/filters:strip_icc()\/i.s3.glbimg.com\/v1\/AUTH_59edd422c0c84a879bd37670ae4f538a\/internal_photos\/bs\/2019\/2\/Q\/Y7j38kSYC6KJgBqLmxCA\/queimadas-nos-estados.png 1x, https:\/\/s2.glbimg.com\/wUZH9zX6VN2OhbbdN7Uel1o5TKg=\/0x0:650x1334\/1200x0\/smart\/filters:strip_icc()\/i.s3.glbimg.com\/v1\/AUTH_59edd422c0c84a879bd37670ae4f538a\/internal_photos\/bs\/2019\/2\/Q\/Y7j38kSYC6KJgBqLmxCA\/queimadas-nos-estados.png 2x\" media=\"(max-width: 1024px)\" data-src=\"https:\/\/s2.glbimg.com\/kxF7TeuQOthHqpi2vdCxVseSiAg=\/0x0:650x1334\/600x0\/smart\/filters:strip_icc()\/i.s3.glbimg.com\/v1\/AUTH_59edd422c0c84a879bd37670ae4f538a\/internal_photos\/bs\/2019\/2\/Q\/Y7j38kSYC6KJgBqLmxCA\/queimadas-nos-estados.png 1x, https:\/\/s2.glbimg.com\/wUZH9zX6VN2OhbbdN7Uel1o5TKg=\/0x0:650x1334\/1200x0\/smart\/filters:strip_icc()\/i.s3.glbimg.com\/v1\/AUTH_59edd422c0c84a879bd37670ae4f538a\/internal_photos\/bs\/2019\/2\/Q\/Y7j38kSYC6KJgBqLmxCA\/queimadas-nos-estados.png 2x\" \/><source srcset=\"https:\/\/s2.glbimg.com\/qPv79CM8PH-wyeePGKuZNMKeuGw=\/0x0:650x1334\/640x0\/smart\/filters:strip_icc()\/i.s3.glbimg.com\/v1\/AUTH_59edd422c0c84a879bd37670ae4f538a\/internal_photos\/bs\/2019\/2\/Q\/Y7j38kSYC6KJgBqLmxCA\/queimadas-nos-estados.png 1x, https:\/\/s2.glbimg.com\/CcMWvuhjo8F6lJWFuJJpFPR81sc=\/0x0:650x1334\/1280x0\/smart\/filters:strip_icc()\/i.s3.glbimg.com\/v1\/AUTH_59edd422c0c84a879bd37670ae4f538a\/internal_photos\/bs\/2019\/2\/Q\/Y7j38kSYC6KJgBqLmxCA\/queimadas-nos-estados.png 2x\" media=\"(max-width: 1280px)\" data-src=\"https:\/\/s2.glbimg.com\/qPv79CM8PH-wyeePGKuZNMKeuGw=\/0x0:650x1334\/640x0\/smart\/filters:strip_icc()\/i.s3.glbimg.com\/v1\/AUTH_59edd422c0c84a879bd37670ae4f538a\/internal_photos\/bs\/2019\/2\/Q\/Y7j38kSYC6KJgBqLmxCA\/queimadas-nos-estados.png 1x, https:\/\/s2.glbimg.com\/CcMWvuhjo8F6lJWFuJJpFPR81sc=\/0x0:650x1334\/1280x0\/smart\/filters:strip_icc()\/i.s3.glbimg.com\/v1\/AUTH_59edd422c0c84a879bd37670ae4f538a\/internal_photos\/bs\/2019\/2\/Q\/Y7j38kSYC6KJgBqLmxCA\/queimadas-nos-estados.png 2x\" \/><source srcset=\"https:\/\/s2.glbimg.com\/_tIp-OA2a1rJQQBoSHVoL1Wj4ak=\/0x0:650x1334\/984x0\/smart\/filters:strip_icc()\/i.s3.glbimg.com\/v1\/AUTH_59edd422c0c84a879bd37670ae4f538a\/internal_photos\/bs\/2019\/2\/Q\/Y7j38kSYC6KJgBqLmxCA\/queimadas-nos-estados.png 1x, https:\/\/s2.glbimg.com\/pNEogQVKDEZDgtf9jaV7o3MgQQk=\/0x0:650x1334\/1968x0\/smart\/filters:strip_icc()\/i.s3.glbimg.com\/v1\/AUTH_59edd422c0c84a879bd37670ae4f538a\/internal_photos\/bs\/2019\/2\/Q\/Y7j38kSYC6KJgBqLmxCA\/queimadas-nos-estados.png 2x\" media=\"(max-width: 1360px)\" data-src=\"https:\/\/s2.glbimg.com\/_tIp-OA2a1rJQQBoSHVoL1Wj4ak=\/0x0:650x1334\/984x0\/smart\/filters:strip_icc()\/i.s3.glbimg.com\/v1\/AUTH_59edd422c0c84a879bd37670ae4f538a\/internal_photos\/bs\/2019\/2\/Q\/Y7j38kSYC6KJgBqLmxCA\/queimadas-nos-estados.png 1x, https:\/\/s2.glbimg.com\/pNEogQVKDEZDgtf9jaV7o3MgQQk=\/0x0:650x1334\/1968x0\/smart\/filters:strip_icc()\/i.s3.glbimg.com\/v1\/AUTH_59edd422c0c84a879bd37670ae4f538a\/internal_photos\/bs\/2019\/2\/Q\/Y7j38kSYC6KJgBqLmxCA\/queimadas-nos-estados.png 2x\" \/><source srcset=\"https:\/\/s2.glbimg.com\/dsnEr1SQ7fFcVMJgdkU6aQaSF_w=\/0x0:650x1334\/1000x0\/smart\/filters:strip_icc()\/i.s3.glbimg.com\/v1\/AUTH_59edd422c0c84a879bd37670ae4f538a\/internal_photos\/bs\/2019\/2\/Q\/Y7j38kSYC6KJgBqLmxCA\/queimadas-nos-estados.png 1x, https:\/\/s2.glbimg.com\/fXIrdLQJuEpTjTtVQbBybcZZz8k=\/0x0:650x1334\/2000x0\/smart\/filters:strip_icc()\/i.s3.glbimg.com\/v1\/AUTH_59edd422c0c84a879bd37670ae4f538a\/internal_photos\/bs\/2019\/2\/Q\/Y7j38kSYC6KJgBqLmxCA\/queimadas-nos-estados.png 2x\" media=\"(min-width: 1361px)\" data-src=\"https:\/\/s2.glbimg.com\/dsnEr1SQ7fFcVMJgdkU6aQaSF_w=\/0x0:650x1334\/1000x0\/smart\/filters:strip_icc()\/i.s3.glbimg.com\/v1\/AUTH_59edd422c0c84a879bd37670ae4f538a\/internal_photos\/bs\/2019\/2\/Q\/Y7j38kSYC6KJgBqLmxCA\/queimadas-nos-estados.png 1x, https:\/\/s2.glbimg.com\/fXIrdLQJuEpTjTtVQbBybcZZz8k=\/0x0:650x1334\/2000x0\/smart\/filters:strip_icc()\/i.s3.glbimg.com\/v1\/AUTH_59edd422c0c84a879bd37670ae4f538a\/internal_photos\/bs\/2019\/2\/Q\/Y7j38kSYC6KJgBqLmxCA\/queimadas-nos-estados.png 2x\" \/><source srcset=\"https:\/\/s2.glbimg.com\/_tIp-OA2a1rJQQBoSHVoL1Wj4ak=\/0x0:650x1334\/984x0\/smart\/filters:strip_icc()\/i.s3.glbimg.com\/v1\/AUTH_59edd422c0c84a879bd37670ae4f538a\/internal_photos\/bs\/2019\/2\/Q\/Y7j38kSYC6KJgBqLmxCA\/queimadas-nos-estados.png\" data-src=\"https:\/\/s2.glbimg.com\/_tIp-OA2a1rJQQBoSHVoL1Wj4ak=\/0x0:650x1334\/984x0\/smart\/filters:strip_icc()\/i.s3.glbimg.com\/v1\/AUTH_59edd422c0c84a879bd37670ae4f538a\/internal_photos\/bs\/2019\/2\/Q\/Y7j38kSYC6KJgBqLmxCA\/queimadas-nos-estados.png\" \/><img data-recalc-dims=\"1\" decoding=\"async\" class=\"image content-media__image progressive-loaded\" title=\"Queimadas em 2019 \u2014 Foto: Arte G1\" src=\"https:\/\/i0.wp.com\/s2.glbimg.com\/_tIp-OA2a1rJQQBoSHVoL1Wj4ak%3D\/0x0%3A650x1334\/984x0\/smart\/filters%3Astrip_icc%28%29\/i.s3.glbimg.com\/v1\/AUTH_59edd422c0c84a879bd37670ae4f538a\/internal_photos\/bs\/2019\/2\/Q\/Y7j38kSYC6KJgBqLmxCA\/queimadas-nos-estados.png?w=600&#038;ssl=1\" alt=\"Queimadas em 2019 \u2014 Foto: Arte G1\" data-src=\"https:\/\/s2.glbimg.com\/_tIp-OA2a1rJQQBoSHVoL1Wj4ak=\/0x0:650x1334\/984x0\/smart\/filters:strip_icc()\/i.s3.glbimg.com\/v1\/AUTH_59edd422c0c84a879bd37670ae4f538a\/internal_photos\/bs\/2019\/2\/Q\/Y7j38kSYC6KJgBqLmxCA\/queimadas-nos-estados.png\" \/><\/picture><\/div>\n<p class=\"content-media__description \">Queimadas em 2019 \u2014 Foto: Arte G1<\/p>\n<\/div>\n<\/div>\n<\/div>\n<div class=\"mc-column\" data-block-type=\"ads\" data-block-id=\"10\"><\/div>\n<div class=\"mc-column\" data-block-type=\"ads\" data-block-id=\"10\"><\/div>\n<\/div>\n<p>&nbsp;<\/p>\n","protected":false},"excerpt":{"rendered":"<p>Capturas foram feitas ao longo do m\u00eas de agosto. Rond\u00f4nia teve aumento de 190% no n\u00famero de queimadas.<\/p>\n","protected":false},"author":1,"featured_media":0,"comment_status":"closed","ping_status":"open","sticky":false,"template":"","format":"standard","meta":{"_exactmetrics_skip_tracking":false,"_exactmetrics_sitenote_active":false,"_exactmetrics_sitenote_note":"","_exactmetrics_sitenote_category":0,"jetpack_post_was_ever_published":false,"_jetpack_newsletter_access":"","_jetpack_dont_email_post_to_subs":false,"_jetpack_newsletter_tier_id":0,"_jetpack_memberships_contains_paywalled_content":false,"_jetpack_memberships_contains_paid_content":false,"footnotes":"","jetpack_publicize_message":"","jetpack_publicize_feature_enabled":true,"jetpack_social_post_already_shared":true,"jetpack_social_options":{"image_generator_settings":{"template":"highway","enabled":false},"version":2}},"categories":[1],"tags":[],"class_list":["post-23523","post","type-post","status-publish","format-standard","hentry","category-notas"],"jetpack_publicize_connections":[],"jetpack_sharing_enabled":true,"jetpack_featured_media_url":"","jetpack_shortlink":"https:\/\/wp.me\/p7wKYW-67p","jetpack-related-posts":[],"_links":{"self":[{"href":"http:\/\/blogdalucianaoliveira.com.br\/blog\/wp-json\/wp\/v2\/posts\/23523","targetHints":{"allow":["GET"]}}],"collection":[{"href":"http:\/\/blogdalucianaoliveira.com.br\/blog\/wp-json\/wp\/v2\/posts"}],"about":[{"href":"http:\/\/blogdalucianaoliveira.com.br\/blog\/wp-json\/wp\/v2\/types\/post"}],"author":[{"embeddable":true,"href":"http:\/\/blogdalucianaoliveira.com.br\/blog\/wp-json\/wp\/v2\/users\/1"}],"replies":[{"embeddable":true,"href":"http:\/\/blogdalucianaoliveira.com.br\/blog\/wp-json\/wp\/v2\/comments?post=23523"}],"version-history":[{"count":1,"href":"http:\/\/blogdalucianaoliveira.com.br\/blog\/wp-json\/wp\/v2\/posts\/23523\/revisions"}],"predecessor-version":[{"id":23528,"href":"http:\/\/blogdalucianaoliveira.com.br\/blog\/wp-json\/wp\/v2\/posts\/23523\/revisions\/23528"}],"wp:attachment":[{"href":"http:\/\/blogdalucianaoliveira.com.br\/blog\/wp-json\/wp\/v2\/media?parent=23523"}],"wp:term":[{"taxonomy":"category","embeddable":true,"href":"http:\/\/blogdalucianaoliveira.com.br\/blog\/wp-json\/wp\/v2\/categories?post=23523"},{"taxonomy":"post_tag","embeddable":true,"href":"http:\/\/blogdalucianaoliveira.com.br\/blog\/wp-json\/wp\/v2\/tags?post=23523"}],"curies":[{"name":"wp","href":"https:\/\/api.w.org\/{rel}","templated":true}]}}