{"id":23529,"date":"2019-08-21T15:27:18","date_gmt":"2019-08-21T19:27:18","guid":{"rendered":"http:\/\/blogdalucianaoliveira.com.br\/blog\/?p=23529"},"modified":"2019-08-21T15:27:45","modified_gmt":"2019-08-21T19:27:45","slug":"fogo-amigo-bolsonaro-coloca-queimadas-e-desmatamento-na-conta-dos-governadores-do-norte-nao-ha-gestores-do-pt-na-regiao","status":"publish","type":"post","link":"http:\/\/blogdalucianaoliveira.com.br\/blog\/2019\/08\/21\/fogo-amigo-bolsonaro-coloca-queimadas-e-desmatamento-na-conta-dos-governadores-do-norte-nao-ha-gestores-do-pt-na-regiao\/","title":{"rendered":"Fogo amigo? Bolsonaro coloca queimadas e desmatamento na conta dos governadores do Norte; n\u00e3o h\u00e1 gestores do PT na regi\u00e3o"},"content":{"rendered":"<p><img data-recalc-dims=\"1\" loading=\"lazy\" decoding=\"async\" data-attachment-id=\"23530\" data-permalink=\"http:\/\/blogdalucianaoliveira.com.br\/blog\/2019\/08\/21\/fogo-amigo-bolsonaro-coloca-queimadas-e-desmatamento-na-conta-dos-governadores-do-norte-nao-ha-gestores-do-pt-na-regiao\/govs\/\" data-orig-file=\"https:\/\/i0.wp.com\/blogdalucianaoliveira.com.br\/blog\/wp-content\/uploads\/2019\/08\/govs.jpg?fit=960%2C640\" data-orig-size=\"960,640\" data-comments-opened=\"0\" data-image-meta=\"{&quot;aperture&quot;:&quot;0&quot;,&quot;credit&quot;:&quot;&quot;,&quot;camera&quot;:&quot;&quot;,&quot;caption&quot;:&quot;&quot;,&quot;created_timestamp&quot;:&quot;0&quot;,&quot;copyright&quot;:&quot;&quot;,&quot;focal_length&quot;:&quot;0&quot;,&quot;iso&quot;:&quot;0&quot;,&quot;shutter_speed&quot;:&quot;0&quot;,&quot;title&quot;:&quot;&quot;,&quot;orientation&quot;:&quot;1&quot;}\" data-image-title=\"govs\" data-image-description=\"\" data-image-caption=\"\" data-medium-file=\"https:\/\/i0.wp.com\/blogdalucianaoliveira.com.br\/blog\/wp-content\/uploads\/2019\/08\/govs.jpg?fit=300%2C200\" data-large-file=\"https:\/\/i0.wp.com\/blogdalucianaoliveira.com.br\/blog\/wp-content\/uploads\/2019\/08\/govs.jpg?fit=600%2C400\" class=\"alignnone size-full wp-image-23530\" src=\"https:\/\/i0.wp.com\/blogdalucianaoliveira.com.br\/blog\/wp-content\/uploads\/2019\/08\/govs.jpg?resize=600%2C400\" alt=\"govs\" width=\"600\" height=\"400\" srcset=\"https:\/\/i0.wp.com\/blogdalucianaoliveira.com.br\/blog\/wp-content\/uploads\/2019\/08\/govs.jpg?w=960 960w, https:\/\/i0.wp.com\/blogdalucianaoliveira.com.br\/blog\/wp-content\/uploads\/2019\/08\/govs.jpg?resize=300%2C200 300w, https:\/\/i0.wp.com\/blogdalucianaoliveira.com.br\/blog\/wp-content\/uploads\/2019\/08\/govs.jpg?resize=768%2C512 768w, https:\/\/i0.wp.com\/blogdalucianaoliveira.com.br\/blog\/wp-content\/uploads\/2019\/08\/govs.jpg?resize=450%2C300 450w\" sizes=\"auto, (max-width: 600px) 100vw, 600px\" \/><\/p>\n<p><em>Por outro lado, o PSL, partido do presidente, comanda tanto o Estado de Rond\u00f4nia quanto Roraima<\/em><\/p>\n<p><!--more--><\/p>\n<p><strong>POR ROND\u00d4NIA DIN\u00c2MICA<\/strong><\/p>\n<p><strong>Porto Velho, RO \u2013<\/strong> A \u00faltima declara\u00e7\u00e3o apresentada pelo presidente da Rep\u00fablica Jair Bolsonaro (PSL) sobre desmatamentos, queimadas e fuma\u00e7a foi debitada na conta dos governadores do Norte.<\/p>\n<p>De antem\u00e3o, \u00e9 preciso anotar: n\u00e3o h\u00e1 gestores do PT na regi\u00e3o. O \u00fanico chefe do Executivo que pode ser considerado de esquerda, centro-esquerda, para ser mais preciso, \u00e9 Ant\u00f4nio Waldez G\u00f3es da Silva, conhecido apenas como Waldez G\u00f3es, membro do PDT que comanda o Amap\u00e1 desde o in\u00edcio de 2019.<\/p>\n<p>Por outro lado, a legenda liberal a qual pertence o pr\u00f3prio Bolsonaro tem dois representantes entre os sete governadores da Regi\u00e3o Norte. S\u00e3o eles: Coronel Marcos Rocha, de Rond\u00f4nia, e Antonio Denarium, de Roraima.<\/p>\n<p>Os demais s\u00e3o Wilson Miranda (PSC), do Amazonas; Gladson Cameli, do Acre, \u00e9 do PP, antigo partido do presidente da Rep\u00fablica; Helder Barbalho (MDB), do Par\u00e1, e Mauro Carlesse (DEM), do Tocantins.<\/p>\n<p><strong>Fogo amigo?<\/strong><\/p>\n<p>Ao comentar o assunto sem citar nomes, o presidente da Rep\u00fablica colocou sob suspeita todos os sete governadores, incluindo o amigo Coronel Marcos Rocha. Rond\u00f4nia \u00e9 o estado onde registram-se os marcos com maiores n\u00fameros de focos de inc\u00eandio na selva amaz\u00f4nica. Em decorr\u00eancia disso, o estado virou not\u00edcia no Brasil inteiro e tamb\u00e9m em ve\u00edculos de comunica\u00e7\u00e3o mundo afora.<\/p>\n<p>\u201cTem governador, que n\u00e3o quero citar o nome, que est\u00e1 conivente com o que est\u00e1 acontecendo e bota culpa no governo (federal). Tem estados a\u00ed na regi\u00e3o Norte, que n\u00e3o quero citar, que o governador n\u00e3o est\u00e1 movendo uma palha para ajudar a combater inc\u00eandios, pois est\u00e1 gostando disso a\u00ed\u201d, disse Bolsonaro.<\/p>\n<p>E concluiu:<\/p>\n<p>\u201cN\u00e3o quero criticar (nominalmente), pois depois o governador vem com contra-golpe pra cima de mim, mas isso \u00e9 uma realidade\u201d, criticou. \u201cPergunte o que os governos estaduais est\u00e3o fazendo. Liguem para a assessoria de imprensa deles. Tem governo estadual que n\u00e3o fez nada. Mas pode fazer\u201d.<\/p>\n","protected":false},"excerpt":{"rendered":"<p>Por outro lado, o PSL, partido do presidente, comanda tanto o Estado de Rond\u00f4nia quanto Roraima<\/p>\n","protected":false},"author":1,"featured_media":23530,"comment_status":"closed","ping_status":"open","sticky":false,"template":"","format":"standard","meta":{"_exactmetrics_skip_tracking":false,"_exactmetrics_sitenote_active":false,"_exactmetrics_sitenote_note":"","_exactmetrics_sitenote_category":0,"jetpack_post_was_ever_published":false,"_jetpack_newsletter_access":"","_jetpack_dont_email_post_to_subs":false,"_jetpack_newsletter_tier_id":0,"_jetpack_memberships_contains_paywalled_content":false,"_jetpack_memberships_contains_paid_content":false,"footnotes":"","jetpack_publicize_message":"","jetpack_publicize_feature_enabled":true,"jetpack_social_post_already_shared":true,"jetpack_social_options":{"image_generator_settings":{"template":"highway","enabled":false},"version":2}},"categories":[1],"tags":[],"class_list":["post-23529","post","type-post","status-publish","format-standard","has-post-thumbnail","hentry","category-notas"],"jetpack_publicize_connections":[],"jetpack_sharing_enabled":true,"jetpack_featured_media_url":"https:\/\/i0.wp.com\/blogdalucianaoliveira.com.br\/blog\/wp-content\/uploads\/2019\/08\/govs.jpg?fit=960%2C640","jetpack_shortlink":"https:\/\/wp.me\/p7wKYW-67v","jetpack-related-posts":[],"_links":{"self":[{"href":"http:\/\/blogdalucianaoliveira.com.br\/blog\/wp-json\/wp\/v2\/posts\/23529","targetHints":{"allow":["GET"]}}],"collection":[{"href":"http:\/\/blogdalucianaoliveira.com.br\/blog\/wp-json\/wp\/v2\/posts"}],"about":[{"href":"http:\/\/blogdalucianaoliveira.com.br\/blog\/wp-json\/wp\/v2\/types\/post"}],"author":[{"embeddable":true,"href":"http:\/\/blogdalucianaoliveira.com.br\/blog\/wp-json\/wp\/v2\/users\/1"}],"replies":[{"embeddable":true,"href":"http:\/\/blogdalucianaoliveira.com.br\/blog\/wp-json\/wp\/v2\/comments?post=23529"}],"version-history":[{"count":2,"href":"http:\/\/blogdalucianaoliveira.com.br\/blog\/wp-json\/wp\/v2\/posts\/23529\/revisions"}],"predecessor-version":[{"id":23532,"href":"http:\/\/blogdalucianaoliveira.com.br\/blog\/wp-json\/wp\/v2\/posts\/23529\/revisions\/23532"}],"wp:featuredmedia":[{"embeddable":true,"href":"http:\/\/blogdalucianaoliveira.com.br\/blog\/wp-json\/wp\/v2\/media\/23530"}],"wp:attachment":[{"href":"http:\/\/blogdalucianaoliveira.com.br\/blog\/wp-json\/wp\/v2\/media?parent=23529"}],"wp:term":[{"taxonomy":"category","embeddable":true,"href":"http:\/\/blogdalucianaoliveira.com.br\/blog\/wp-json\/wp\/v2\/categories?post=23529"},{"taxonomy":"post_tag","embeddable":true,"href":"http:\/\/blogdalucianaoliveira.com.br\/blog\/wp-json\/wp\/v2\/tags?post=23529"}],"curies":[{"name":"wp","href":"https:\/\/api.w.org\/{rel}","templated":true}]}}