{"id":23533,"date":"2019-08-22T08:33:46","date_gmt":"2019-08-22T12:33:46","guid":{"rendered":"http:\/\/blogdalucianaoliveira.com.br\/blog\/?p=23533"},"modified":"2019-08-22T08:33:46","modified_gmt":"2019-08-22T12:33:46","slug":"a-ebc-na-lista-de-guedes-privatizar-ou-presentear","status":"publish","type":"post","link":"http:\/\/blogdalucianaoliveira.com.br\/blog\/2019\/08\/22\/a-ebc-na-lista-de-guedes-privatizar-ou-presentear\/","title":{"rendered":"A EBC na lista de Guedes: privatizar ou presentear?"},"content":{"rendered":"<p><img data-recalc-dims=\"1\" loading=\"lazy\" decoding=\"async\" data-attachment-id=\"23534\" data-permalink=\"http:\/\/blogdalucianaoliveira.com.br\/blog\/2019\/08\/22\/a-ebc-na-lista-de-guedes-privatizar-ou-presentear\/0f5e5df7-c264-4dfa-95cf-1998db8bad28\/\" data-orig-file=\"https:\/\/i0.wp.com\/blogdalucianaoliveira.com.br\/blog\/wp-content\/uploads\/2019\/08\/0F5E5DF7-C264-4DFA-95CF-1998DB8BAD28.jpeg?fit=500%2C240\" data-orig-size=\"500,240\" data-comments-opened=\"0\" data-image-meta=\"{&quot;aperture&quot;:&quot;0&quot;,&quot;credit&quot;:&quot;&quot;,&quot;camera&quot;:&quot;&quot;,&quot;caption&quot;:&quot;&quot;,&quot;created_timestamp&quot;:&quot;0&quot;,&quot;copyright&quot;:&quot;&quot;,&quot;focal_length&quot;:&quot;0&quot;,&quot;iso&quot;:&quot;0&quot;,&quot;shutter_speed&quot;:&quot;0&quot;,&quot;title&quot;:&quot;&quot;,&quot;orientation&quot;:&quot;0&quot;}\" data-image-title=\"0F5E5DF7-C264-4DFA-95CF-1998DB8BAD28\" data-image-description=\"\" data-image-caption=\"\" data-medium-file=\"https:\/\/i0.wp.com\/blogdalucianaoliveira.com.br\/blog\/wp-content\/uploads\/2019\/08\/0F5E5DF7-C264-4DFA-95CF-1998DB8BAD28.jpeg?fit=300%2C144\" data-large-file=\"https:\/\/i0.wp.com\/blogdalucianaoliveira.com.br\/blog\/wp-content\/uploads\/2019\/08\/0F5E5DF7-C264-4DFA-95CF-1998DB8BAD28.jpeg?fit=500%2C240\" src=\"https:\/\/i0.wp.com\/blogdalucianaoliveira.com.br\/blog\/wp-content\/uploads\/2019\/08\/0F5E5DF7-C264-4DFA-95CF-1998DB8BAD28.jpeg?resize=500%2C240\" alt=\"0F5E5DF7-C264-4DFA-95CF-1998DB8BAD28\" width=\"500\" height=\"240\" class=\"alignnone size-full wp-image-23534\" srcset=\"https:\/\/i0.wp.com\/blogdalucianaoliveira.com.br\/blog\/wp-content\/uploads\/2019\/08\/0F5E5DF7-C264-4DFA-95CF-1998DB8BAD28.jpeg?w=500 500w, https:\/\/i0.wp.com\/blogdalucianaoliveira.com.br\/blog\/wp-content\/uploads\/2019\/08\/0F5E5DF7-C264-4DFA-95CF-1998DB8BAD28.jpeg?resize=300%2C144 300w\" sizes=\"auto, (max-width: 500px) 100vw, 500px\" \/><\/p>\n<p>A lista das empresas que o ministro Paulo Guedes quer privatizar ainda este ano \u00e9 uma salada mista e mal misturada,  que n\u00e3o resiste a um escrut\u00ednio severo sobre as raz\u00f5es do governo para se livrar de tais ativos e transfer\u00ed-los ao setor privado. Algumas delas n\u00e3o desenvolvem atividade econ\u00f4mica propriamente dita, o que as torna desprovidas de interesse para os investidores. \u00c9 o caso da Engea e da ABGF, que depois comentarei.<\/p>\n<p>No 247, por Tereza Cruvinel <\/p>\n<p>Outras, se vendidas, deixar\u00e3o o Estado desarmado em \u00e1reas cruciais, como informatiza\u00e7\u00e3o e tecnologia digital. \u00c9 o caso da Dataprev e do Serpro. Mas quero falar mais \u00e9 da EBC &#8211; Empresa Brasil de Comunica\u00e7\u00e3o, que s\u00f3 pode ter sido colocada ali para ser presenteada a algu\u00e9m. <\/p>\n<p>Explicando melhor: a EBC \u00e9 uma empresa p\u00fablica criada para implantar e gerir o sistema p\u00fablico de radiodifus\u00e3o, previsto no artigo 223 da Constitui\u00e7\u00e3o para garantir a complementaridade no setor (o equil\u00edbrio entre canais estatais, privados e p\u00fablicos). Isso, no tempo em que pens\u00e1vamos estar aprimorando uma democracia. Hoje ela explora uma rede aberta, a da TV Brasil, que deve ter no m\u00e1ximo meia d\u00fazia de canais: Rio, Bras\u00edlia, S\u00e3o Luiz, S\u00e3o Paulo e talvez alguns dos canais que, quando eu era presidente, requeri e recebi para a empresa, tendo implantando apenas dois (Uberl\u00e2ndia e Juiz de Fora). A EBC \u00e9 tamb\u00e9m detentora de sete frequ\u00eancias de r\u00e1dio. Entre elas a relevante Radio Nacional da Amaz\u00f4nia, que cobre um vazio de sinal na regi\u00e3o, levando informa\u00e7\u00e3o e servi\u00e7os. <\/p>\n<p>Para transferir estes canais ao setor privado, o governo n\u00e3o teria necessariamente que privatizar a EBC. Como eles s\u00e3o concess\u00f5es da Uni\u00e3o, o governo poderia suspend\u00ea-las, alegando qualquer coisa (hoje tudo se resolve com qualquer argumento), como insufici\u00eancia financeira da empresa para explor\u00e1-los. Eles seriam depois licitados pelo minist\u00e9rio (Ci\u00eancia, Tecnologia e Comunica\u00e7\u00f5es) e um interessado do setor privado poderia ficar com eles. Portanto, tais canais n\u00e3o podem ser &#8220;vendidos&#8221; ao setor privado. Por lei, devem ser obeto de nova outorga.<\/p>\n<p>Se tomasse este caminho, ao governo restaria o que fazer com os funcion\u00e1rios. E seria seu o imenso patrim\u00f4nio, representado pelo parque tecnol\u00f3gico da EBC e pela fortuna que a empresa tem em im\u00f3veis. Eles foram doados pela Uni\u00e3o \u00e0 antiga Radiobr\u00e1s pelos governos militares, e como a EBC incorporou a velha empresa, tornou-se dona deles.  Assim, tudo indica que Guedes e Bolsonaro est\u00e3o querendo vender \u00e9 este patrim\u00f4nio, presenteando algu\u00e9m com a infraestrutura e os im\u00f3veis da EBC, n\u00e3o com seus canais de transmiss\u00e3o.<\/p>\n<p>A suposta privatiza\u00e7\u00e3o da EBC, com a venda de seus ativos e transfer\u00eancia de seus canais, seria o fim de qualquer possibilidade de equil\u00edbrio entre as tr\u00eas pontas da radiodifus\u00e3o. Com a EBC em atividade, e preservando seus canais, ainda que hoje n\u00e3o se possa falar mais em TV p\u00fablica ou r\u00e1dios p\u00fablicas &#8211; pois as premissas da comunica\u00e7\u00e3o p\u00fablica foram rompidas e violentadas, primeiro por Temer, e depois por Bolsonaro &#8211; l\u00e1 adiante, quando o inverno autorit\u00e1rio e regressivo passar, a democracia teria uma chance de restabelecer o sistema p\u00fablico. Por isso Bolsonaro quer fazer terra arrasada da mais importante experi\u00eancia de comunica\u00e7\u00e3o p\u00fablica j\u00e1 realizada no Brasil. Quer tamb\u00e9m salgar a terra. Nao deixar meios para que l\u00e1 adiante o projeto possa ser retomado.<\/p>\n<p>Falar em privatiza\u00e7\u00e3o da EBC \u00e9 uma improriedade porque a radiodifus\u00e3o, diferentemente de outras atividades econ\u00f4micas exploradas pelo Estado, n\u00e3o pode ser simplementes transferida, est\u00e1 regulada por leis espec\u00edficas, como a que rege o sistema de outorgas,  acima mencionado. Ningu\u00e9m vai poder comprar a EBC levando junto os canais da TV Brasil e suas r\u00e1dios. Tudo ter\u00e1 que ser realocado no plano de outorga e relicitado.<\/p>\n<p>Por isso \u00e9 \u00f3bvio que est\u00e3o querendo vender \u00e9 apenas o patrim\u00f4nio da EBC, especialmente o imobili\u00e1rio. Apenas em Brasilia, a empresa tem dois terrenos que valem ouro. Um, defronte do P\u00e1tio Brasil, no qual funciona uma pequena unidade t\u00e9cnica de transmiss\u00e3o, \u00e9 cobi\u00e7ado pelos grandes incorporadores da cidade, que sonham ali erguer um espig\u00e3o, um centro financeiro ou corporativo.  J\u00e1 no tempo em que fundamos a empresa e eu era sua presidente,  empres\u00e1rios da cidade mandavam emiss\u00e1rios sondar uma poss\u00edvel venda do terreno. Respondemos sempre que nosso projeto era construir ali, mais adiante, a sede pr\u00f3pria da EBC.<\/p>\n<p>Outro ativo cobi\u00e7ado \u00e9 a grande \u00e1rea que a EBC tem entre os setores de Oficinas e Armazenagem Sul, atr\u00e1s do Carrefour. Ele \u00e9 cortado numa lateral pela linha do metr\u00f4, e por isso o GDF ainda ter\u00e1 que indenizar a empresa. \u00c9 um terreno enorme, em local valorizad\u00edssimo, onde hoje funciona apenas uma unidade de arquivo e a sede recretativa dos funcion\u00e1rios.  Outra grande \u00e1rea \u00e9 a do Parque do Rodeador, na zona rural de Brazl\u00e2ndia, onde est\u00e3o instalados transmissores de r\u00e1dio, inclusive os que enviam sinal para a Amaz\u00f4nia. H\u00e1 tamb\u00e9m o pr\u00e9dio da antiga Radiobr\u00e1s, na Asa Norte, hoje alugado porque n\u00e3o comporta toda a empresa.   Fora  isso, a EBC tem salas e im\u00f3veis no Rio de Janeiro, Manaus, Porto Alegre e muitas outras cidades. <\/p>\n<p>E h\u00e1 o parque tecnol\u00f3gico. Entre 2007 e 2011, per\u00edodo em que dirigi a empresa ap\u00f3s sua cria\u00e7\u00e3o, o ex-presidente Lula garantiu-nos o prometido or\u00e7amento de pelo menos R$ 350 milh\u00f5es\/ano. Conseguimos sempre mais que isso. O ent\u00e3o ministro Franklin Martins sempre comprou nossas brigas por mais recursos. Era forte, ia l\u00e1 e conseguia. Destes recursos, sempre investimos pelo menos R$ 100 milh\u00f5es\/ano em moderniza\u00e7\u00e3o e reequipamento. Hoje a EBC tem, na sede de Bras\u00edlia, cinco est\u00fadios de TV e uns cinco ou seis de r\u00e1dio. Possui equipamentos ainda modernos, comprados naquele per\u00edodo, tanto de produ\u00e7\u00e3o como de transmiss\u00e3o. Tudo isso vai ser vendido na bacia das almas, se o plano de Guedes for adiante.<\/p>\n<p>Guedes, ao incluir a EBC em sua lista de entreguismos, atende a Bolsonaro na quest\u00e3o ideol\u00f3gica, em sua promessa de &#8220;fechar aquilo l\u00e1&#8221;. E ao mesmo tempo, engorda a lista de prendas com que pretende presentear o setor privado.<\/p>\n<p>Como eu disse no inicio, a lista \u00e9 uma salada mista e mal misturada porque junta num balaio empresas com diferentes perfis e atrativos. Duas delas, por exemplo, foram criadas para gerir ativos governamentais. Quem, no setor privado, vai se interessar por elas, que contam apenas com funcion\u00e1rios e n\u00e3o desenvolvem atividade econ\u00f4mica espec\u00edfica? \u00c9 o caso da Engea &#8211; Empresa Gestora de Ativos, e da ABGF, Agencia Brasileira Gestora de Fundos Garantidores e Garantias S.A.  Entraram na Roda as Ceasas de Minas e S\u00e3o Paulo. Vai que podem interessar ao agroneg\u00f3cio. Mas, e a Casa da Moeda, como ser\u00e1 isso? Uma empresa privada para imprimir nosso dinheiro? Isso \u00e9 seguro? <\/p>\n<p>A Lotex (loterias instant\u00e2neas), as Docas de S\u00e3o Paulo e do Esp\u00edrito, tamb\u00e9m v\u00e1 l\u00e1. Mas ser\u00e1 um crime grande privatizar os Correios, que com sua capilaridade unem os brasileiros, chegando aos mais remotos lugares, funcionando como banco onde nenhum banco existe.  <\/p>\n<p>E se o Serpro e a Dataprev foram mesmo colocadas na roda, quem cuidar\u00e1 da informatiza\u00e7\u00e3o do governo, do pagamento dos aposentados e de todo o sistema previdenci\u00e1rio? Quanto o governo gastar\u00e1 contratando servi\u00e7os de terceiros?<\/p>\n<p>Perguntas n\u00e3o faltam mas eles n\u00e3o querem perguntas nem respostas. Eles querem entregar tudo,  depenar o Estado e nos entreter com o que parece ser um programa de governo mas \u00e9, na verdade, um programa de desmonte e destrui\u00e7\u00e3o.<\/p>\n<p>Bolsonaro j\u00e1 n\u00e3o disse que ficar\u00e1 feliz se seu mandato servir pelo menos para a desconstru\u00e7\u00e3o de tudo que hoje existe, para que tudo seja reconstru\u00eddo no futuro?  \u00c9 isso. <\/p>\n","protected":false},"excerpt":{"rendered":"<p>A lista das empresas que o ministro Paulo Guedes quer privatizar ainda este ano \u00e9 uma salada mista e mal misturada, que n\u00e3o resiste a um escrut\u00ednio severo sobre as raz\u00f5es do governo para se livrar de tais ativos e transfer\u00ed-los ao setor privado. Algumas delas n\u00e3o desenvolvem atividade econ\u00f4mica propriamente dita, o que as&#8230;<a class=\"more-link\" href=\"http:\/\/blogdalucianaoliveira.com.br\/blog\/2019\/08\/22\/a-ebc-na-lista-de-guedes-privatizar-ou-presentear\/\">Continue a leitura <span class=\"meta-nav\">&raquo;<\/span><\/a><\/p>\n","protected":false},"author":1,"featured_media":0,"comment_status":"closed","ping_status":"open","sticky":false,"template":"","format":"standard","meta":{"_exactmetrics_skip_tracking":false,"_exactmetrics_sitenote_active":false,"_exactmetrics_sitenote_note":"","_exactmetrics_sitenote_category":0,"jetpack_post_was_ever_published":false,"_jetpack_newsletter_access":"","_jetpack_dont_email_post_to_subs":false,"_jetpack_newsletter_tier_id":0,"_jetpack_memberships_contains_paywalled_content":false,"_jetpack_memberships_contains_paid_content":false,"footnotes":"","jetpack_publicize_message":"","jetpack_publicize_feature_enabled":true,"jetpack_social_post_already_shared":true,"jetpack_social_options":{"image_generator_settings":{"template":"highway","enabled":false},"version":2}},"categories":[1],"tags":[],"class_list":["post-23533","post","type-post","status-publish","format-standard","hentry","category-notas"],"jetpack_publicize_connections":[],"jetpack_sharing_enabled":true,"jetpack_featured_media_url":"","jetpack_shortlink":"https:\/\/wp.me\/p7wKYW-67z","jetpack-related-posts":[],"_links":{"self":[{"href":"http:\/\/blogdalucianaoliveira.com.br\/blog\/wp-json\/wp\/v2\/posts\/23533","targetHints":{"allow":["GET"]}}],"collection":[{"href":"http:\/\/blogdalucianaoliveira.com.br\/blog\/wp-json\/wp\/v2\/posts"}],"about":[{"href":"http:\/\/blogdalucianaoliveira.com.br\/blog\/wp-json\/wp\/v2\/types\/post"}],"author":[{"embeddable":true,"href":"http:\/\/blogdalucianaoliveira.com.br\/blog\/wp-json\/wp\/v2\/users\/1"}],"replies":[{"embeddable":true,"href":"http:\/\/blogdalucianaoliveira.com.br\/blog\/wp-json\/wp\/v2\/comments?post=23533"}],"version-history":[{"count":1,"href":"http:\/\/blogdalucianaoliveira.com.br\/blog\/wp-json\/wp\/v2\/posts\/23533\/revisions"}],"predecessor-version":[{"id":23535,"href":"http:\/\/blogdalucianaoliveira.com.br\/blog\/wp-json\/wp\/v2\/posts\/23533\/revisions\/23535"}],"wp:attachment":[{"href":"http:\/\/blogdalucianaoliveira.com.br\/blog\/wp-json\/wp\/v2\/media?parent=23533"}],"wp:term":[{"taxonomy":"category","embeddable":true,"href":"http:\/\/blogdalucianaoliveira.com.br\/blog\/wp-json\/wp\/v2\/categories?post=23533"},{"taxonomy":"post_tag","embeddable":true,"href":"http:\/\/blogdalucianaoliveira.com.br\/blog\/wp-json\/wp\/v2\/tags?post=23533"}],"curies":[{"name":"wp","href":"https:\/\/api.w.org\/{rel}","templated":true}]}}