{"id":23540,"date":"2019-08-22T09:31:41","date_gmt":"2019-08-22T13:31:41","guid":{"rendered":"http:\/\/blogdalucianaoliveira.com.br\/blog\/?p=23540"},"modified":"2019-08-22T09:32:29","modified_gmt":"2019-08-22T13:32:29","slug":"imagem-do-brasil-no-mundo-esta-carbonizada","status":"publish","type":"post","link":"http:\/\/blogdalucianaoliveira.com.br\/blog\/2019\/08\/22\/imagem-do-brasil-no-mundo-esta-carbonizada\/","title":{"rendered":"Imagem do Brasil no mundo est\u00e1 carbonizada"},"content":{"rendered":"<div class=\"post-inner group\">\n<h1 class=\"post-title\"><img data-recalc-dims=\"1\" loading=\"lazy\" decoding=\"async\" class=\"alignnone size-full wp-image-72907\" src=\"https:\/\/i0.wp.com\/www.tijolaco.net\/blog\/wp-content\/uploads\/2019\/08\/dragaobolso.jpg?resize=600%2C294\" sizes=\"auto, (max-width: 600px) 100vw, 600px\" srcset=\"http:\/\/www.tijolaco.net\/blog\/wp-content\/uploads\/2019\/08\/dragaobolso.jpg 600w, http:\/\/www.tijolaco.net\/blog\/wp-content\/uploads\/2019\/08\/dragaobolso-300x147.jpg 300w\" alt=\"\" width=\"600\" height=\"294\" \/><\/h1>\n<div class=\"entry\">\n<div class=\"post-inner group\">\n<div class=\"entry\">\n<div class=\"entry-inner\">\n<p>Jair Bolsonaro conseguiu uma proeza. Mobilizou a opini\u00e3o p\u00fablica mundial contra o Brasil em um grau e numa velocidade inacredit\u00e1veis.<!--more--><\/p>\n<p>No Tijola\u00e7o, por Fernando Brito<\/p>\n<p>\u00c9 mesmo prov\u00e1vel que o n\u00famero de queimadas e a \u00e1rea desmatada no pa\u00eds tenha crescido com seu discurso de tirar a fiscaliza\u00e7\u00e3o ambiental \u201cdo cangote\u201d de fazendeiros, garimpeiros e madeireiros. E, ainda mais, com o clima de terror que ele imp\u00f4s aos servidores dos \u00f3rg\u00e3os fiscalizadores, v\u00e1rios deles j\u00e1 punidos com transfer\u00eancias para longe de seus locais de trabalho.<\/p>\n<p>Tudo o que est\u00e1 ocorrendo, por pior que seja, por\u00e9m, n\u00e3o chega nem perto da repercuss\u00e3o que a idiotia presidencial conseguiu dar ao tema.<\/p>\n<p>A imagem do nosso pa\u00eds \u2013 lembram, generais, a import\u00e2ncia que os senhores davam a isso? \u2013 est\u00e1 torrando pelo mundo afora.<\/p>\n<p>Um\u00a0<a href=\"https:\/\/twitter.com\/i\/status\/1164226909745500161\" target=\"_blank\" rel=\"noopener noreferrer\">v\u00eddeo da Reuters<\/a>\u00a0tem meio milh\u00e3o de acessos, dizendo que \u201conda enorme [ de queimadas] veio depois de Jair Bolsonaro tomar posse em janeiro\u201d.<\/p>\n<p>O\u00a0<em><a href=\"https:\/\/www.nytimes.com\/2019\/08\/21\/world\/americas\/amazon-rainforest.html?rref=collection%2Fsectioncollection%2Fclimate&amp;action=click&amp;contentCollection=climate&amp;region=stream&amp;module=stream_unit&amp;version=latest&amp;contentPlacement=1&amp;pgtype=sectionfront\" target=\"_blank\" rel=\"noopener noreferrer\">The New York Times<\/a>\u00a0diz que\u00a0<\/em>\u201d o desmatamento da Amaz\u00f4nia aumentou rapidamente desde que Bolsonaro, eleito em outubro, tomou posse e seu governo cortou os esfor\u00e7os para enfrentar atividades ilegais na floresta tropical\u201d.<\/p>\n<p>A inglesa BBC tamb\u00e9m divulga<a href=\"https:\/\/twitter.com\/i\/status\/1164295357750284288\" target=\"_blank\" rel=\"noopener noreferrer\">\u00a0v\u00eddeos<\/a>, assim como a rede de televis\u00e3o norte-americana\u00a0<a href=\"https:\/\/twitter.com\/i\/status\/1164227161345024000\" target=\"_blank\" rel=\"noopener noreferrer\">NBC<\/a>, o franc\u00eas Le Monde faz o mesmo, dizendo que Bolsonaro \u00e9 uma amea\u00e7a \u00e0 Amaz\u00f4nia.<\/p>\n<p>A\u00a0<a href=\"https:\/\/twitter.com\/i\/status\/1164117055353827328\" target=\"_blank\" rel=\"noopener noreferrer\"><em>Al Jazeera<\/em><\/a>\u00a0diz que o pa\u00eds vive blecautes durante o dia pela fuma\u00e7a e at\u00e9 nossos primos argentinos, no meio de uma crise, destacam o tema no Clar\u00edn: \u201c<a href=\"https:\/\/www.clarin.com\/mundo\/incendios-amazonas-alcanzan-nivel-record-jair-bolsonaro-apunta-ong_0_LLbph2zFb.html\" target=\"_blank\" rel=\"noopener noreferrer\">Inc\u00eandios na Amaz\u00f4nia atingem n\u00edvel recorde e Jair Bolsonaro aponta contra\u00a0<\/a><a href=\"https:\/\/www.clarin.com\/mundo\/incendios-amazonas-alcanzan-nivel-record-jair-bolsonaro-apunta-ong_0_LLbph2zFb.html\" target=\"_blank\" rel=\"noopener noreferrer\">ONGs<\/a>\u201c<\/p>\n<p>Os preju\u00edzos que os inc\u00eandios e o desmatamento da Amaz\u00f4nia trazem s\u00e3o imensos, mas v\u00e3o muito al\u00e9m de \u00e1rvores e bichos queimados. Tornaram o Brasil e seu governo \u201cmalditos\u201d no mundo, ao contr\u00e1rio dos tempos em que atra\u00edamos a solidariedade da opini\u00e3o p\u00fablica mundial.<\/p>\n<p>N\u00e3o \u00e9 verdadeira a \u201cm\u00e1xima\u201d de que um pa\u00eds n\u00e3o tem amigos, tem interesses. Amizade \u00e9 a primeira porta para os neg\u00f3cios e Jair Bolsonaro est\u00e1 nos transformando em um pa\u00eds que, em lugar de encantar, horroriza o mundo.<\/p>\n<\/div>\n<div class=\"clear\"><\/div>\n<\/div>\n<\/div>\n<\/div>\n<\/div>\n<p>&nbsp;<\/p>\n","protected":false},"excerpt":{"rendered":"<p>Jair Bolsonaro conseguiu uma proeza. Mobilizou a opini\u00e3o p\u00fablica mundial contra o Brasil em um grau e numa velocidade inacredit\u00e1veis.<\/p>\n","protected":false},"author":1,"featured_media":0,"comment_status":"closed","ping_status":"open","sticky":false,"template":"","format":"standard","meta":{"_exactmetrics_skip_tracking":false,"_exactmetrics_sitenote_active":false,"_exactmetrics_sitenote_note":"","_exactmetrics_sitenote_category":0,"jetpack_post_was_ever_published":false,"_jetpack_newsletter_access":"","_jetpack_dont_email_post_to_subs":false,"_jetpack_newsletter_tier_id":0,"_jetpack_memberships_contains_paywalled_content":false,"_jetpack_memberships_contains_paid_content":false,"footnotes":"","jetpack_publicize_message":"","jetpack_publicize_feature_enabled":true,"jetpack_social_post_already_shared":true,"jetpack_social_options":{"image_generator_settings":{"template":"highway","enabled":false},"version":2}},"categories":[1],"tags":[],"class_list":["post-23540","post","type-post","status-publish","format-standard","hentry","category-notas"],"jetpack_publicize_connections":[],"jetpack_sharing_enabled":true,"jetpack_featured_media_url":"","jetpack_shortlink":"https:\/\/wp.me\/p7wKYW-67G","jetpack-related-posts":[],"_links":{"self":[{"href":"http:\/\/blogdalucianaoliveira.com.br\/blog\/wp-json\/wp\/v2\/posts\/23540","targetHints":{"allow":["GET"]}}],"collection":[{"href":"http:\/\/blogdalucianaoliveira.com.br\/blog\/wp-json\/wp\/v2\/posts"}],"about":[{"href":"http:\/\/blogdalucianaoliveira.com.br\/blog\/wp-json\/wp\/v2\/types\/post"}],"author":[{"embeddable":true,"href":"http:\/\/blogdalucianaoliveira.com.br\/blog\/wp-json\/wp\/v2\/users\/1"}],"replies":[{"embeddable":true,"href":"http:\/\/blogdalucianaoliveira.com.br\/blog\/wp-json\/wp\/v2\/comments?post=23540"}],"version-history":[{"count":2,"href":"http:\/\/blogdalucianaoliveira.com.br\/blog\/wp-json\/wp\/v2\/posts\/23540\/revisions"}],"predecessor-version":[{"id":23542,"href":"http:\/\/blogdalucianaoliveira.com.br\/blog\/wp-json\/wp\/v2\/posts\/23540\/revisions\/23542"}],"wp:attachment":[{"href":"http:\/\/blogdalucianaoliveira.com.br\/blog\/wp-json\/wp\/v2\/media?parent=23540"}],"wp:term":[{"taxonomy":"category","embeddable":true,"href":"http:\/\/blogdalucianaoliveira.com.br\/blog\/wp-json\/wp\/v2\/categories?post=23540"},{"taxonomy":"post_tag","embeddable":true,"href":"http:\/\/blogdalucianaoliveira.com.br\/blog\/wp-json\/wp\/v2\/tags?post=23540"}],"curies":[{"name":"wp","href":"https:\/\/api.w.org\/{rel}","templated":true}]}}