{"id":23543,"date":"2019-08-22T09:36:48","date_gmt":"2019-08-22T13:36:48","guid":{"rendered":"http:\/\/blogdalucianaoliveira.com.br\/blog\/?p=23543"},"modified":"2019-08-22T09:36:48","modified_gmt":"2019-08-22T13:36:48","slug":"senado-aprova-minirreforma-trabalhista-sem-previsao-de-trabalho-aos-domingos","status":"publish","type":"post","link":"http:\/\/blogdalucianaoliveira.com.br\/blog\/2019\/08\/22\/senado-aprova-minirreforma-trabalhista-sem-previsao-de-trabalho-aos-domingos\/","title":{"rendered":"Senado aprova &#8220;minirreforma trabalhista&#8221; sem previs\u00e3o de trabalho aos domingos"},"content":{"rendered":"<div class=\"img-container\"><img data-recalc-dims=\"1\" decoding=\"async\" src=\"https:\/\/i0.wp.com\/farm66.staticflickr.com\/65535\/48596206462_5f67d2d1b8_z.jpg?w=600&#038;ssl=1\" alt=\"Senador D\u00e1rio Berger (PMDB), ao microfone, presidiu a comiss\u00e3o mista, que aprovou mais de 100 altera\u00e7\u00f5es ao texto original - Cr\u00e9ditos: Roque de S\u00e1 \/ Ag\u00eancia Senado\" \/><\/div>\n<p>MP da Liberdade Econ\u00f4mica \u00e9 criticada por reduzir direitos que j\u00e1 estavam fragilizados desde o governo Temer<!--more--><\/p>\n<p>Reda\u00e7\u00e3o<br \/>\nBrasil de Fato<\/p>\n<p>O Senado aprovou, na noite desta quarta-feira (21), a Medida Provis\u00f3ria (MP) n\u00ba 881 de 2019, chamada de MP da Liberdade Econ\u00f4mica, pelos apoiadores, e de &#8220;minirreforma trabalhista&#8221;, pelos opositores. O texto segue para san\u00e7\u00e3o do presidente Jair Bolsonaro (PSL) sem as regras que liberavam o trabalho aos domingos e feriados. Estas haviam sido inclu\u00eddas pela C\u00e2mara dos Deputados e geraram uma s\u00e9rie de cr\u00edticas de juristas, sindicalistas e parlamentares do campo progressista. Os governistas preferiram recuar para acelerar a tramita\u00e7\u00e3o da medida.<\/p>\n<p>Sobre os domingos e feriados, continuam valendo as regras atuais: a folga semanal deve ser no domingo, &#8220;salvo motivo de conveni\u00eancia p\u00fablica ou necessidade imperiosa de servi\u00e7o&#8221;. Nesses casos excepcionais, a empresa deve fazer uma escala de revezamento quinzenal que &#8220;favore\u00e7a o repouso dominical&#8221;.<\/p>\n<p>Ao todo, foram mais de cem modifica\u00e7\u00f5es em rela\u00e7\u00e3o ao texto original.<\/p>\n<p>O que muda<\/p>\n<p>As principais mudan\u00e7as na legisla\u00e7\u00e3o trabalhista s\u00e3o:<\/p>\n<p>&#8211; Ponto eletr\u00f4nico: precisam registrar ponto diariamente, com hor\u00e1rios de entrada e sa\u00edda dos trabalhadores, todas as empresas com pelo menos dez empregados. A MP amplia esse n\u00famero para 20.<\/p>\n<p>&#8211; O texto libera que as ag\u00eancias banc\u00e1rias funcionem aos s\u00e1bados, o que n\u00e3o \u00e9 permitido na legisla\u00e7\u00e3o atual.<\/p>\n<p>&#8211; Atividades econ\u00f4micas poder\u00e3o ocorrer em qualquer hor\u00e1rio ou dia da semana, desde que respeitadas as regras ambientais, trabalhistas e de vizinhan\u00e7a.<\/p>\n<p>&#8211; Empreendedores considerados &#8220;de baixo risco&#8221; n\u00e3o precisar\u00e3o de licen\u00e7as, autoriza\u00e7\u00f5es e alvar\u00e1s pr\u00e9vios para abrir uma empresa.<\/p>\n<p>Cr\u00edticas<\/p>\n<p>A reportagem do Brasil de Fato conversou com especialistas durante a tramita\u00e7\u00e3o da MP. As principais cr\u00edticas estavam relacionadas ao trabalho aos domingos e feriados e ao ponto eletr\u00f4nico.<\/p>\n<p>Uma das fontes consultadas, o desembargador Jorge Luiz Souto Maior, do Tribunal Regional do Trabalho da 15\u00aa Regi\u00e3o (TRT-15), ressaltou que &#8220;estamos diante de uma CLT, de direitos que j\u00e1 foram desidratados pela reforma trabalhista [aprovada durante o governo Michel Temer (MDB)], que j\u00e1 fragilizou bastante a situa\u00e7\u00e3o do trabalhador no local de trabalho, e a atua\u00e7\u00e3o sindical tamb\u00e9m\u201d.<\/p>\n<p>Para ele, a desobriga\u00e7\u00e3o do preenchimento do cart\u00e3o de ponto para empresas com at\u00e9 20 empregados \u00e9 grave, porque se aplica a 94% dos empregadores. &#8220;N\u00e3o ter o uso do cart\u00e3o de ponto inibe uma a\u00e7\u00e3o fiscalizat\u00f3ria quanto ao uso de horas extras&#8221;, disse.<\/p>\n<p>\u201cNa sequ\u00eancia, o legislador diz que a anota\u00e7\u00e3o do cart\u00e3o de ponto, quando exigido \u2013 perceba que a\u00ed j\u00e1 \u00e9 para 6% dos empregadores \u2013, pode ser feita por exce\u00e7\u00e3o. Uma anota\u00e7\u00e3o que representa apenas o registro das horas extras realizadas. O que de fato \u00e9 um convite a n\u00e3o-anota\u00e7\u00e3o\u201d, concluiu.<\/p>\n<p>Confira em breve outras repercuss\u00f5es da aprova\u00e7\u00e3o da MP no Senado.<\/p>\n<p>Edi\u00e7\u00e3o: Daniel Giovanaz<\/p>\n","protected":false},"excerpt":{"rendered":"<p>MP da Liberdade Econ\u00f4mica \u00e9 criticada por reduzir direitos que j\u00e1 estavam fragilizados desde o governo Temer<\/p>\n","protected":false},"author":1,"featured_media":0,"comment_status":"closed","ping_status":"open","sticky":false,"template":"","format":"standard","meta":{"_exactmetrics_skip_tracking":false,"_exactmetrics_sitenote_active":false,"_exactmetrics_sitenote_note":"","_exactmetrics_sitenote_category":0,"jetpack_post_was_ever_published":false,"_jetpack_newsletter_access":"","_jetpack_dont_email_post_to_subs":false,"_jetpack_newsletter_tier_id":0,"_jetpack_memberships_contains_paywalled_content":false,"_jetpack_memberships_contains_paid_content":false,"footnotes":"","jetpack_publicize_message":"","jetpack_publicize_feature_enabled":true,"jetpack_social_post_already_shared":true,"jetpack_social_options":{"image_generator_settings":{"template":"highway","enabled":false},"version":2}},"categories":[1],"tags":[],"class_list":["post-23543","post","type-post","status-publish","format-standard","hentry","category-notas"],"jetpack_publicize_connections":[],"jetpack_sharing_enabled":true,"jetpack_featured_media_url":"","jetpack_shortlink":"https:\/\/wp.me\/p7wKYW-67J","jetpack-related-posts":[],"_links":{"self":[{"href":"http:\/\/blogdalucianaoliveira.com.br\/blog\/wp-json\/wp\/v2\/posts\/23543","targetHints":{"allow":["GET"]}}],"collection":[{"href":"http:\/\/blogdalucianaoliveira.com.br\/blog\/wp-json\/wp\/v2\/posts"}],"about":[{"href":"http:\/\/blogdalucianaoliveira.com.br\/blog\/wp-json\/wp\/v2\/types\/post"}],"author":[{"embeddable":true,"href":"http:\/\/blogdalucianaoliveira.com.br\/blog\/wp-json\/wp\/v2\/users\/1"}],"replies":[{"embeddable":true,"href":"http:\/\/blogdalucianaoliveira.com.br\/blog\/wp-json\/wp\/v2\/comments?post=23543"}],"version-history":[{"count":1,"href":"http:\/\/blogdalucianaoliveira.com.br\/blog\/wp-json\/wp\/v2\/posts\/23543\/revisions"}],"predecessor-version":[{"id":23544,"href":"http:\/\/blogdalucianaoliveira.com.br\/blog\/wp-json\/wp\/v2\/posts\/23543\/revisions\/23544"}],"wp:attachment":[{"href":"http:\/\/blogdalucianaoliveira.com.br\/blog\/wp-json\/wp\/v2\/media?parent=23543"}],"wp:term":[{"taxonomy":"category","embeddable":true,"href":"http:\/\/blogdalucianaoliveira.com.br\/blog\/wp-json\/wp\/v2\/categories?post=23543"},{"taxonomy":"post_tag","embeddable":true,"href":"http:\/\/blogdalucianaoliveira.com.br\/blog\/wp-json\/wp\/v2\/tags?post=23543"}],"curies":[{"name":"wp","href":"https:\/\/api.w.org\/{rel}","templated":true}]}}