{"id":23547,"date":"2019-08-22T10:47:12","date_gmt":"2019-08-22T14:47:12","guid":{"rendered":"http:\/\/blogdalucianaoliveira.com.br\/blog\/?p=23547"},"modified":"2019-08-22T11:44:15","modified_gmt":"2019-08-22T15:44:15","slug":"governador-de-ro-mascava-chiclete-quando-bolsonaro-iniciou-campanha-contra-meio-ambiente","status":"publish","type":"post","link":"http:\/\/blogdalucianaoliveira.com.br\/blog\/2019\/08\/22\/governador-de-ro-mascava-chiclete-quando-bolsonaro-iniciou-campanha-contra-meio-ambiente\/","title":{"rendered":"Governador de RO mascava chiclete e ria quando Bolsonaro iniciou campanha contra meio ambiente"},"content":{"rendered":"<div class=\"fb-post\" data-href=\"https:\/\/www.facebook.com\/243123896611704\/posts\/385998158990943?s=100001977379087&#038;v=e&#038;sfns=mo\" data-width=\"552\"><\/div>\n<p>O mundo se indigna com o aumento das queimadas na Amaz\u00f4nia e cobra explica\u00e7\u00f5es e medidas para cont\u00ea-las.<\/p>\n<p>Sem condi\u00e7\u00f5es de responder a uma coisa e outra, o presidente Jair Bolsonaro resolveu apagar fogo com gasolina, levianamente acusou ONGs de tocarem fogo e sugeriu conluio de governadores da regi\u00e3o Norte.<!--more--><\/p>\n<p>&#8220;N\u00e3o movem uma palha&#8221; para ajudar a combater os inc\u00eandios na Amaz\u00f4nia. <\/p>\n<p>No caso de Marcos Rocha (PSL) em Rond\u00f4nia, estranho seria que contrariasse o presidente. <\/p>\n<p>Estavam lado a lado quando come\u00e7aram in\u00e9dita campanha contra o meio ambiente com cr\u00edticas \u00e0s \u00e1reas de reserva, normas, fiscaliza\u00e7\u00e3o e multas.<\/p>\n<p>Marcos Rocha mascava chiclete e sorria.<\/p>\n<p>Isso, nunca foi visto em Rond\u00f4nia, uma campanha contra a prote\u00e7\u00e3o da natureza no estado que este ano acumula alta de 190% nas queimadas. <\/p>\n<p>Com 5533 focos, desde o in\u00edcio de agosto o c\u00e9u est\u00e1 encoberto pela fuma\u00e7a. <\/p>\n<p>Em \u00e1rea de reserva ambiental no munic\u00edpio de Nova Uni\u00e3o, s\u00f3 a chuva que caiu h\u00e1 tr\u00eas dias apagou inc\u00eandio que durou duas semanas e destruiu cerca de 2,5 mil hectares.<\/p>\n<p>25% da reserva viraram cinzas. <\/p>\n<p><img data-recalc-dims=\"1\" loading=\"lazy\" decoding=\"async\" data-attachment-id=\"23556\" data-permalink=\"http:\/\/blogdalucianaoliveira.com.br\/blog\/2019\/08\/22\/governador-de-ro-mascava-chiclete-quando-bolsonaro-iniciou-campanha-contra-meio-ambiente\/f1117e17-e512-4beb-bd20-d09293c535cd\/\" data-orig-file=\"https:\/\/i0.wp.com\/blogdalucianaoliveira.com.br\/blog\/wp-content\/uploads\/2019\/08\/F1117E17-E512-4BEB-BD20-D09293C535CD.jpeg?fit=739%2C415\" data-orig-size=\"739,415\" data-comments-opened=\"0\" data-image-meta=\"{&quot;aperture&quot;:&quot;0&quot;,&quot;credit&quot;:&quot;&quot;,&quot;camera&quot;:&quot;&quot;,&quot;caption&quot;:&quot;&quot;,&quot;created_timestamp&quot;:&quot;0&quot;,&quot;copyright&quot;:&quot;&quot;,&quot;focal_length&quot;:&quot;0&quot;,&quot;iso&quot;:&quot;0&quot;,&quot;shutter_speed&quot;:&quot;0&quot;,&quot;title&quot;:&quot;&quot;,&quot;orientation&quot;:&quot;0&quot;}\" data-image-title=\"F1117E17-E512-4BEB-BD20-D09293C535CD\" data-image-description=\"\" data-image-caption=\"\" data-medium-file=\"https:\/\/i0.wp.com\/blogdalucianaoliveira.com.br\/blog\/wp-content\/uploads\/2019\/08\/F1117E17-E512-4BEB-BD20-D09293C535CD.jpeg?fit=300%2C168\" data-large-file=\"https:\/\/i0.wp.com\/blogdalucianaoliveira.com.br\/blog\/wp-content\/uploads\/2019\/08\/F1117E17-E512-4BEB-BD20-D09293C535CD.jpeg?fit=600%2C337\" src=\"https:\/\/i0.wp.com\/blogdalucianaoliveira.com.br\/blog\/wp-content\/uploads\/2019\/08\/F1117E17-E512-4BEB-BD20-D09293C535CD.jpeg?resize=600%2C337\" alt=\"F1117E17-E512-4BEB-BD20-D09293C535CD\" width=\"600\" height=\"337\" class=\"alignnone size-full wp-image-23556\" srcset=\"https:\/\/i0.wp.com\/blogdalucianaoliveira.com.br\/blog\/wp-content\/uploads\/2019\/08\/F1117E17-E512-4BEB-BD20-D09293C535CD.jpeg?w=739 739w, https:\/\/i0.wp.com\/blogdalucianaoliveira.com.br\/blog\/wp-content\/uploads\/2019\/08\/F1117E17-E512-4BEB-BD20-D09293C535CD.jpeg?resize=300%2C168 300w, https:\/\/i0.wp.com\/blogdalucianaoliveira.com.br\/blog\/wp-content\/uploads\/2019\/08\/F1117E17-E512-4BEB-BD20-D09293C535CD.jpeg?resize=534%2C300 534w\" sizes=\"auto, (max-width: 600px) 100vw, 600px\" \/><\/p>\n<p>O fogo se alastrou e atingiu propriedades rurais.<\/p>\n<p>Na p\u00e1gina da Secretaria de Desenvolvimento Ambiental &#8211; SEDAM, mat\u00e9ria confirma os dados do INPE e esclarece que o governador &#8220;tem dado apoio necess\u00e1rio as a\u00e7\u00f5es do Corpo de Bombeiros Militar diretamente voltadas ao combate a estes sinistros, que em sua maioria, s\u00e3o queimadas n\u00e3o autorizadas&#8221;.<\/p>\n<p>Quando a imprensa contesta e o povo diz que \u00e9 mentira o que assessoria do governo divulga, n\u00e3o d\u00e3o import\u00e2ncia.<\/p>\n<p>No caso de Marcos Rocha, quem desmente \u00e9 o presidente.<\/p>\n<p>O que cai bem agora ao governador, \u00e9 o que Bolsonaro disse em campanha: &#8220;Eu sou ele, ele \u00e9 eu&#8221;.<\/p>\n","protected":false},"excerpt":{"rendered":"<p>O mundo se indigna com o aumento das queimadas na Amaz\u00f4nia e cobra explica\u00e7\u00f5es e medidas para cont\u00ea-las. Sem condi\u00e7\u00f5es de responder a uma coisa e outra, o presidente Jair Bolsonaro resolveu apagar fogo com gasolina, levianamente acusou ONGs de tocarem fogo e sugeriu conluio de governadores da regi\u00e3o Norte.<\/p>\n","protected":false},"author":1,"featured_media":0,"comment_status":"closed","ping_status":"open","sticky":false,"template":"","format":"standard","meta":{"_exactmetrics_skip_tracking":false,"_exactmetrics_sitenote_active":false,"_exactmetrics_sitenote_note":"","_exactmetrics_sitenote_category":0,"jetpack_post_was_ever_published":false,"_jetpack_newsletter_access":"","_jetpack_dont_email_post_to_subs":false,"_jetpack_newsletter_tier_id":0,"_jetpack_memberships_contains_paywalled_content":false,"_jetpack_memberships_contains_paid_content":false,"footnotes":"","jetpack_publicize_message":"","jetpack_publicize_feature_enabled":true,"jetpack_social_post_already_shared":true,"jetpack_social_options":{"image_generator_settings":{"template":"highway","enabled":false},"version":2}},"categories":[1],"tags":[],"class_list":["post-23547","post","type-post","status-publish","format-standard","hentry","category-notas"],"jetpack_publicize_connections":[],"jetpack_sharing_enabled":true,"jetpack_featured_media_url":"","jetpack_shortlink":"https:\/\/wp.me\/p7wKYW-67N","jetpack-related-posts":[],"_links":{"self":[{"href":"http:\/\/blogdalucianaoliveira.com.br\/blog\/wp-json\/wp\/v2\/posts\/23547","targetHints":{"allow":["GET"]}}],"collection":[{"href":"http:\/\/blogdalucianaoliveira.com.br\/blog\/wp-json\/wp\/v2\/posts"}],"about":[{"href":"http:\/\/blogdalucianaoliveira.com.br\/blog\/wp-json\/wp\/v2\/types\/post"}],"author":[{"embeddable":true,"href":"http:\/\/blogdalucianaoliveira.com.br\/blog\/wp-json\/wp\/v2\/users\/1"}],"replies":[{"embeddable":true,"href":"http:\/\/blogdalucianaoliveira.com.br\/blog\/wp-json\/wp\/v2\/comments?post=23547"}],"version-history":[{"count":11,"href":"http:\/\/blogdalucianaoliveira.com.br\/blog\/wp-json\/wp\/v2\/posts\/23547\/revisions"}],"predecessor-version":[{"id":23559,"href":"http:\/\/blogdalucianaoliveira.com.br\/blog\/wp-json\/wp\/v2\/posts\/23547\/revisions\/23559"}],"wp:attachment":[{"href":"http:\/\/blogdalucianaoliveira.com.br\/blog\/wp-json\/wp\/v2\/media?parent=23547"}],"wp:term":[{"taxonomy":"category","embeddable":true,"href":"http:\/\/blogdalucianaoliveira.com.br\/blog\/wp-json\/wp\/v2\/categories?post=23547"},{"taxonomy":"post_tag","embeddable":true,"href":"http:\/\/blogdalucianaoliveira.com.br\/blog\/wp-json\/wp\/v2\/tags?post=23547"}],"curies":[{"name":"wp","href":"https:\/\/api.w.org\/{rel}","templated":true}]}}