{"id":23560,"date":"2019-08-22T17:28:10","date_gmt":"2019-08-22T21:28:10","guid":{"rendered":"http:\/\/blogdalucianaoliveira.com.br\/blog\/?p=23560"},"modified":"2019-08-22T17:28:10","modified_gmt":"2019-08-22T21:28:10","slug":"macron-convoca-paises-para-discutir-queimadas-na-amazonia-no-g7-e-uma-crise-internacional","status":"publish","type":"post","link":"http:\/\/blogdalucianaoliveira.com.br\/blog\/2019\/08\/22\/macron-convoca-paises-para-discutir-queimadas-na-amazonia-no-g7-e-uma-crise-internacional\/","title":{"rendered":"Macron convoca pa\u00edses para discutir queimadas na Amaz\u00f4nia no G7: &#8216;\u00c9 uma crise internacional&#8217;"},"content":{"rendered":"<p><img data-recalc-dims=\"1\" loading=\"lazy\" decoding=\"async\" data-attachment-id=\"23561\" data-permalink=\"http:\/\/blogdalucianaoliveira.com.br\/blog\/2019\/08\/22\/macron-convoca-paises-para-discutir-queimadas-na-amazonia-no-g7-e-uma-crise-internacional\/mac-3\/\" data-orig-file=\"https:\/\/i0.wp.com\/blogdalucianaoliveira.com.br\/blog\/wp-content\/uploads\/2019\/08\/mac.jpg?fit=1086%2C652\" data-orig-size=\"1086,652\" data-comments-opened=\"0\" data-image-meta=\"{&quot;aperture&quot;:&quot;0&quot;,&quot;credit&quot;:&quot;&quot;,&quot;camera&quot;:&quot;&quot;,&quot;caption&quot;:&quot;&quot;,&quot;created_timestamp&quot;:&quot;0&quot;,&quot;copyright&quot;:&quot;&quot;,&quot;focal_length&quot;:&quot;0&quot;,&quot;iso&quot;:&quot;0&quot;,&quot;shutter_speed&quot;:&quot;0&quot;,&quot;title&quot;:&quot;&quot;,&quot;orientation&quot;:&quot;0&quot;}\" data-image-title=\"mac\" data-image-description=\"\" data-image-caption=\"\" data-medium-file=\"https:\/\/i0.wp.com\/blogdalucianaoliveira.com.br\/blog\/wp-content\/uploads\/2019\/08\/mac.jpg?fit=300%2C180\" data-large-file=\"https:\/\/i0.wp.com\/blogdalucianaoliveira.com.br\/blog\/wp-content\/uploads\/2019\/08\/mac.jpg?fit=600%2C360\" class=\"alignnone size-full wp-image-23561\" src=\"https:\/\/i0.wp.com\/blogdalucianaoliveira.com.br\/blog\/wp-content\/uploads\/2019\/08\/mac.jpg?resize=600%2C360\" alt=\"mac\" width=\"600\" height=\"360\" srcset=\"https:\/\/i0.wp.com\/blogdalucianaoliveira.com.br\/blog\/wp-content\/uploads\/2019\/08\/mac.jpg?w=1086 1086w, https:\/\/i0.wp.com\/blogdalucianaoliveira.com.br\/blog\/wp-content\/uploads\/2019\/08\/mac.jpg?resize=300%2C180 300w, https:\/\/i0.wp.com\/blogdalucianaoliveira.com.br\/blog\/wp-content\/uploads\/2019\/08\/mac.jpg?resize=768%2C461 768w, https:\/\/i0.wp.com\/blogdalucianaoliveira.com.br\/blog\/wp-content\/uploads\/2019\/08\/mac.jpg?resize=1024%2C615 1024w, https:\/\/i0.wp.com\/blogdalucianaoliveira.com.br\/blog\/wp-content\/uploads\/2019\/08\/mac.jpg?resize=500%2C300 500w\" sizes=\"auto, (max-width: 600px) 100vw, 600px\" \/><\/p>\n<p>Presidente franc\u00eas escreveu em rede social que &#8216;nossa casa est\u00e1 queimando, literalmente&#8217;; evento que re\u00fane sete das maiores economias do planeta come\u00e7a neste fim de semana, na Fran\u00e7a.<!--more--><\/p>\n<p>O Globo<\/p>\n<p>O presidente da Fran\u00e7a, Emannuel Macron, convocou via Twitter os pa\u00edses membros do G7 para discutir as queimadas na Amaz\u00f4nia na c\u00fapula que acontece neste final de semana, em Biarritz, na Fran\u00e7a. Em postagem na rede social, acompanhada de imagem da floresta em chamas, na tarde desta quinta-feira, Macron lembrou que a Amaz\u00f4nia produz 20% do oxig\u00eanio do planeta:<\/p>\n<p>&#8220;Nossa casa est\u00e1 queimando. Literalmente. A Floresta Amaz\u00f4nica &#8211; os pulm\u00f5es que produzem 20% do oxig\u00eanio do nosso planeta &#8211; est\u00e1 em chamas. \u00c9 uma crise internacional. Membros da C\u00fapula do G7, vamos discutir em dois dias este tema emergencial!&#8221; &#8211; diz a postagem.<\/p>\n<p>O G7 \u00e9 um grupo internacional composto por Alemanha, Canad\u00e1, Estados Unidos, Fran\u00e7a, It\u00e1lia, Jap\u00e3o e Reino Unido, as sete maiores economias de pa\u00edses desenvolvidos do planeta. De acordo com o Fundo Monet\u00e1rio Internacional (FMI), os pa\u00edses representam mais de 64% da riqueza l\u00edquida global, equivalente a US$ 263 trilh\u00f5es.<\/p>\n<p>De acordo com o G1,<\/p>\n<blockquote class=\"twitter-tweet\" data-width=\"550\" data-dnt=\"true\">\n<p lang=\"en\" dir=\"ltr\">Our house is burning. Literally. The Amazon rain forest &#8211; the lungs which produces 20% of our planet\u2019s oxygen &#8211; is on fire. It is an international crisis. Members of the G7 Summit, let&#39;s discuss this emergency first order in two days! <a href=\"https:\/\/twitter.com\/hashtag\/ActForTheAmazon?src=hash&amp;ref_src=twsrc%5Etfw\">#ActForTheAmazon<\/a> <a href=\"https:\/\/t.co\/dogOJj9big\">pic.twitter.com\/dogOJj9big<\/a><\/p>\n<p>&mdash; Emmanuel Macron (@EmmanuelMacron) <a href=\"https:\/\/twitter.com\/EmmanuelMacron\/status\/1164617008962527232?ref_src=twsrc%5Etfw\">August 22, 2019<\/a><\/p><\/blockquote>\n<p><script async src=\"https:\/\/platform.twitter.com\/widgets.js\" charset=\"utf-8\"><\/script><\/p>\n<div class=\"article__embed-container\">\n<div class=\"embed-social\">\n<\/div>\n<\/div>\n<h2>Nota oficial da chancelaria francesa<\/h2>\n<p>Logo ap\u00f3s o tu\u00edte de Macron o Ministro da Europa e dos Neg\u00f3cios Estrangeiros da Fran\u00e7a, Jean-Yves Le Drian, divulgou nota\u00a0 afirmando que o pa\u00eds europeu est\u00e1 &#8220;muito preocupado&#8221; com os inc\u00eandios na Amaz\u00f4nia.<\/p>\n<p>Na nota, o chanceler franc\u00eas destaca que &#8220;as florestas tropicais desempenham um papel fundamental na luta contra as mudan\u00e7as clim\u00e1ticas&#8221; e que &#8220;a Fran\u00e7a est\u00e1 muito preocupada com os diversos inc\u00eandios de magnitude sem precedentes que v\u00eam afetando a Floresta Amaz\u00f4nica por v\u00e1rias semanas&#8221;. Le Drian lembrou ainda que &#8220;na Amaz\u00f4nia, a Fran\u00e7a tamb\u00e9m enfrenta esse risco, com a Guiana (Francesa), e est\u00e1 conduzindo uma coopera\u00e7\u00e3o de longo prazo com os pa\u00edses da Am\u00e9rica do Sul para lidar com isso, particularmente por meio da Ag\u00eancia Francesa de Desenvolvimento e do Instituto de Pesquisa para o Desenvolvimento da Fran\u00e7a&#8221;.<\/p>\n<div class=\"block block--advertising\">\n<div class=\"block__advertising\">\n<div class=\"block__advertising-header\"><\/div>\n<\/div>\n<\/div>\n","protected":false},"excerpt":{"rendered":"<p>Presidente franc\u00eas escreveu em rede social que &#8216;nossa casa est\u00e1 queimando, literalmente&#8217;; evento que re\u00fane sete das maiores economias do planeta come\u00e7a neste fim de semana, na Fran\u00e7a.<\/p>\n","protected":false},"author":1,"featured_media":0,"comment_status":"closed","ping_status":"open","sticky":false,"template":"","format":"standard","meta":{"_exactmetrics_skip_tracking":false,"_exactmetrics_sitenote_active":false,"_exactmetrics_sitenote_note":"","_exactmetrics_sitenote_category":0,"jetpack_post_was_ever_published":false,"_jetpack_newsletter_access":"","_jetpack_dont_email_post_to_subs":false,"_jetpack_newsletter_tier_id":0,"_jetpack_memberships_contains_paywalled_content":false,"_jetpack_memberships_contains_paid_content":false,"footnotes":"","jetpack_publicize_message":"","jetpack_publicize_feature_enabled":true,"jetpack_social_post_already_shared":true,"jetpack_social_options":{"image_generator_settings":{"template":"highway","enabled":false},"version":2}},"categories":[1],"tags":[],"class_list":["post-23560","post","type-post","status-publish","format-standard","hentry","category-notas"],"jetpack_publicize_connections":[],"jetpack_sharing_enabled":true,"jetpack_featured_media_url":"","jetpack_shortlink":"https:\/\/wp.me\/p7wKYW-680","jetpack-related-posts":[],"_links":{"self":[{"href":"http:\/\/blogdalucianaoliveira.com.br\/blog\/wp-json\/wp\/v2\/posts\/23560","targetHints":{"allow":["GET"]}}],"collection":[{"href":"http:\/\/blogdalucianaoliveira.com.br\/blog\/wp-json\/wp\/v2\/posts"}],"about":[{"href":"http:\/\/blogdalucianaoliveira.com.br\/blog\/wp-json\/wp\/v2\/types\/post"}],"author":[{"embeddable":true,"href":"http:\/\/blogdalucianaoliveira.com.br\/blog\/wp-json\/wp\/v2\/users\/1"}],"replies":[{"embeddable":true,"href":"http:\/\/blogdalucianaoliveira.com.br\/blog\/wp-json\/wp\/v2\/comments?post=23560"}],"version-history":[{"count":1,"href":"http:\/\/blogdalucianaoliveira.com.br\/blog\/wp-json\/wp\/v2\/posts\/23560\/revisions"}],"predecessor-version":[{"id":23562,"href":"http:\/\/blogdalucianaoliveira.com.br\/blog\/wp-json\/wp\/v2\/posts\/23560\/revisions\/23562"}],"wp:attachment":[{"href":"http:\/\/blogdalucianaoliveira.com.br\/blog\/wp-json\/wp\/v2\/media?parent=23560"}],"wp:term":[{"taxonomy":"category","embeddable":true,"href":"http:\/\/blogdalucianaoliveira.com.br\/blog\/wp-json\/wp\/v2\/categories?post=23560"},{"taxonomy":"post_tag","embeddable":true,"href":"http:\/\/blogdalucianaoliveira.com.br\/blog\/wp-json\/wp\/v2\/tags?post=23560"}],"curies":[{"name":"wp","href":"https:\/\/api.w.org\/{rel}","templated":true}]}}