{"id":23563,"date":"2019-08-22T17:34:10","date_gmt":"2019-08-22T21:34:10","guid":{"rendered":"http:\/\/blogdalucianaoliveira.com.br\/blog\/?p=23563"},"modified":"2019-08-22T17:34:10","modified_gmt":"2019-08-22T21:34:10","slug":"incendios-na-amazonia-118-ongs-assinam-manifesto-contra-bolsonaro","status":"publish","type":"post","link":"http:\/\/blogdalucianaoliveira.com.br\/blog\/2019\/08\/22\/incendios-na-amazonia-118-ongs-assinam-manifesto-contra-bolsonaro\/","title":{"rendered":"Inc\u00eandios na Amaz\u00f4nia: 118 ONGs assinam manifesto contra Bolsonaro"},"content":{"rendered":"<p><img data-recalc-dims=\"1\" loading=\"lazy\" decoding=\"async\" class=\"attachment-readanddigest_post_feature_image size-readanddigest_post_feature_image wp-post-image\" src=\"https:\/\/i0.wp.com\/www.cartacapital.com.br\/wp-content\/uploads\/2019\/08\/ongs-1200x716.png?resize=600%2C358&#038;ssl=1\" sizes=\"auto, (max-width: 1200px) 100vw, 1200px\" srcset=\"https:\/\/www.cartacapital.com.br\/wp-content\/uploads\/2019\/08\/ongs.png 1200w, https:\/\/www.cartacapital.com.br\/wp-content\/uploads\/2019\/08\/ongs-300x179.png 300w, https:\/\/www.cartacapital.com.br\/wp-content\/uploads\/2019\/08\/ongs-768x458.png 768w, https:\/\/www.cartacapital.com.br\/wp-content\/uploads\/2019\/08\/ongs-1024x611.png 1024w\" alt=\"\" width=\"600\" height=\"358\" \/><\/p>\n<p>O presidente acusou as \u2018ONGs que perderam grana\u2019 pelos inc\u00eandios na Amaz\u00f4nia<!--more--><\/p>\n<p>Na Carta Capital<\/p>\n<p>Ap\u00f3s o presidente Jair Bolsonaro afirmar que os inc\u00eandios na Amaz\u00f4nia \u201cpodem ter sido potencializados por ONGs que perderam grana\u201c, 118 Organiza\u00e7\u00f5es N\u00e3o Governamentais escreveram uma carta repudiando a fala do presidente e argumentado que o aumento das queimadas acontece por a\u00e7\u00f5es do pr\u00f3prio governo.<br \/>\n\u201cO presidente deve agir com responsabilidade e provar o que diz, ao inv\u00e9s de fazer ila\u00e7\u00f5es irrespons\u00e1veis e inconsequentes, repetindo a tentativa de criminalizar as organiza\u00e7\u00f5es, manipulando a opini\u00e3o p\u00fablica contra o trabalho realizado pela sociedade civil\u201d, afirma a nota.<\/p>\n<p>Bolsonaro fez a acusa\u00e7\u00e3o nesta quarta-feira 21 sem utilizar provas que comprovam o argumento. Seu ministro do Meio Ambiente, Ricardo Salles, tamb\u00e9m comentou sobre o assunto. Para o integrante do governo, as queimadas da Amaz\u00f4nia s\u00e3o \u2018sensacionalismo ambiental\u2019 e est\u00e3o relacionadas a fake news.<\/p>\n<p>\u201cEnquanto o governo justifica a flexibiliza\u00e7\u00e3o das pol\u00edticas ambientais como necess\u00e1rias para a melhoria da economia, a realidade \u00e9 que enquanto as emiss\u00f5es explodem, o aumento do PIB se aproxima do zero\u201d, argumentam as ONGs.<\/p>\n<p>Leia a nota na \u00edntegra<br \/>\nOs focos de inc\u00eandio em todo o Brasil aumentaram 82% desde o in\u00edcio deste ano, para um total de 71.497 registros feitos pelo Inpe, dos quais 54% ocorreram na Amaz\u00f4nia. Diante da escandalosa situa\u00e7\u00e3o, Bolsonaro disse que o seu \u201csentimento\u201d \u00e9 de que \u201cONGs est\u00e3o por tr\u00e1s\u201d do alastramento do fogo para \u201cenviar mensagens ao exterior\u201d.<\/p>\n<p>O aumento das queimadas n\u00e3o \u00e9 um fato isolado. No seu curto per\u00edodo de governo, tamb\u00e9m cresceram o desmatamento, a invas\u00e3o de parques e terras ind\u00edgenas, a explora\u00e7\u00e3o ilegal e predat\u00f3ria de recursos naturais e o assassinato de lideran\u00e7as de comunidades tradicionais, ind\u00edgenas e ambientalistas. Ao mesmo tempo, Bolsonaro desmontou e desmoralizou a fiscaliza\u00e7\u00e3o ambiental, deu in\u00fameras declara\u00e7\u00f5es de incentivo \u00e0 ocupa\u00e7\u00e3o predat\u00f3ria da Amaz\u00f4nia e de criminaliza\u00e7\u00e3o dos que defendem a sua conserva\u00e7\u00e3o.<\/p>\n<p>O aumento do desmatamento e das queimadas representa, tamb\u00e9m, o aumento das emiss\u00f5es brasileiras de gases do efeito estufa, distanciando o pa\u00eds do cumprimento das metas assumidas no Acordo de Paris. Enquanto o governo justifica a flexibiliza\u00e7\u00e3o das pol\u00edticas ambientais como necess\u00e1rias para a melhoria da economia, a realidade \u00e9 que enquanto as emiss\u00f5es explodem, o aumento do PIB se aproxima do zero.<\/p>\n<p>O presidente deve agir com responsabilidade e provar o que diz, ao inv\u00e9s de fazer ila\u00e7\u00f5es irrespons\u00e1veis e inconsequentes, repetindo a tentativa de criminalizar as organiza\u00e7\u00f5es, manipulando a opini\u00e3o p\u00fablica contra o trabalho realizado pela sociedade civil.<\/p>\n<p>Bolsonaro n\u00e3o precisa das ONGs para queimar a imagem do Brasil no mundo inteiro.<\/p>\n<p>Brasil, 21 de agosto de 2019<\/p>\n<p>Assinam o documento: A\u00e7\u00e3o Educativa; Ang\u00e1; Articula\u00e7\u00e3o Antinuclear Brasileira; Articula\u00e7\u00e3o dos Povos Ind\u00edgenas do Brasil (APIB); Assembleia Permanente de Entidades em Defesa do Meio Ambiente (APEDEMA); Assessoria e Gest\u00e3o em Estudos da Natureza, Desenvolvimento Humano e Agroecologia (AGENDHA); Associa\u00e7\u00e3o Agroecol\u00f3gica Tijup\u00e1; Associa\u00e7\u00e3o Alternativa Terrazul; Associa\u00e7\u00e3o Ambientalista Copa\u00edba; Associa\u00e7\u00e3o Ambientalista Floresta em P\u00e9 (AAFEP); Associa\u00e7\u00e3o Amigos do Meio Ambiente (AMA); Associa\u00e7\u00e3o Arara do Igarap\u00e9 Humait\u00e1 (AAIH); Associa\u00e7\u00e3o Brasileira de ONGs (ABONG); Associa\u00e7\u00e3o Civil Alternativa Terrazul; Associa\u00e7\u00e3o de Pesquisa e Preserva\u00e7\u00e3o de Ecossistemas Aqu\u00e1ticos (AQUASIS); Associa\u00e7\u00e3o de Preserva\u00e7\u00e3o da Natureza do Vale do Gravata\u00ed; Associa\u00e7\u00e3o de Preserva\u00e7\u00e3o do Meio Ambiente e da Vida (APREMAVI); Associa\u00e7\u00e3o Defensores da Terra; Associa\u00e7\u00e3o do Movimento dos Agentes Agroflorestais Ind\u00edgenas do Acre (AMAAIAC); Associa\u00e7\u00e3o em Defesa do rio Paran\u00e1, Afluentes e Mata Ciliar (APOENA); Associa\u00e7\u00e3o Flora Brasil; Associa\u00e7\u00e3o MarBrasil; Associa\u00e7\u00e3o Mico-Le\u00e3o-Dourado; Associa\u00e7\u00e3o Mineira de Defesa do Ambiente (AMDA); Centro de Apoio e Promo\u00e7\u00e3o da Agroecologia (CAPA \/ FLD); Centro de Assessoria Multiprofissional (CAMP); Centro de Estudos Ambientais (CEA); Centro de Trabalho Indigenista (CTI); Centro Nacional de Africanidade e Resist\u00eancia Afro Brasileiro; Cidade Escola Aprendiz; Coletivo BANQUETA\u00c7O; Coletivo Delibera Brasil; Coletivo do F\u00f3rum Social das Resist\u00eancias de Porto Alegre; Coletivo Socioambiental de Marilia; Comiss\u00e3o Pr\u00f3-\u00cdndio do Acre (CPI-Acre); Conselho de Miss\u00e3o entre Povos Ind\u00edgenas (COMIN \/ FLD); Conselho Indigenista Mission\u00e1rio (CIMI); Coordena\u00e7\u00e3o das Organiza\u00e7\u00f5es Ind\u00edgenas da Amaz\u00f4nia Brasileira (COIAB); Coordenadoria Ecum\u00eanica de Servi\u00e7o (CESE); Ecossistemas Costeiros (APREC); Elo Liga\u00e7\u00e3o e Organiza\u00e7\u00e3o; Espa\u00e7o de Forma\u00e7\u00e3o, Assessoria e Documenta\u00e7\u00e3o; FADS \u2013 Frente Ampla Democr\u00e1tica Socioambiental; FEACT Brasil (representando 23 organiza\u00e7\u00f5es nacionais baseadas na f\u00e9); Federa\u00e7\u00e3o de \u00d3rg\u00e3os para Assistencial Social e Educacional (FASE); F\u00f3rum Baiano de Economia Solid\u00e1ria; F\u00f3rum Brasileiro de ONGs e Movimentos Sociais para o Meio Ambiente e o Desenvolvimento (FBOMS); F\u00f3rum da Amaz\u00f4nia Oriental (FAOR); F\u00f3rum de Direitos Humanos e da Terra; F\u00f3rum de ONGs Ambientalistas do Distrito Federal; F\u00f3rum de ONGs\/Aids do Estado de S\u00e3o Paulo (FOAESP); F\u00f3rum Ecum\u00eanico ACT Brasil; F\u00f3rum Social da Panamaz\u00f4nia; Funda\u00e7\u00e3o Avina; Funda\u00e7\u00e3o Luterana de Diaconia (FLD); Funda\u00e7\u00e3o Vit\u00f3ria Amaz\u00f4nica (FVA); GEEP \u2013 A\u00e7ungui; Gestos \u2013 Soropositividade, Comunica\u00e7\u00e3o e G\u00eanero; Grupo Ambientalista da Bahia (GAMBA); Grupo Carta de Bel\u00e9m; Grupo de Estudos Espeleol\u00f3gicos do Paran\u00e1; Grupo de Trabalho da Sociedade Civil para Agenda 2030; Grupo Ecol\u00f3gico Rio de Contas (GERC); Habitat para humanidade Brasil; Iniciativa Verde; Instituto AU\u00c1; Instituto Augusto Carneiro; Instituto Bem Ambiental (IBAM); Instituto Centro Vida (ICV); Instituto de Estudos Ambientais \u2013 Mater Natura; Instituto de Estudos Jur\u00eddicos de Direitos Humanos, Econ\u00f4micos, Sociais, Culturais e Ambientais (IDhES); Instituto de Estudos Socioecon\u00f4micos (Inesc); Instituto de Pesquisa e Forma\u00e7\u00e3o Ind\u00edgena (Iep\u00e9); Instituto de Pesquisas Ecol\u00f3gicas (IP\u00ca); Instituto Ecoar; Instituto EQUIT \u2013 G\u00eanero, Economia e Cidadania Global; Instituto H\u00f3rus de Desenvolvimento e Conserva\u00e7\u00e3o Ambiental; Instituto Internacional de Educa\u00e7\u00e3o do Brasil (IEB); Instituto MIRA-SERRA; Instituto Socioambiental (ISA); Instituto Universidade Popular (UNIPOP); Iser Assessoria; Movimento de Defesa de Porto Seguro (MDPS); Movimento dos Trabalhadores\/as Rurais sem Terra (MST); Movimento Nacional das Cidad\u00e3s PositHIVas de S\u00e3o Paulo; Movimento Paulo Jackson \u2013 \u00c9tica, Justi\u00e7a e Cidadania; Movimento Roessler; Movimento SOS Natureza de Luiz Correia; N\u00facleo de Pesquisa em Participa\u00e7\u00e3o, Movimentos Sociais e A\u00e7\u00e3o Coletiva (NEPAC UNICAMP); Observat\u00f3rio do Clima; OekoBr; Opera\u00e7\u00e3o Amaz\u00f4nia Nativa (OPAN); Organiza\u00e7\u00e3o dos Professores Ind\u00edgenas do Acre (OPIAC); Pacto Organiza\u00e7\u00f5es Regenerativas; Plataforma DHESCA Brasil; ProAnima \u2013 Associa\u00e7\u00e3o Protetora dos Animais do Distrito Federal; Processo de Articula\u00e7\u00e3o e Di\u00e1logo (PAD); Projeto Sa\u00fade e Alegria; Rede Brasileira De Justi\u00e7a Ambiental; Rede Conhecimento Social; Rede de Coopera\u00e7\u00e3o Amaz\u00f4nia (RCA); Rede de ONGs da Mata Atl\u00e2ntica (RMA); Rede de ONGs da Mata Atl\u00e2ntica; Rede Feminista de Juristas (deFEMde); Rede Nacional de Pessoas Vivendo com HIV e AIDS (RNP+BRASIL); Rede Nacional de Pessoas Vivendo com HIV\/AIDS do Estado de S\u00e3o Paulo (RNP+SP); Sempreviva Organiza\u00e7\u00e3o Feminista (SOF); SOS Mata Atl\u00e2ntica; Sociedade de Pesquisa em Vida Selvagem e Educa\u00e7\u00e3o Ambiental (SPVS); Terra de Direitos; TERRA VIVA \u2013 Centro de Desenvolvimento Agroecol\u00f3gico do Extremo Sul da Bahia; Uni\u00e3o Protetora do Ambiente Natural (UPAN) e Vida Brasil.<\/p>\n","protected":false},"excerpt":{"rendered":"<p>O presidente acusou as \u2018ONGs que perderam grana\u2019 pelos inc\u00eandios na Amaz\u00f4nia<\/p>\n","protected":false},"author":1,"featured_media":0,"comment_status":"closed","ping_status":"open","sticky":false,"template":"","format":"standard","meta":{"_exactmetrics_skip_tracking":false,"_exactmetrics_sitenote_active":false,"_exactmetrics_sitenote_note":"","_exactmetrics_sitenote_category":0,"jetpack_post_was_ever_published":false,"_jetpack_newsletter_access":"","_jetpack_dont_email_post_to_subs":false,"_jetpack_newsletter_tier_id":0,"_jetpack_memberships_contains_paywalled_content":false,"_jetpack_memberships_contains_paid_content":false,"footnotes":"","jetpack_publicize_message":"","jetpack_publicize_feature_enabled":true,"jetpack_social_post_already_shared":true,"jetpack_social_options":{"image_generator_settings":{"template":"highway","enabled":false},"version":2}},"categories":[1],"tags":[],"class_list":["post-23563","post","type-post","status-publish","format-standard","hentry","category-notas"],"jetpack_publicize_connections":[],"jetpack_sharing_enabled":true,"jetpack_featured_media_url":"","jetpack_shortlink":"https:\/\/wp.me\/p7wKYW-683","jetpack-related-posts":[],"_links":{"self":[{"href":"http:\/\/blogdalucianaoliveira.com.br\/blog\/wp-json\/wp\/v2\/posts\/23563","targetHints":{"allow":["GET"]}}],"collection":[{"href":"http:\/\/blogdalucianaoliveira.com.br\/blog\/wp-json\/wp\/v2\/posts"}],"about":[{"href":"http:\/\/blogdalucianaoliveira.com.br\/blog\/wp-json\/wp\/v2\/types\/post"}],"author":[{"embeddable":true,"href":"http:\/\/blogdalucianaoliveira.com.br\/blog\/wp-json\/wp\/v2\/users\/1"}],"replies":[{"embeddable":true,"href":"http:\/\/blogdalucianaoliveira.com.br\/blog\/wp-json\/wp\/v2\/comments?post=23563"}],"version-history":[{"count":1,"href":"http:\/\/blogdalucianaoliveira.com.br\/blog\/wp-json\/wp\/v2\/posts\/23563\/revisions"}],"predecessor-version":[{"id":23564,"href":"http:\/\/blogdalucianaoliveira.com.br\/blog\/wp-json\/wp\/v2\/posts\/23563\/revisions\/23564"}],"wp:attachment":[{"href":"http:\/\/blogdalucianaoliveira.com.br\/blog\/wp-json\/wp\/v2\/media?parent=23563"}],"wp:term":[{"taxonomy":"category","embeddable":true,"href":"http:\/\/blogdalucianaoliveira.com.br\/blog\/wp-json\/wp\/v2\/categories?post=23563"},{"taxonomy":"post_tag","embeddable":true,"href":"http:\/\/blogdalucianaoliveira.com.br\/blog\/wp-json\/wp\/v2\/tags?post=23563"}],"curies":[{"name":"wp","href":"https:\/\/api.w.org\/{rel}","templated":true}]}}