{"id":23565,"date":"2019-08-23T08:18:02","date_gmt":"2019-08-23T12:18:02","guid":{"rendered":"http:\/\/blogdalucianaoliveira.com.br\/blog\/?p=23565"},"modified":"2019-08-23T08:18:02","modified_gmt":"2019-08-23T12:18:02","slug":"antes-de-queimar-a-floresta-bolsonaro-ja-queimou-o-filme-do-brasil","status":"publish","type":"post","link":"http:\/\/blogdalucianaoliveira.com.br\/blog\/2019\/08\/23\/antes-de-queimar-a-floresta-bolsonaro-ja-queimou-o-filme-do-brasil\/","title":{"rendered":"Antes de queimar a floresta, Bolsonaro j\u00e1 queimou o filme do Brasil"},"content":{"rendered":"<p><img data-recalc-dims=\"1\" loading=\"lazy\" decoding=\"async\" data-attachment-id=\"23566\" data-permalink=\"http:\/\/blogdalucianaoliveira.com.br\/blog\/2019\/08\/23\/antes-de-queimar-a-floresta-bolsonaro-ja-queimou-o-filme-do-brasil\/3fff010c-907d-440b-b86d-a55cd19726d4\/\" data-orig-file=\"https:\/\/i0.wp.com\/blogdalucianaoliveira.com.br\/blog\/wp-content\/uploads\/2019\/08\/3FFF010C-907D-440B-B86D-A55CD19726D4.jpeg?fit=742%2C489\" data-orig-size=\"742,489\" data-comments-opened=\"0\" data-image-meta=\"{&quot;aperture&quot;:&quot;0&quot;,&quot;credit&quot;:&quot;&quot;,&quot;camera&quot;:&quot;&quot;,&quot;caption&quot;:&quot;&quot;,&quot;created_timestamp&quot;:&quot;0&quot;,&quot;copyright&quot;:&quot;&quot;,&quot;focal_length&quot;:&quot;0&quot;,&quot;iso&quot;:&quot;0&quot;,&quot;shutter_speed&quot;:&quot;0&quot;,&quot;title&quot;:&quot;&quot;,&quot;orientation&quot;:&quot;0&quot;}\" data-image-title=\"3FFF010C-907D-440B-B86D-A55CD19726D4\" data-image-description=\"\" data-image-caption=\"\" data-medium-file=\"https:\/\/i0.wp.com\/blogdalucianaoliveira.com.br\/blog\/wp-content\/uploads\/2019\/08\/3FFF010C-907D-440B-B86D-A55CD19726D4.jpeg?fit=300%2C198\" data-large-file=\"https:\/\/i0.wp.com\/blogdalucianaoliveira.com.br\/blog\/wp-content\/uploads\/2019\/08\/3FFF010C-907D-440B-B86D-A55CD19726D4.jpeg?fit=600%2C395\" src=\"https:\/\/i0.wp.com\/blogdalucianaoliveira.com.br\/blog\/wp-content\/uploads\/2019\/08\/3FFF010C-907D-440B-B86D-A55CD19726D4.jpeg?resize=600%2C395\" alt=\"3FFF010C-907D-440B-B86D-A55CD19726D4\" width=\"600\" height=\"395\" class=\"alignnone size-full wp-image-23566\" srcset=\"https:\/\/i0.wp.com\/blogdalucianaoliveira.com.br\/blog\/wp-content\/uploads\/2019\/08\/3FFF010C-907D-440B-B86D-A55CD19726D4.jpeg?w=742 742w, https:\/\/i0.wp.com\/blogdalucianaoliveira.com.br\/blog\/wp-content\/uploads\/2019\/08\/3FFF010C-907D-440B-B86D-A55CD19726D4.jpeg?resize=300%2C198 300w, https:\/\/i0.wp.com\/blogdalucianaoliveira.com.br\/blog\/wp-content\/uploads\/2019\/08\/3FFF010C-907D-440B-B86D-A55CD19726D4.jpeg?resize=455%2C300 455w\" sizes=\"auto, (max-width: 600px) 100vw, 600px\" \/><\/p>\n<p>Fatos j\u00e1 n\u00e3o importam no debate da Amaz\u00f4nia; Brasil se torna um p\u00e1ria mundial<\/p>\n<p>Fatos j\u00e1 n\u00e3o adiantam mais. Quer-se ouvir a voz de Jair Bolsonaro, os que odeiam e os que amam. J\u00e1 pouco importa saber as causas e os motivos dos inc\u00eandios e dos desmatamentos horrendos de meados deste ano na Amaz\u00f4nia. Antes mesmo de incendiar a floresta, o presidente j\u00e1 queimou o filme do Brasil, dado o comportamento demente de seu governo de extrema-direita. Ao longo desta semana, Bolsonaro se tornou um sucesso mundial de falta de estima, de desprezo ou de raiva.<\/p>\n<p>Em poucos meses, em especial nas \u00faltimas semanas derrubou duas d\u00e9cadas de melhorias na imagem internacional do Brasil no que diz respeito ao ambiente.<\/p>\n<p>Era um progresso baseado em fatos como diminui\u00e7\u00e3o do ritmo de desmatamento, leis de prote\u00e7\u00e3o, ades\u00e3o de parte das empresas rurais \u00e0s raz\u00f5es ambientais, pol\u00edticas socioecon\u00f4micas e diplomacia inteligente. H\u00e1 decerto promessa de devasta\u00e7\u00e3o de todos esses avan\u00e7os. O desmatamento da raz\u00e3o e das institui\u00e7\u00f5es j\u00e1 come\u00e7ava, assim como h\u00e1 incentivo ao esp\u00edrito de destrui\u00e7\u00e3o desde a campanha eleitoral.<\/p>\n<p>Mas Bolsonaro adiantou-se \u00e0 ru\u00edna que alardeia ou prega, com suas palavras de profeta do apocalipse da raz\u00e3o.<\/p>\n<p>L\u00edderes pol\u00edticos europeus, de organiza\u00e7\u00f5es internacionais, de ONGs com grande sucesso de p\u00fablico e tu\u00edtes em massa, pelo mundo inteiro espalhavam o slogan \u201cnossa casa est\u00e1 queimando\u201d. Nossa casa, o planeta, a Amaz\u00f4nia. Desde gente e institui\u00e7\u00f5es s\u00e9rias at\u00e9 pessoas ing\u00eanuas ou desinformadas que se ocupam da floresta como uma esp\u00e9cie de panda vegetal atacavam o autodenominado Nero das matas.<\/p>\n<p>Os ind\u00edcios de problemas s\u00e9rios na Amaz\u00f4nia tornaram-se esc\u00e2ndalo mundial porque Bolsonaro \u00e9 um presidente que \u201cprende e arrebenta\u201d os fatos e o debate racional, porque causa ultraje, multiplica as crises.<\/p>\n<p>N\u00e3o se sabe por ora o tamanho da ru\u00edna pol\u00edtico-diplom\u00e1tica que vai causar, na pr\u00e1tica, mas j\u00e1 contribui para formar ou fortalecer coaliz\u00f5es que podem prejudicar os interesses brasileiros.<\/p>\n<p>Protecionistas, ambientalistas, apenas gente adepta da democracia ou de rela\u00e7\u00f5es civilizadas nas rela\u00e7\u00f5es internacionais podem fazer uma frente comum.<\/p>\n<p>A lideran\u00e7a centrista de Alemanha e Fran\u00e7a n\u00e3o vai desprezar o impacto pol\u00edtico de Bolsonaro sobre os partidos \u201cverdes\u201d, que crescem em seus pa\u00edses. A rea\u00e7\u00e3o ao acordo de Mercosul e Uni\u00e3o Europeia ganha refor\u00e7o. O peso de um pa\u00eds tresloucado e selvagem em f\u00f3runs internacionais tende a diminuir.<\/p>\n<p><img data-recalc-dims=\"1\" loading=\"lazy\" decoding=\"async\" data-attachment-id=\"23567\" data-permalink=\"http:\/\/blogdalucianaoliveira.com.br\/blog\/2019\/08\/23\/antes-de-queimar-a-floresta-bolsonaro-ja-queimou-o-filme-do-brasil\/cbec9d0c-2913-405c-b1cf-45d1a3131fdb\/\" data-orig-file=\"https:\/\/i0.wp.com\/blogdalucianaoliveira.com.br\/blog\/wp-content\/uploads\/2019\/08\/CBEC9D0C-2913-405C-B1CF-45D1A3131FDB.jpeg?fit=739%2C483\" data-orig-size=\"739,483\" data-comments-opened=\"0\" data-image-meta=\"{&quot;aperture&quot;:&quot;0&quot;,&quot;credit&quot;:&quot;&quot;,&quot;camera&quot;:&quot;&quot;,&quot;caption&quot;:&quot;&quot;,&quot;created_timestamp&quot;:&quot;0&quot;,&quot;copyright&quot;:&quot;&quot;,&quot;focal_length&quot;:&quot;0&quot;,&quot;iso&quot;:&quot;0&quot;,&quot;shutter_speed&quot;:&quot;0&quot;,&quot;title&quot;:&quot;&quot;,&quot;orientation&quot;:&quot;0&quot;}\" data-image-title=\"CBEC9D0C-2913-405C-B1CF-45D1A3131FDB\" data-image-description=\"\" data-image-caption=\"\" data-medium-file=\"https:\/\/i0.wp.com\/blogdalucianaoliveira.com.br\/blog\/wp-content\/uploads\/2019\/08\/CBEC9D0C-2913-405C-B1CF-45D1A3131FDB.jpeg?fit=300%2C196\" data-large-file=\"https:\/\/i0.wp.com\/blogdalucianaoliveira.com.br\/blog\/wp-content\/uploads\/2019\/08\/CBEC9D0C-2913-405C-B1CF-45D1A3131FDB.jpeg?fit=600%2C392\" src=\"https:\/\/i0.wp.com\/blogdalucianaoliveira.com.br\/blog\/wp-content\/uploads\/2019\/08\/CBEC9D0C-2913-405C-B1CF-45D1A3131FDB.jpeg?resize=600%2C392\" alt=\"CBEC9D0C-2913-405C-B1CF-45D1A3131FDB\" width=\"600\" height=\"392\" class=\"alignnone size-full wp-image-23567\" srcset=\"https:\/\/i0.wp.com\/blogdalucianaoliveira.com.br\/blog\/wp-content\/uploads\/2019\/08\/CBEC9D0C-2913-405C-B1CF-45D1A3131FDB.jpeg?w=739 739w, https:\/\/i0.wp.com\/blogdalucianaoliveira.com.br\/blog\/wp-content\/uploads\/2019\/08\/CBEC9D0C-2913-405C-B1CF-45D1A3131FDB.jpeg?resize=300%2C196 300w, https:\/\/i0.wp.com\/blogdalucianaoliveira.com.br\/blog\/wp-content\/uploads\/2019\/08\/CBEC9D0C-2913-405C-B1CF-45D1A3131FDB.jpeg?resize=459%2C300 459w\" sizes=\"auto, (max-width: 600px) 100vw, 600px\" \/><\/p>\n<p><img data-recalc-dims=\"1\" loading=\"lazy\" decoding=\"async\" data-attachment-id=\"23568\" data-permalink=\"http:\/\/blogdalucianaoliveira.com.br\/blog\/2019\/08\/23\/antes-de-queimar-a-floresta-bolsonaro-ja-queimou-o-filme-do-brasil\/54e1b86f-c0ad-4d36-b6dd-e495048f1a60\/\" data-orig-file=\"https:\/\/i0.wp.com\/blogdalucianaoliveira.com.br\/blog\/wp-content\/uploads\/2019\/08\/54E1B86F-C0AD-4D36-B6DD-E495048F1A60.jpeg?fit=745%2C512\" data-orig-size=\"745,512\" data-comments-opened=\"0\" data-image-meta=\"{&quot;aperture&quot;:&quot;0&quot;,&quot;credit&quot;:&quot;&quot;,&quot;camera&quot;:&quot;&quot;,&quot;caption&quot;:&quot;&quot;,&quot;created_timestamp&quot;:&quot;0&quot;,&quot;copyright&quot;:&quot;&quot;,&quot;focal_length&quot;:&quot;0&quot;,&quot;iso&quot;:&quot;0&quot;,&quot;shutter_speed&quot;:&quot;0&quot;,&quot;title&quot;:&quot;&quot;,&quot;orientation&quot;:&quot;0&quot;}\" data-image-title=\"54E1B86F-C0AD-4D36-B6DD-E495048F1A60\" data-image-description=\"\" data-image-caption=\"\" data-medium-file=\"https:\/\/i0.wp.com\/blogdalucianaoliveira.com.br\/blog\/wp-content\/uploads\/2019\/08\/54E1B86F-C0AD-4D36-B6DD-E495048F1A60.jpeg?fit=300%2C206\" data-large-file=\"https:\/\/i0.wp.com\/blogdalucianaoliveira.com.br\/blog\/wp-content\/uploads\/2019\/08\/54E1B86F-C0AD-4D36-B6DD-E495048F1A60.jpeg?fit=600%2C412\" src=\"https:\/\/i0.wp.com\/blogdalucianaoliveira.com.br\/blog\/wp-content\/uploads\/2019\/08\/54E1B86F-C0AD-4D36-B6DD-E495048F1A60.jpeg?resize=600%2C412\" alt=\"54E1B86F-C0AD-4D36-B6DD-E495048F1A60\" width=\"600\" height=\"412\" class=\"alignnone size-full wp-image-23568\" srcset=\"https:\/\/i0.wp.com\/blogdalucianaoliveira.com.br\/blog\/wp-content\/uploads\/2019\/08\/54E1B86F-C0AD-4D36-B6DD-E495048F1A60.jpeg?w=745 745w, https:\/\/i0.wp.com\/blogdalucianaoliveira.com.br\/blog\/wp-content\/uploads\/2019\/08\/54E1B86F-C0AD-4D36-B6DD-E495048F1A60.jpeg?resize=300%2C206 300w, https:\/\/i0.wp.com\/blogdalucianaoliveira.com.br\/blog\/wp-content\/uploads\/2019\/08\/54E1B86F-C0AD-4D36-B6DD-E495048F1A60.jpeg?resize=437%2C300 437w\" sizes=\"auto, (max-width: 600px) 100vw, 600px\" \/><\/p>\n<p><img data-recalc-dims=\"1\" loading=\"lazy\" decoding=\"async\" data-attachment-id=\"23569\" data-permalink=\"http:\/\/blogdalucianaoliveira.com.br\/blog\/2019\/08\/23\/antes-de-queimar-a-floresta-bolsonaro-ja-queimou-o-filme-do-brasil\/c436242c-0f32-43b7-baba-3736cc1a14d0\/\" data-orig-file=\"https:\/\/i0.wp.com\/blogdalucianaoliveira.com.br\/blog\/wp-content\/uploads\/2019\/08\/C436242C-0F32-43B7-BABA-3736CC1A14D0.jpeg?fit=747%2C613\" data-orig-size=\"747,613\" data-comments-opened=\"0\" data-image-meta=\"{&quot;aperture&quot;:&quot;0&quot;,&quot;credit&quot;:&quot;&quot;,&quot;camera&quot;:&quot;&quot;,&quot;caption&quot;:&quot;&quot;,&quot;created_timestamp&quot;:&quot;0&quot;,&quot;copyright&quot;:&quot;&quot;,&quot;focal_length&quot;:&quot;0&quot;,&quot;iso&quot;:&quot;0&quot;,&quot;shutter_speed&quot;:&quot;0&quot;,&quot;title&quot;:&quot;&quot;,&quot;orientation&quot;:&quot;0&quot;}\" data-image-title=\"C436242C-0F32-43B7-BABA-3736CC1A14D0\" data-image-description=\"\" data-image-caption=\"\" data-medium-file=\"https:\/\/i0.wp.com\/blogdalucianaoliveira.com.br\/blog\/wp-content\/uploads\/2019\/08\/C436242C-0F32-43B7-BABA-3736CC1A14D0.jpeg?fit=300%2C246\" data-large-file=\"https:\/\/i0.wp.com\/blogdalucianaoliveira.com.br\/blog\/wp-content\/uploads\/2019\/08\/C436242C-0F32-43B7-BABA-3736CC1A14D0.jpeg?fit=600%2C492\" src=\"https:\/\/i0.wp.com\/blogdalucianaoliveira.com.br\/blog\/wp-content\/uploads\/2019\/08\/C436242C-0F32-43B7-BABA-3736CC1A14D0.jpeg?resize=600%2C492\" alt=\"C436242C-0F32-43B7-BABA-3736CC1A14D0\" width=\"600\" height=\"492\" class=\"alignnone size-full wp-image-23569\" srcset=\"https:\/\/i0.wp.com\/blogdalucianaoliveira.com.br\/blog\/wp-content\/uploads\/2019\/08\/C436242C-0F32-43B7-BABA-3736CC1A14D0.jpeg?w=747 747w, https:\/\/i0.wp.com\/blogdalucianaoliveira.com.br\/blog\/wp-content\/uploads\/2019\/08\/C436242C-0F32-43B7-BABA-3736CC1A14D0.jpeg?resize=300%2C246 300w, https:\/\/i0.wp.com\/blogdalucianaoliveira.com.br\/blog\/wp-content\/uploads\/2019\/08\/C436242C-0F32-43B7-BABA-3736CC1A14D0.jpeg?resize=366%2C300 366w\" sizes=\"auto, (max-width: 600px) 100vw, 600px\" \/><\/p>\n<p>Na Folha, por Vin\u00edcius Torres &#8211; Os meios de comunica\u00e7\u00e3o alem\u00e3es mais importantes chegam a pedir san\u00e7\u00f5es contra o Brasil, que corre o risco de se tornar um p\u00e1ria mundial porque assim se comporta seu governo.<!--more--><\/p>\n<p>O presidente torna-se um p\u00e1ria moral e intelectual em grandes partes do mundo civilizado porque \u00e9 um sucesso no que se prop\u00f5e a fazer. Isto \u00e9, deprezar dados, \u201cespecialistas e estudiosos\u201d, institui\u00e7\u00f5es, acordos pol\u00edticos e debates racionais; insultar pa\u00edses amigos; caluniar \u201cisent\u00f5es\u201d e \u201cesquerda\u201d, em suma todos aqueles que n\u00e3o aderem ao l\u00edder, tal como acaba de fazer com ONGs ambientais, governadores do Norte e pa\u00edses amigos.<\/p>\n<p>A crise diplom\u00e1tica apenas acirra o esp\u00edrito de combate e o desprezo desvairado pelo pragmatismo m\u00ednimo. Seu governo acusa de conspira\u00e7\u00e3o \u201cesquerdista\u201d a mesma Uni\u00e3o Europeia que acaba de assinar um acordo com o Mercosul. Nada faz o menor sentido.<\/p>\n<p>Bolsonaro arrastou a imagem do Brasil para este seu torvelinho inflamado de desraz\u00e3o odienta. Nossa casa, o pa\u00eds inteiro, est\u00e1 queimando por sua causa.<\/p>\n<p>CONTINUE LENDO \u25be<br \/>\nVinicius Torres Freire<br \/>\nJornalista, foi secret\u00e1rio de Reda\u00e7\u00e3o da Folha. \u00c9 mestre em administra\u00e7\u00e3o p\u00fablica pela Universidade Harvard (EUA).<\/p>\n","protected":false},"excerpt":{"rendered":"<p>Fatos j\u00e1 n\u00e3o importam no debate da Amaz\u00f4nia; Brasil se torna um p\u00e1ria mundial Fatos j\u00e1 n\u00e3o adiantam mais. Quer-se ouvir a voz de Jair Bolsonaro, os que odeiam e os que amam. J\u00e1 pouco importa saber as causas e os motivos dos inc\u00eandios e dos desmatamentos horrendos de meados deste ano na Amaz\u00f4nia. Antes&#8230;<a class=\"more-link\" href=\"http:\/\/blogdalucianaoliveira.com.br\/blog\/2019\/08\/23\/antes-de-queimar-a-floresta-bolsonaro-ja-queimou-o-filme-do-brasil\/\">Continue a leitura <span class=\"meta-nav\">&raquo;<\/span><\/a><\/p>\n","protected":false},"author":1,"featured_media":0,"comment_status":"closed","ping_status":"open","sticky":false,"template":"","format":"standard","meta":{"_exactmetrics_skip_tracking":false,"_exactmetrics_sitenote_active":false,"_exactmetrics_sitenote_note":"","_exactmetrics_sitenote_category":0,"jetpack_post_was_ever_published":false,"_jetpack_newsletter_access":"","_jetpack_dont_email_post_to_subs":false,"_jetpack_newsletter_tier_id":0,"_jetpack_memberships_contains_paywalled_content":false,"_jetpack_memberships_contains_paid_content":false,"footnotes":"","jetpack_publicize_message":"","jetpack_publicize_feature_enabled":true,"jetpack_social_post_already_shared":true,"jetpack_social_options":{"image_generator_settings":{"template":"highway","enabled":false},"version":2}},"categories":[1],"tags":[],"class_list":["post-23565","post","type-post","status-publish","format-standard","hentry","category-notas"],"jetpack_publicize_connections":[],"jetpack_sharing_enabled":true,"jetpack_featured_media_url":"","jetpack_shortlink":"https:\/\/wp.me\/p7wKYW-685","jetpack-related-posts":[],"_links":{"self":[{"href":"http:\/\/blogdalucianaoliveira.com.br\/blog\/wp-json\/wp\/v2\/posts\/23565","targetHints":{"allow":["GET"]}}],"collection":[{"href":"http:\/\/blogdalucianaoliveira.com.br\/blog\/wp-json\/wp\/v2\/posts"}],"about":[{"href":"http:\/\/blogdalucianaoliveira.com.br\/blog\/wp-json\/wp\/v2\/types\/post"}],"author":[{"embeddable":true,"href":"http:\/\/blogdalucianaoliveira.com.br\/blog\/wp-json\/wp\/v2\/users\/1"}],"replies":[{"embeddable":true,"href":"http:\/\/blogdalucianaoliveira.com.br\/blog\/wp-json\/wp\/v2\/comments?post=23565"}],"version-history":[{"count":1,"href":"http:\/\/blogdalucianaoliveira.com.br\/blog\/wp-json\/wp\/v2\/posts\/23565\/revisions"}],"predecessor-version":[{"id":23570,"href":"http:\/\/blogdalucianaoliveira.com.br\/blog\/wp-json\/wp\/v2\/posts\/23565\/revisions\/23570"}],"wp:attachment":[{"href":"http:\/\/blogdalucianaoliveira.com.br\/blog\/wp-json\/wp\/v2\/media?parent=23565"}],"wp:term":[{"taxonomy":"category","embeddable":true,"href":"http:\/\/blogdalucianaoliveira.com.br\/blog\/wp-json\/wp\/v2\/categories?post=23565"},{"taxonomy":"post_tag","embeddable":true,"href":"http:\/\/blogdalucianaoliveira.com.br\/blog\/wp-json\/wp\/v2\/tags?post=23565"}],"curies":[{"name":"wp","href":"https:\/\/api.w.org\/{rel}","templated":true}]}}