{"id":23571,"date":"2019-08-23T12:15:47","date_gmt":"2019-08-23T16:15:47","guid":{"rendered":"http:\/\/blogdalucianaoliveira.com.br\/blog\/?p=23571"},"modified":"2019-08-23T12:57:41","modified_gmt":"2019-08-23T16:57:41","slug":"rondonia-suporta-o-dito-e-feito-pelo-governo-bolsonaro-contra-o-meio-ambiente","status":"publish","type":"post","link":"http:\/\/blogdalucianaoliveira.com.br\/blog\/2019\/08\/23\/rondonia-suporta-o-dito-e-feito-pelo-governo-bolsonaro-contra-o-meio-ambiente\/","title":{"rendered":"Rond\u00f4nia suporta o dito e feito pelo governo Bolsonaro contra o meio ambiente"},"content":{"rendered":"<picture><img data-recalc-dims=\"1\" decoding=\"async\" title=\" (Foto: Aqua\/Nasa\/Reprodu\u00e7\u00e3o)\" src=\"https:\/\/i0.wp.com\/publisher-publish.s3.eu-central-1.amazonaws.com\/pb-brasil247\/swp\/jtjeq9\/media\/2019082116080_07c7c0cd-002c-4ba9-9b40-cd1a6cf30df2.jpeg?w=600&#038;ssl=1\" alt=\"\" \/><\/picture>\n<p>Foto: Nasa<\/p>\n<p>Para entender como Rond\u00f4nia chegou ao quarto lugar no ranking de estados com maior aumento de queimadas, \u00e9 preciso lembrar quem &#8216;botou fogo&#8217; com palavras e a\u00e7\u00f5es.<\/p>\n<p>N\u00e3o \u00e9 por acaso o aumento de 198% nos focos, de janeiro a agosto deste ano.<\/p>\n<p>Houve uma verdadeira campanha contra o meio ambiente para desenvolver irresponsavelmente o setor produtivo, mola propulsora da economia do estado.<!--more--><\/p>\n<p>Um \u00e1udio do deputado federal L\u00facio Mosquini (MDB) que circulou no aplicativo de WhatsApp,\u00a0levou a madeireiros\u00a0o compromisso do governo Bolsonaro com a flexibiliza\u00e7\u00e3o da legisla\u00e7\u00e3o ambiental.<\/p>\n<p>O deputado divulgou balan\u00e7o de uma reuni\u00e3o da bancada de Rond\u00f4nia com o ministro do Meio Ambiente, Ricardo Salles, ocorrida em Bras\u00edlia.<\/p>\n<p><img data-recalc-dims=\"1\" loading=\"lazy\" decoding=\"async\" data-attachment-id=\"23573\" data-permalink=\"http:\/\/blogdalucianaoliveira.com.br\/blog\/2019\/08\/23\/rondonia-suporta-o-dito-e-feito-pelo-governo-bolsonaro-contra-o-meio-ambiente\/lu-12\/\" data-orig-file=\"https:\/\/i0.wp.com\/blogdalucianaoliveira.com.br\/blog\/wp-content\/uploads\/2019\/08\/lu.jpg?fit=960%2C720\" data-orig-size=\"960,720\" data-comments-opened=\"0\" data-image-meta=\"{&quot;aperture&quot;:&quot;0&quot;,&quot;credit&quot;:&quot;&quot;,&quot;camera&quot;:&quot;&quot;,&quot;caption&quot;:&quot;&quot;,&quot;created_timestamp&quot;:&quot;0&quot;,&quot;copyright&quot;:&quot;&quot;,&quot;focal_length&quot;:&quot;0&quot;,&quot;iso&quot;:&quot;0&quot;,&quot;shutter_speed&quot;:&quot;0&quot;,&quot;title&quot;:&quot;&quot;,&quot;orientation&quot;:&quot;0&quot;}\" data-image-title=\"lu\" data-image-description=\"\" data-image-caption=\"\" data-medium-file=\"https:\/\/i0.wp.com\/blogdalucianaoliveira.com.br\/blog\/wp-content\/uploads\/2019\/08\/lu.jpg?fit=300%2C225\" data-large-file=\"https:\/\/i0.wp.com\/blogdalucianaoliveira.com.br\/blog\/wp-content\/uploads\/2019\/08\/lu.jpg?fit=600%2C450\" class=\"alignnone size-full wp-image-23573\" src=\"https:\/\/i0.wp.com\/blogdalucianaoliveira.com.br\/blog\/wp-content\/uploads\/2019\/08\/lu.jpg?resize=600%2C450\" alt=\"lu\" width=\"600\" height=\"450\" srcset=\"https:\/\/i0.wp.com\/blogdalucianaoliveira.com.br\/blog\/wp-content\/uploads\/2019\/08\/lu.jpg?w=960 960w, https:\/\/i0.wp.com\/blogdalucianaoliveira.com.br\/blog\/wp-content\/uploads\/2019\/08\/lu.jpg?resize=300%2C225 300w, https:\/\/i0.wp.com\/blogdalucianaoliveira.com.br\/blog\/wp-content\/uploads\/2019\/08\/lu.jpg?resize=768%2C576 768w, https:\/\/i0.wp.com\/blogdalucianaoliveira.com.br\/blog\/wp-content\/uploads\/2019\/08\/lu.jpg?resize=400%2C300 400w\" sizes=\"auto, (max-width: 600px) 100vw, 600px\" \/><\/p>\n<p>A pauta, segundo ele, era \u201ca defesa dos empres\u00e1rios do setor madeireiro em Rond\u00f4nia\u201d.<\/p>\n<p>Em seu perfil no Facebook, reclama com frequ\u00eancia da crise \u201cprovocada pela fiscaliza\u00e7\u00e3o do IBAMA onde madeireiros denunciam abusos nas opera\u00e7\u00f5es ambientais\u201d.<\/p>\n<p>O deputado se refere a a\u00e7\u00f5es de combate ao desmatamento ilegal que estariam prejudicando todo o setor madeireiro na regi\u00e3o de Espig\u00e3o Do Oeste.<\/p>\n<p>Em abril uma opera\u00e7\u00e3o do Ibama resultou na queima de caminh\u00f5es e tratores que faziam retirada ilegal de madeira na Floresta Nacional do Jamari (Flona). A inutiliza\u00e7\u00e3o do maquin\u00e1rio dos criminosos \u00e9 prevista no decreto 6.514 de 2008.<\/p>\n<p>Na ocasi\u00e3o, foi com os criminosos que o presidente Jair Bolsonaro se solidarizou em v\u00eddeo gravado com o senador Marcos Rog\u00e9rio (DEM).<\/p>\n<p>&nbsp;<\/p>\n<div class=\"jetpack-video-wrapper\"><span class=\"embed-youtube\" style=\"text-align:center; display: block;\"><iframe loading=\"lazy\" class=\"youtube-player\" width=\"600\" height=\"338\" src=\"https:\/\/www.youtube.com\/embed\/A4X3FxZ7DtE?version=3&#038;rel=1&#038;showsearch=0&#038;showinfo=1&#038;iv_load_policy=1&#038;fs=1&#038;hl=pt-BR&#038;autohide=2&#038;wmode=transparent\" allowfullscreen=\"true\" style=\"border:0;\" sandbox=\"allow-scripts allow-same-origin allow-popups allow-presentation allow-popups-to-escape-sandbox\"><\/iframe><\/span><\/div>\n<p>Em julho, empoderados pelo recado de Bolsonaro, criminosos incendiaram um caminh\u00e3o-tanque que prestava servi\u00e7o para o IBAMA na regi\u00e3o.<\/p>\n<p>Como resultado da reuni\u00e3o de bancada, o deputado L\u00facio Mosquini divulgou as medidas com as quais o ministro se comprometeu.<\/p>\n<p>Uma delas \u00e9 chocante, pois revela puni\u00e7\u00e3o aos fiscais que cumpriram seu dever de impedir atividade ilegal.<\/p>\n<p>\u201cPrimeiro, hoje est\u00e1 sendo substitu\u00eddo l\u00e1 em Espig\u00e3o Do Oeste, os fiscais do Ibama. Quem j\u00e1 estava trabalhando na opera\u00e7\u00e3o ser\u00e1 substitu\u00eddo por outros fiscais, at\u00e9 mesmo para evitar qualquer tipo de descontentamento\u201d, disse.<\/p>\n<p>&nbsp;<\/p>\n<p>Ou\u00e7a o \u00e1udio que foi divulgado pelo site Rond\u00f4nia Din\u00e2mica:<\/p>\n<div class=\"jetpack-video-wrapper\"><iframe loading=\"lazy\" title=\"L\u00facio Mosquini revela detalhes sobre delibera\u00e7\u00f5es de Ricardo Salles\" width=\"600\" height=\"450\" src=\"https:\/\/www.youtube.com\/embed\/d6YSgjpfc3w?feature=oembed\" frameborder=\"0\" allow=\"accelerometer; autoplay; clipboard-write; encrypted-media; gyroscope; picture-in-picture; web-share\" referrerpolicy=\"strict-origin-when-cross-origin\" allowfullscreen><\/iframe><\/div>\n<p>&nbsp;<\/p>\n<p>O ministro veio a Espig\u00e3o e confirmou que &#8220;recebeu o pleito&#8221;, n\u00e3o citou as medidas que iria tomar, mas falou em &#8220;aproximar o mundo real do mundo ideal, a parte legal, daquilo que acontece no dia a dia&#8221; dos madeireiros.<\/p>\n<p>Para bom entendedor, significa perseguir a flexibiliza\u00e7\u00e3o da legisla\u00e7\u00e3o ambiental que segundo o ministro, precisa &#8220;respeitar&#8221; a realidade do setor.<\/p>\n<p>O que o ministro chamou de &#8220;pleito oficial&#8221; de muito tempo do setor produtivo \u00e9 lobby que a classe pol\u00edtica faz para afrouxar o que regula a atividade.<\/p>\n<p>Muitos pol\u00edticos t\u00eam neg\u00f3cios no setor produtivo e a \u00fanica preocupa\u00e7\u00e3o \u00e9 o lucro.<\/p>\n<p>A Folha De S\u00e3o Paulo, nesta quinta-feira (22), trouxe depoimento de pesquisadores da Nasa que monitoram focos de queimada no planeta e que &#8220;afirmam que seus dados sobre o Brasil est\u00e3o consistentes com o aumento abrupto que o Inpe (Instituto Nacional de Pesquisa Espaciais) vem reportando nas \u00faltimas semanas&#8221; e que est\u00e3o relacionados com o desmatamento.<\/p>\n<p>O chefe do Laborat\u00f3rio de Ci\u00eancias Biosf\u00e9ricas do Centro Goddard de Voo Espacial da Nasa, em Maryland, nos Estados Unidos,\u00a0Douglas Morton, disse &#8220;\u00e9 poss\u00edvel correlacionar os principais focos de calor detectados pelos sat\u00e9lites Terra e Aqua da Nasa ao corte raso de floresta na regi\u00e3o, e n\u00e3o a outros tipos de atividade que implicam\u00a0<a href=\"https:\/\/www1.folha.uol.com.br\/ambiente\/2019\/08\/satelites-mostram-invasao-de-rio-de-fumaca-de-queimadas-sobre-sao-paulo.shtml\" target=\"_blank\">queimadas<\/a>\u00a0sem desmatamento, como limpeza de pastos, preparo de plantios ou queima de baga\u00e7os.&#8221;<\/p>\n<p>Leia:\u00a0<a href=\"https:\/\/www1.folha.uol.com.br\/ambiente\/2019\/08\/focos-de-incendio-na-regiao-tem-assinatura-do-desmatamento-diz-nasa.shtml\">https:\/\/www1.folha.uol.com.br\/ambiente\/2019\/08\/focos-de-incendio-na-regiao-tem-assinatura-do-desmatamento-diz-nasa.shtml<\/a><\/p>\n<p>Sem poder negar culpa, Bolsonaro levianamente acusa ONGs e governadores do Norte, por a\u00e7\u00e3o e omiss\u00e3o.<\/p>\n<p>O ministro Ricardo Salles, fez pior:<\/p>\n<div class=\"container\">\n<p class=\"description\">\u201cAs pessoas do Norte t\u00eam o h\u00e1bito de por fogo nas coisas, atear lixo, queimar coisas. \u00c9 uma cultura que vem de muito tempo e precisa ser combatida\u201d, disse.<\/p>\n<p class=\"description\">\u00c9 um governo que tenta apagar fogo com gasolina ao criminalizar o trabalho das OGNs e desprezar a rea\u00e7\u00e3o de l\u00edderes de na\u00e7\u00f5es com a Amaz\u00f4nia em chamas.<\/p>\n<p class=\"description\">A cada declara\u00e7\u00e3o incendi\u00e1ria do presidente, do ministro ou de parlamentares que o apoiam, os criminosos se encorajam a aumentar o fogo.<\/p>\n<p class=\"description\">N\u00e3o \u00e9 com a ajuda do l\u00edder da bancada de Rond\u00f4nia que o fogo vai baixar.<\/p>\n<\/div>\n<p class=\"description\">Pe\u00e7amos socorro, porque muitos que queimam nossas florestas nem nascidos no Norte s\u00e3o.<\/p>\n<p>Enriquecem destruindo e depois v\u00e3o morar ou morrer em outro lugar. <\/p>\n<div class=\"load-image\"><\/div>\n<p>&nbsp;<\/p>\n<p>&nbsp;<\/p>\n","protected":false},"excerpt":{"rendered":"<p>Foto: Nasa Para entender como Rond\u00f4nia chegou ao quarto lugar no ranking de estados com maior aumento de queimadas, \u00e9 preciso lembrar quem &#8216;botou fogo&#8217; com palavras e a\u00e7\u00f5es. N\u00e3o \u00e9 por acaso o aumento de 198% nos focos, de janeiro a agosto deste ano. Houve uma verdadeira campanha contra o meio ambiente para desenvolver&#8230;<a class=\"more-link\" href=\"http:\/\/blogdalucianaoliveira.com.br\/blog\/2019\/08\/23\/rondonia-suporta-o-dito-e-feito-pelo-governo-bolsonaro-contra-o-meio-ambiente\/\">Continue a leitura <span class=\"meta-nav\">&raquo;<\/span><\/a><\/p>\n","protected":false},"author":1,"featured_media":0,"comment_status":"closed","ping_status":"open","sticky":false,"template":"","format":"standard","meta":{"_exactmetrics_skip_tracking":false,"_exactmetrics_sitenote_active":false,"_exactmetrics_sitenote_note":"","_exactmetrics_sitenote_category":0,"jetpack_post_was_ever_published":false,"_jetpack_newsletter_access":"","_jetpack_dont_email_post_to_subs":false,"_jetpack_newsletter_tier_id":0,"_jetpack_memberships_contains_paywalled_content":false,"_jetpack_memberships_contains_paid_content":false,"footnotes":"","jetpack_publicize_message":"","jetpack_publicize_feature_enabled":true,"jetpack_social_post_already_shared":true,"jetpack_social_options":{"image_generator_settings":{"template":"highway","enabled":false},"version":2}},"categories":[1],"tags":[],"class_list":["post-23571","post","type-post","status-publish","format-standard","hentry","category-notas"],"jetpack_publicize_connections":[],"jetpack_sharing_enabled":true,"jetpack_featured_media_url":"","jetpack_shortlink":"https:\/\/wp.me\/p7wKYW-68b","jetpack-related-posts":[],"_links":{"self":[{"href":"http:\/\/blogdalucianaoliveira.com.br\/blog\/wp-json\/wp\/v2\/posts\/23571","targetHints":{"allow":["GET"]}}],"collection":[{"href":"http:\/\/blogdalucianaoliveira.com.br\/blog\/wp-json\/wp\/v2\/posts"}],"about":[{"href":"http:\/\/blogdalucianaoliveira.com.br\/blog\/wp-json\/wp\/v2\/types\/post"}],"author":[{"embeddable":true,"href":"http:\/\/blogdalucianaoliveira.com.br\/blog\/wp-json\/wp\/v2\/users\/1"}],"replies":[{"embeddable":true,"href":"http:\/\/blogdalucianaoliveira.com.br\/blog\/wp-json\/wp\/v2\/comments?post=23571"}],"version-history":[{"count":8,"href":"http:\/\/blogdalucianaoliveira.com.br\/blog\/wp-json\/wp\/v2\/posts\/23571\/revisions"}],"predecessor-version":[{"id":23580,"href":"http:\/\/blogdalucianaoliveira.com.br\/blog\/wp-json\/wp\/v2\/posts\/23571\/revisions\/23580"}],"wp:attachment":[{"href":"http:\/\/blogdalucianaoliveira.com.br\/blog\/wp-json\/wp\/v2\/media?parent=23571"}],"wp:term":[{"taxonomy":"category","embeddable":true,"href":"http:\/\/blogdalucianaoliveira.com.br\/blog\/wp-json\/wp\/v2\/categories?post=23571"},{"taxonomy":"post_tag","embeddable":true,"href":"http:\/\/blogdalucianaoliveira.com.br\/blog\/wp-json\/wp\/v2\/tags?post=23571"}],"curies":[{"name":"wp","href":"https:\/\/api.w.org\/{rel}","templated":true}]}}