{"id":23581,"date":"2019-08-23T13:18:04","date_gmt":"2019-08-23T17:18:04","guid":{"rendered":"http:\/\/blogdalucianaoliveira.com.br\/blog\/?p=23581"},"modified":"2019-08-23T13:18:04","modified_gmt":"2019-08-23T17:18:04","slug":"guardian-diz-na-primeira-pagina-que-o-mundo-deve-salvar-o-brasil-do-suicidio-bolsonarista","status":"publish","type":"post","link":"http:\/\/blogdalucianaoliveira.com.br\/blog\/2019\/08\/23\/guardian-diz-na-primeira-pagina-que-o-mundo-deve-salvar-o-brasil-do-suicidio-bolsonarista\/","title":{"rendered":"Guardian diz na primeira p\u00e1gina que o mundo deve salvar o Brasil do suic\u00eddio bolsonarista"},"content":{"rendered":"<p><img data-recalc-dims=\"1\" loading=\"lazy\" decoding=\"async\" data-attachment-id=\"23582\" data-permalink=\"http:\/\/blogdalucianaoliveira.com.br\/blog\/2019\/08\/23\/guardian-diz-na-primeira-pagina-que-o-mundo-deve-salvar-o-brasil-do-suicidio-bolsonarista\/35713bab-a826-4bec-b8ff-6aa80dbd77f3\/\" data-orig-file=\"https:\/\/i0.wp.com\/blogdalucianaoliveira.com.br\/blog\/wp-content\/uploads\/2019\/08\/35713BAB-A826-4BEC-B8FF-6AA80DBD77F3.jpeg?fit=500%2C240\" data-orig-size=\"500,240\" data-comments-opened=\"0\" data-image-meta=\"{&quot;aperture&quot;:&quot;0&quot;,&quot;credit&quot;:&quot;&quot;,&quot;camera&quot;:&quot;&quot;,&quot;caption&quot;:&quot;&quot;,&quot;created_timestamp&quot;:&quot;0&quot;,&quot;copyright&quot;:&quot;&quot;,&quot;focal_length&quot;:&quot;0&quot;,&quot;iso&quot;:&quot;0&quot;,&quot;shutter_speed&quot;:&quot;0&quot;,&quot;title&quot;:&quot;&quot;,&quot;orientation&quot;:&quot;0&quot;}\" data-image-title=\"35713BAB-A826-4BEC-B8FF-6AA80DBD77F3\" data-image-description=\"\" data-image-caption=\"\" data-medium-file=\"https:\/\/i0.wp.com\/blogdalucianaoliveira.com.br\/blog\/wp-content\/uploads\/2019\/08\/35713BAB-A826-4BEC-B8FF-6AA80DBD77F3.jpeg?fit=300%2C144\" data-large-file=\"https:\/\/i0.wp.com\/blogdalucianaoliveira.com.br\/blog\/wp-content\/uploads\/2019\/08\/35713BAB-A826-4BEC-B8FF-6AA80DBD77F3.jpeg?fit=500%2C240\" src=\"https:\/\/i0.wp.com\/blogdalucianaoliveira.com.br\/blog\/wp-content\/uploads\/2019\/08\/35713BAB-A826-4BEC-B8FF-6AA80DBD77F3.jpeg?resize=500%2C240\" alt=\"35713BAB-A826-4BEC-B8FF-6AA80DBD77F3\" width=\"500\" height=\"240\" class=\"alignnone size-full wp-image-23582\" srcset=\"https:\/\/i0.wp.com\/blogdalucianaoliveira.com.br\/blog\/wp-content\/uploads\/2019\/08\/35713BAB-A826-4BEC-B8FF-6AA80DBD77F3.jpeg?w=500 500w, https:\/\/i0.wp.com\/blogdalucianaoliveira.com.br\/blog\/wp-content\/uploads\/2019\/08\/35713BAB-A826-4BEC-B8FF-6AA80DBD77F3.jpeg?resize=300%2C144 300w\" sizes=\"auto, (max-width: 500px) 100vw, 500px\" \/><\/p>\n<p>247 &#8211; Em reportagem intitulada &#8220;Inc\u00eandios na floresta amaz\u00f4nica: l\u00edderes globais instados a desviar o Brasil do caminho do &#8216;suic\u00eddio'&#8221;, o jornal brit\u00e2nico The Guardian destaca a preocupante devasta\u00e7\u00e3o da Amaz\u00f4nia no governo Jair Bolsonaro, que sofre cada vez mais press\u00e3o da m\u00eddia estrangeira. De acordo com a publica\u00e7\u00e3o, &#8220;a grande maioria dos brasileiros quer proteger a floresta, segundo pesquisas de opini\u00e3o, mas o governo tem priorizado os interesses comerciais&#8221;. <!--more--><\/p>\n<p>&#8220;Bolsonaro anunciou nesta semana que retomaria os projetos mega-hidrel\u00e9tricos na Amaz\u00f4nia que foram interrompidos por motivos ambientais. Seu filho prop\u00f4s uma lei no Congresso que enfraqueceria ainda mais as prote\u00e7\u00f5es em torno do territ\u00f3rio ind\u00edgena e das reservas naturais&#8221;, afirma. <\/p>\n<p>&#8220;O Brasil registrou mais de 72.000 inc\u00eandios este ano, um aumento de 84% em rela\u00e7\u00e3o ao mesmo per\u00edodo de 2018, segundo o INPE. Nem todos eram inc\u00eandios florestais, mas mais da metade estava na Amaz\u00f4nia&#8221;, refor\u00e7a o jornal. <\/p>\n<p>A reprotagem destaca que Bolsonaro &#8220;tentou desviar a culpa&#8221;. &#8220;Ele demitiu o chefe da ag\u00eancia espacial e disse que os dados do sat\u00e9lite eram uma mentira. Seu chefe de gabinete alegou que as preocupa\u00e7\u00f5es ambientais europ\u00e9ias eram uma conspira\u00e7\u00e3o para restringir o crescimento econ\u00f4mico do Brasil&#8221;, continua.<\/p>\n<p>&#8220;Seu ministro das Rela\u00e7\u00f5es Exteriores twittou que era uma t\u00e1tica da esquerda internacional. Nesta semana, ele sugeriu, sem evid\u00eancias, que grupos ambientalistas poderiam ter dado in\u00edcio aos inc\u00eandios para constranger seu governo. Esta \u00faltima alega\u00e7\u00e3o foi condenada na quinta-feira em uma carta assinada por 118 organiza\u00e7\u00f5es da sociedade civil&#8221;, acrescentou. <\/p>\n","protected":false},"excerpt":{"rendered":"<p>247 &#8211; Em reportagem intitulada &#8220;Inc\u00eandios na floresta amaz\u00f4nica: l\u00edderes globais instados a desviar o Brasil do caminho do &#8216;suic\u00eddio&#8217;&#8221;, o jornal brit\u00e2nico The Guardian destaca a preocupante devasta\u00e7\u00e3o da Amaz\u00f4nia no governo Jair Bolsonaro, que sofre cada vez mais press\u00e3o da m\u00eddia estrangeira. De acordo com a publica\u00e7\u00e3o, &#8220;a grande maioria dos brasileiros quer&#8230;<a class=\"more-link\" href=\"http:\/\/blogdalucianaoliveira.com.br\/blog\/2019\/08\/23\/guardian-diz-na-primeira-pagina-que-o-mundo-deve-salvar-o-brasil-do-suicidio-bolsonarista\/\">Continue a leitura <span class=\"meta-nav\">&raquo;<\/span><\/a><\/p>\n","protected":false},"author":1,"featured_media":0,"comment_status":"closed","ping_status":"open","sticky":false,"template":"","format":"standard","meta":{"_exactmetrics_skip_tracking":false,"_exactmetrics_sitenote_active":false,"_exactmetrics_sitenote_note":"","_exactmetrics_sitenote_category":0,"jetpack_post_was_ever_published":false,"_jetpack_newsletter_access":"","_jetpack_dont_email_post_to_subs":false,"_jetpack_newsletter_tier_id":0,"_jetpack_memberships_contains_paywalled_content":false,"_jetpack_memberships_contains_paid_content":false,"footnotes":"","jetpack_publicize_message":"","jetpack_publicize_feature_enabled":true,"jetpack_social_post_already_shared":true,"jetpack_social_options":{"image_generator_settings":{"template":"highway","enabled":false},"version":2}},"categories":[1],"tags":[],"class_list":["post-23581","post","type-post","status-publish","format-standard","hentry","category-notas"],"jetpack_publicize_connections":[],"jetpack_sharing_enabled":true,"jetpack_featured_media_url":"","jetpack_shortlink":"https:\/\/wp.me\/p7wKYW-68l","jetpack-related-posts":[],"_links":{"self":[{"href":"http:\/\/blogdalucianaoliveira.com.br\/blog\/wp-json\/wp\/v2\/posts\/23581","targetHints":{"allow":["GET"]}}],"collection":[{"href":"http:\/\/blogdalucianaoliveira.com.br\/blog\/wp-json\/wp\/v2\/posts"}],"about":[{"href":"http:\/\/blogdalucianaoliveira.com.br\/blog\/wp-json\/wp\/v2\/types\/post"}],"author":[{"embeddable":true,"href":"http:\/\/blogdalucianaoliveira.com.br\/blog\/wp-json\/wp\/v2\/users\/1"}],"replies":[{"embeddable":true,"href":"http:\/\/blogdalucianaoliveira.com.br\/blog\/wp-json\/wp\/v2\/comments?post=23581"}],"version-history":[{"count":1,"href":"http:\/\/blogdalucianaoliveira.com.br\/blog\/wp-json\/wp\/v2\/posts\/23581\/revisions"}],"predecessor-version":[{"id":23583,"href":"http:\/\/blogdalucianaoliveira.com.br\/blog\/wp-json\/wp\/v2\/posts\/23581\/revisions\/23583"}],"wp:attachment":[{"href":"http:\/\/blogdalucianaoliveira.com.br\/blog\/wp-json\/wp\/v2\/media?parent=23581"}],"wp:term":[{"taxonomy":"category","embeddable":true,"href":"http:\/\/blogdalucianaoliveira.com.br\/blog\/wp-json\/wp\/v2\/categories?post=23581"},{"taxonomy":"post_tag","embeddable":true,"href":"http:\/\/blogdalucianaoliveira.com.br\/blog\/wp-json\/wp\/v2\/tags?post=23581"}],"curies":[{"name":"wp","href":"https:\/\/api.w.org\/{rel}","templated":true}]}}