{"id":23584,"date":"2019-08-23T15:16:59","date_gmt":"2019-08-23T19:16:59","guid":{"rendered":"http:\/\/blogdalucianaoliveira.com.br\/blog\/?p=23584"},"modified":"2019-08-23T15:16:59","modified_gmt":"2019-08-23T19:16:59","slug":"quatro-lideres-do-g7-querem-discutir-devastacao-da-amazonia-incentivada-por-bolsonaro","status":"publish","type":"post","link":"http:\/\/blogdalucianaoliveira.com.br\/blog\/2019\/08\/23\/quatro-lideres-do-g7-querem-discutir-devastacao-da-amazonia-incentivada-por-bolsonaro\/","title":{"rendered":"Quatro l\u00edderes do G7 querem discutir devasta\u00e7\u00e3o da Amaz\u00f4nia, incentivada por Bolsonaro"},"content":{"rendered":"<h2 class=\"article__headline marginBottom30\"><time class=\"articleMetadata__info\" datetime=\"2019-08-23T15:16:46-03:00\"><\/time><picture><source srcset=\"https:\/\/publisher-publish.s3.eu-central-1.amazonaws.com\/pb-brasil247\/swp\/jtjeq9\/media\/20190823150828_72579875-3c23-49d1-80dc-b072411f53df.jpeg\" type=\"image\/jpeg\" media=\"(max-width: 680px)\" \/><source srcset=\"https:\/\/publisher-publish.s3.eu-central-1.amazonaws.com\/pb-brasil247\/swp\/jtjeq9\/media\/20190823150828_d794ee48-381c-46ae-91ed-d5c89b762306.jpeg\" type=\"image\/jpeg\" media=\"(min-width: 681px)\" \/><img data-recalc-dims=\"1\" decoding=\"async\" title=\" \" src=\"https:\/\/i0.wp.com\/publisher-publish.s3.eu-central-1.amazonaws.com\/pb-brasil247\/swp\/jtjeq9\/media\/20190823150828_d794ee48-381c-46ae-91ed-d5c89b762306.jpeg?w=600&#038;ssl=1\" alt=\"\" \/><\/picture><\/h2>\n<div class=\"article__text marginTop30\">\n<div class=\"ad-first-text\"><\/div>\n<p><b>247 &#8211;<\/b>\u00a0Aumenta a press\u00e3o internacional sobre o Brasil em meio ao crescimento hist\u00f3rico de queimadas na Floresta Amaz\u00f4nica, estimuladas pela pol\u00edtica de Jair Bolsonaro e do ministro do Meio Ambiente, Ricardo Salles.<!--more--><\/p>\n<div class=\"teads-inread sm-screen\">\n<div class=\"teads-ui-components-adchoices\"><\/div>\n<div class=\"teads-ui-components-label\"><\/div>\n<div id=\"teads0\" class=\"teads-player\"><\/div>\n<\/div>\n<p>A devasta\u00e7\u00e3o da Amaz\u00f4nia dever\u00e1 ser discutida neste fim de semana em \u00a0Biarritz, sudoeste franc\u00eas, durante encontro das sete principais economias do mundo. O primeiro presidente do G7 a se manifestar sobre o tema foi Emmanuel Macron, que classificou as queimadas recorde como &#8220;crise internacional&#8221; (leia mais no\u00a0<a href=\"https:\/\/www.brasil247.com\/mundo\/devastacao-da-amazonia-e-crise-internacional-e-precisa-ser-discutida-pelo-g-7-diz-presidente-da-franca\"><b>Brasil 247<\/b><\/a>).<\/p>\n<p>Em seguida, Macron foi apoiado pelo primeiro-ministro do Canad\u00e1, Justin Trudeau, pela chanceler da Alemanha, Angela Merkel, e pelo primeiro-ministro da Inglaterra, Boris Johnson (leia mais no\u00a0<a href=\"https:\/\/www.brasil247.com\/mundo\/alemanha-canada-e-irlanda-unem-se-a-franca-contra-bolsonaro\"><b>Brasil 247<\/b><\/a>).<\/p>\n<p>\u201cA magnitude dos inc\u00eandios \u00e9 preocupante e amea\u00e7a n\u00e3o s\u00f3 o Brasil e os outros pa\u00edses afetados, mas tamb\u00e9m o mundo inteiro\u201d, disse Steffen Seibert, representante de Merkel.<\/p>\n<p>O Reino Unido tamb\u00e9m est\u00e1 preocupado com os inc\u00eandios na floresta amaz\u00f4nica. &#8220;O primeiro-ministro est\u00e1 gravemente preocupado pela alta da quantidade de inc\u00eandios na floresta amaz\u00f4nica e o impacto de tr\u00e1gicas perdas nesse habitat&#8221;, disse um porta-voz.<\/p>\n<p>Tamb\u00e9m fazem parte do G7 os Estados Unidos, It\u00e1lia e Jap\u00e3o.<\/p>\n<div class=\"contentAd contentAd--noBackground marginBottom30\"><\/div>\n<p>As queimadas no Brasil aumentaram 82% em rela\u00e7\u00e3o ao ano de 2018, se compararmos o mesmo per\u00edodo de janeiro a agosto \u2013 foram 71.497 focos neste ano, contra 39.194 no ano passado. Esta \u00e9 a maior alta e tamb\u00e9m o maior n\u00famero de registros em 7 anos no pa\u00eds. Os dados s\u00e3o do Programa Queimadas do Instituto Nacional de Pesquisas Espaciais (Inpe), gerados com com base em imagens de sat\u00e9lite.<\/p>\n<p>Leia tamb\u00e9m reportagem da ag\u00eancia Reuters sobre o assunto:<\/p>\n<p><b>UE aumenta press\u00e3o sobre o Brasil devido a inc\u00eandios na Amaz\u00f4nia<\/b><\/p>\n<div class=\"contentAd contentAd--noBackground marginBottom30\"><\/div>\n<p>DUBLIN\/BRUXELAS (Reuters) &#8211; A Uni\u00e3o Europeia aumentou a press\u00e3o sobre o presidente Jair Bolsonaro (PSL-RJ) nesta sexta-feira por conta dos inc\u00eandios que v\u00eam devastando a Bacia Amaz\u00f4nica, com a Irlanda e a Fran\u00e7a dizendo que podem travar o acordo comercial do bloco com a Am\u00e9rica do Sul.<\/p>\n<p>Bolsonaro rejeitou o que chama de interfer\u00eancia estrangeira em assuntos dom\u00e9sticos do Brasil, onde vastos trechos da floresta tropical da Amaz\u00f4nia est\u00e3o em chamas durante a conhecida como esta\u00e7\u00e3o das queimadas. O presidente disse que o ex\u00e9rcito poder\u00e1 ser enviado para ajudar a combater os inc\u00eandios.<\/p>\n<p>Ambientalistas culparam o desmatamento pelo aumento dos inc\u00eandios e acusaram o presidente de afrouxar os mecanismos de prote\u00e7\u00e3o da floresta tropical, que \u00e9 considerada crucial no combate \u00e0 mudan\u00e7a clim\u00e1tica global.<\/p>\n<p>O gabinete do presidente franc\u00eas, Emmanuel Macron, disse que Bolsonaro mentiu quando minimizou as preocupa\u00e7\u00f5es com a mudan\u00e7a clim\u00e1tica na c\u00fapula do G20 no Jap\u00e3o em junho e que, diante disso, a Fran\u00e7a se opor\u00e1 ao acordo firmado entre a UE e o Mercosul, composto por Brasil, Argentina, Uruguai e Paraguai.<\/p>\n<p>O primeiro-ministro irland\u00eas, Leo Varadkar, disse que o pa\u00eds votar\u00e1 contra o acordo de livre com\u00e9rcio a menos que o Brasil adote a\u00e7\u00f5es para proteger a floresta tropical.<\/p>\n<p>Varadkar se disse muito preocupado com os n\u00edveis recordes de destrui\u00e7\u00e3o da floresta tropical e que seu governo monitorar\u00e1 atentamente as a\u00e7\u00f5es ambientais do Brasil nos dois anos necess\u00e1rios para a ratifica\u00e7\u00e3o do pacto com o Mercosul.<\/p>\n<p>\u201cA Irlanda n\u00e3o votar\u00e1 de jeito nenhum a favor do Acordo de livre com\u00e9rcio entre UE e Mercosul se o Brasil n\u00e3o honrar seus compromissos ambientais\u201d, disse ele em um comunicado.<\/p>\n<p>A Irlanda e a Fran\u00e7a precisar\u00e3o de outros pa\u00edses da UE para formar uma minoria suficiente para bloquear o acordo, fechado em junho, depois de 20 anos de negocia\u00e7\u00f5es.<\/p>\n<p>Mas o governo irland\u00eas est\u00e1 sendo pressionado a defender seus pecuaristas, que j\u00e1 sofrem com a sa\u00edda iminente do Reino Unido da UE e os pre\u00e7os baixos, procurando fazer com que as na\u00e7\u00f5es do Mercosul n\u00e3o inundem o mercado com carne bovina mais barata.<\/p>\n<p>Mas o bra\u00e7o executivo da UE, a Comiss\u00e3o Europeia, alertou contra o acordo, dizendo que isso pode ajudar a pressionar o Brasil.<\/p>\n<p>\u201cEsta \u00e9 a melhor maneira de criar compromissos vinculantes legais com os pa\u00edses que queremos que respeitem nossos padr\u00f5es ambientais\u201d, disse a porta-voz da Comiss\u00e3o, Mina Andreeva. \u201cA melhor ferramenta que temos \u00e9 acordo entre UE e Mercosul.\u201d<\/p>\n<p>Ela acrescentou que o texto incluir\u00e1 mecanismos punitivos a serem usados casos certas condi\u00e7\u00f5es relacionadas ao clima n\u00e3o sejam atendidas.<\/p>\n<p>A Finl\u00e2ndia, que atualmente ocupa a presid\u00eancia rotativa do bloco, sugeriu uma proibi\u00e7\u00e3o \u00e0s importa\u00e7\u00f5es de carne bovina brasileira. O primeiro-ministro Antti Rinne disse que os inc\u00eandios s\u00e3o \u201cuma amea\u00e7a para todo o nosso planeta, n\u00e3o apenas para o Brasil ou a Am\u00e9rica do Sul.\u201d<\/p>\n<p>\u201cPrecisamos descobrir se os europeus t\u00eam algo a oferecer ao Brasil para ajudar a evitar esse tipo de inc\u00eandio no futuro\u201d, acrescentou.<\/p>\n<p>O ministro das Finan\u00e7as da Finl\u00e2ndia disse que levantar\u00e1 a quest\u00e3o com seus colegas da UE em uma reuni\u00e3o em Helsinque em 13 e 14 de setembro.<\/p>\n<p>Os l\u00edderes das economias mais avan\u00e7adas do mundo tamb\u00e9m devem discutir o assunto quando se encontrarem para a c\u00fapula do G7 na Fran\u00e7a neste final de semana.<\/p>\n<\/div>\n<p>&nbsp;<\/p>\n<p>&nbsp;<\/p>\n","protected":false},"excerpt":{"rendered":"<p>247 &#8211;\u00a0Aumenta a press\u00e3o internacional sobre o Brasil em meio ao crescimento hist\u00f3rico de queimadas na Floresta Amaz\u00f4nica, estimuladas pela pol\u00edtica de Jair Bolsonaro e do ministro do Meio Ambiente, Ricardo Salles.<\/p>\n","protected":false},"author":1,"featured_media":0,"comment_status":"closed","ping_status":"open","sticky":false,"template":"","format":"standard","meta":{"_exactmetrics_skip_tracking":false,"_exactmetrics_sitenote_active":false,"_exactmetrics_sitenote_note":"","_exactmetrics_sitenote_category":0,"jetpack_post_was_ever_published":false,"_jetpack_newsletter_access":"","_jetpack_dont_email_post_to_subs":false,"_jetpack_newsletter_tier_id":0,"_jetpack_memberships_contains_paywalled_content":false,"_jetpack_memberships_contains_paid_content":false,"footnotes":"","jetpack_publicize_message":"","jetpack_publicize_feature_enabled":true,"jetpack_social_post_already_shared":true,"jetpack_social_options":{"image_generator_settings":{"template":"highway","enabled":false},"version":2}},"categories":[1],"tags":[],"class_list":["post-23584","post","type-post","status-publish","format-standard","hentry","category-notas"],"jetpack_publicize_connections":[],"jetpack_sharing_enabled":true,"jetpack_featured_media_url":"","jetpack_shortlink":"https:\/\/wp.me\/p7wKYW-68o","jetpack-related-posts":[],"_links":{"self":[{"href":"http:\/\/blogdalucianaoliveira.com.br\/blog\/wp-json\/wp\/v2\/posts\/23584","targetHints":{"allow":["GET"]}}],"collection":[{"href":"http:\/\/blogdalucianaoliveira.com.br\/blog\/wp-json\/wp\/v2\/posts"}],"about":[{"href":"http:\/\/blogdalucianaoliveira.com.br\/blog\/wp-json\/wp\/v2\/types\/post"}],"author":[{"embeddable":true,"href":"http:\/\/blogdalucianaoliveira.com.br\/blog\/wp-json\/wp\/v2\/users\/1"}],"replies":[{"embeddable":true,"href":"http:\/\/blogdalucianaoliveira.com.br\/blog\/wp-json\/wp\/v2\/comments?post=23584"}],"version-history":[{"count":1,"href":"http:\/\/blogdalucianaoliveira.com.br\/blog\/wp-json\/wp\/v2\/posts\/23584\/revisions"}],"predecessor-version":[{"id":23585,"href":"http:\/\/blogdalucianaoliveira.com.br\/blog\/wp-json\/wp\/v2\/posts\/23584\/revisions\/23585"}],"wp:attachment":[{"href":"http:\/\/blogdalucianaoliveira.com.br\/blog\/wp-json\/wp\/v2\/media?parent=23584"}],"wp:term":[{"taxonomy":"category","embeddable":true,"href":"http:\/\/blogdalucianaoliveira.com.br\/blog\/wp-json\/wp\/v2\/categories?post=23584"},{"taxonomy":"post_tag","embeddable":true,"href":"http:\/\/blogdalucianaoliveira.com.br\/blog\/wp-json\/wp\/v2\/tags?post=23584"}],"curies":[{"name":"wp","href":"https:\/\/api.w.org\/{rel}","templated":true}]}}