{"id":23587,"date":"2019-08-23T20:29:22","date_gmt":"2019-08-24T00:29:22","guid":{"rendered":"http:\/\/blogdalucianaoliveira.com.br\/blog\/?p=23587"},"modified":"2019-08-23T20:29:22","modified_gmt":"2019-08-24T00:29:22","slug":"bolsonaro-nao-fez-palhacada-hoje","status":"publish","type":"post","link":"http:\/\/blogdalucianaoliveira.com.br\/blog\/2019\/08\/23\/bolsonaro-nao-fez-palhacada-hoje\/","title":{"rendered":"Bolsonaro n\u00e3o fez \u2018palha\u00e7ada\u2019 hoje"},"content":{"rendered":"<p><img data-recalc-dims=\"1\" loading=\"lazy\" decoding=\"async\" data-attachment-id=\"23588\" data-permalink=\"http:\/\/blogdalucianaoliveira.com.br\/blog\/2019\/08\/23\/bolsonaro-nao-fez-palhacada-hoje\/eab543c3-5381-41db-9a29-2c943d8cc7eb\/\" data-orig-file=\"https:\/\/i0.wp.com\/blogdalucianaoliveira.com.br\/blog\/wp-content\/uploads\/2019\/08\/EAB543C3-5381-41DB-9A29-2C943D8CC7EB.jpeg?fit=595%2C368\" data-orig-size=\"595,368\" data-comments-opened=\"0\" data-image-meta=\"{&quot;aperture&quot;:&quot;0&quot;,&quot;credit&quot;:&quot;&quot;,&quot;camera&quot;:&quot;&quot;,&quot;caption&quot;:&quot;&quot;,&quot;created_timestamp&quot;:&quot;0&quot;,&quot;copyright&quot;:&quot;&quot;,&quot;focal_length&quot;:&quot;0&quot;,&quot;iso&quot;:&quot;0&quot;,&quot;shutter_speed&quot;:&quot;0&quot;,&quot;title&quot;:&quot;&quot;,&quot;orientation&quot;:&quot;0&quot;}\" data-image-title=\"EAB543C3-5381-41DB-9A29-2C943D8CC7EB\" data-image-description=\"\" data-image-caption=\"\" data-medium-file=\"https:\/\/i0.wp.com\/blogdalucianaoliveira.com.br\/blog\/wp-content\/uploads\/2019\/08\/EAB543C3-5381-41DB-9A29-2C943D8CC7EB.jpeg?fit=300%2C186\" data-large-file=\"https:\/\/i0.wp.com\/blogdalucianaoliveira.com.br\/blog\/wp-content\/uploads\/2019\/08\/EAB543C3-5381-41DB-9A29-2C943D8CC7EB.jpeg?fit=595%2C368\" src=\"https:\/\/i0.wp.com\/blogdalucianaoliveira.com.br\/blog\/wp-content\/uploads\/2019\/08\/EAB543C3-5381-41DB-9A29-2C943D8CC7EB.jpeg?resize=595%2C368\" alt=\"EAB543C3-5381-41DB-9A29-2C943D8CC7EB\" width=\"595\" height=\"368\" class=\"alignnone size-full wp-image-23588\" srcset=\"https:\/\/i0.wp.com\/blogdalucianaoliveira.com.br\/blog\/wp-content\/uploads\/2019\/08\/EAB543C3-5381-41DB-9A29-2C943D8CC7EB.jpeg?w=595 595w, https:\/\/i0.wp.com\/blogdalucianaoliveira.com.br\/blog\/wp-content\/uploads\/2019\/08\/EAB543C3-5381-41DB-9A29-2C943D8CC7EB.jpeg?resize=300%2C186 300w, https:\/\/i0.wp.com\/blogdalucianaoliveira.com.br\/blog\/wp-content\/uploads\/2019\/08\/EAB543C3-5381-41DB-9A29-2C943D8CC7EB.jpeg?resize=485%2C300 485w\" sizes=\"auto, (max-width: 595px) 100vw, 595px\" \/><\/p>\n<p>Com cobran\u00e7as de chefes de estado e protestos no mundo todo sobre queimadas na Amaz\u00f4nia, Bolsonaro \u2018entendeu\u2019 hoje que foi eleito  presidente. <\/p>\n<p>E se n\u00e3o entendeu o suficiente pra mudar seu comportamento infantil, hostil e irrespons\u00e1vel, o ressuscitar do panela\u00e7o no JN fez muito eleitor dele entender o que vem pela frente.<\/p>\n<p>O pronunciamento de Bolsonaro em rede nacional simbolizou bem a imagem do Brasil como terra devastada de esperan\u00e7a.<\/p>\n","protected":false},"excerpt":{"rendered":"<p>Com cobran\u00e7as de chefes de estado e protestos no mundo todo sobre queimadas na Amaz\u00f4nia, Bolsonaro \u2018entendeu\u2019 hoje que foi eleito presidente. E se n\u00e3o entendeu o suficiente pra mudar seu comportamento infantil, hostil e irrespons\u00e1vel, o ressuscitar do panela\u00e7o no JN fez muito eleitor dele entender o que vem pela frente. O pronunciamento de&#8230;<a class=\"more-link\" href=\"http:\/\/blogdalucianaoliveira.com.br\/blog\/2019\/08\/23\/bolsonaro-nao-fez-palhacada-hoje\/\">Continue a leitura <span class=\"meta-nav\">&raquo;<\/span><\/a><\/p>\n","protected":false},"author":1,"featured_media":0,"comment_status":"closed","ping_status":"open","sticky":false,"template":"","format":"standard","meta":{"_exactmetrics_skip_tracking":false,"_exactmetrics_sitenote_active":false,"_exactmetrics_sitenote_note":"","_exactmetrics_sitenote_category":0,"jetpack_post_was_ever_published":false,"_jetpack_newsletter_access":"","_jetpack_dont_email_post_to_subs":false,"_jetpack_newsletter_tier_id":0,"_jetpack_memberships_contains_paywalled_content":false,"_jetpack_memberships_contains_paid_content":false,"footnotes":"","jetpack_publicize_message":"","jetpack_publicize_feature_enabled":true,"jetpack_social_post_already_shared":true,"jetpack_social_options":{"image_generator_settings":{"template":"highway","enabled":false},"version":2}},"categories":[1],"tags":[],"class_list":["post-23587","post","type-post","status-publish","format-standard","hentry","category-notas"],"jetpack_publicize_connections":[],"jetpack_sharing_enabled":true,"jetpack_featured_media_url":"","jetpack_shortlink":"https:\/\/wp.me\/p7wKYW-68r","jetpack-related-posts":[],"_links":{"self":[{"href":"http:\/\/blogdalucianaoliveira.com.br\/blog\/wp-json\/wp\/v2\/posts\/23587","targetHints":{"allow":["GET"]}}],"collection":[{"href":"http:\/\/blogdalucianaoliveira.com.br\/blog\/wp-json\/wp\/v2\/posts"}],"about":[{"href":"http:\/\/blogdalucianaoliveira.com.br\/blog\/wp-json\/wp\/v2\/types\/post"}],"author":[{"embeddable":true,"href":"http:\/\/blogdalucianaoliveira.com.br\/blog\/wp-json\/wp\/v2\/users\/1"}],"replies":[{"embeddable":true,"href":"http:\/\/blogdalucianaoliveira.com.br\/blog\/wp-json\/wp\/v2\/comments?post=23587"}],"version-history":[{"count":1,"href":"http:\/\/blogdalucianaoliveira.com.br\/blog\/wp-json\/wp\/v2\/posts\/23587\/revisions"}],"predecessor-version":[{"id":23589,"href":"http:\/\/blogdalucianaoliveira.com.br\/blog\/wp-json\/wp\/v2\/posts\/23587\/revisions\/23589"}],"wp:attachment":[{"href":"http:\/\/blogdalucianaoliveira.com.br\/blog\/wp-json\/wp\/v2\/media?parent=23587"}],"wp:term":[{"taxonomy":"category","embeddable":true,"href":"http:\/\/blogdalucianaoliveira.com.br\/blog\/wp-json\/wp\/v2\/categories?post=23587"},{"taxonomy":"post_tag","embeddable":true,"href":"http:\/\/blogdalucianaoliveira.com.br\/blog\/wp-json\/wp\/v2\/tags?post=23587"}],"curies":[{"name":"wp","href":"https:\/\/api.w.org\/{rel}","templated":true}]}}