{"id":23590,"date":"2019-08-24T06:38:33","date_gmt":"2019-08-24T10:38:33","guid":{"rendered":"http:\/\/blogdalucianaoliveira.com.br\/blog\/?p=23590"},"modified":"2019-08-24T06:38:33","modified_gmt":"2019-08-24T10:38:33","slug":"brasil-e-franca-vivem-crise-diplomatica-mais-severa-em-decadas","status":"publish","type":"post","link":"http:\/\/blogdalucianaoliveira.com.br\/blog\/2019\/08\/24\/brasil-e-franca-vivem-crise-diplomatica-mais-severa-em-decadas\/","title":{"rendered":"Brasil e Fran\u00e7a vivem crise diplom\u00e1tica mais severa em d\u00e9cadas"},"content":{"rendered":"<p><img data-recalc-dims=\"1\" loading=\"lazy\" decoding=\"async\" data-attachment-id=\"23591\" data-permalink=\"http:\/\/blogdalucianaoliveira.com.br\/blog\/2019\/08\/24\/brasil-e-franca-vivem-crise-diplomatica-mais-severa-em-decadas\/c94ad0fa-0ae9-41f7-a677-f6cda961cda6\/\" data-orig-file=\"https:\/\/i0.wp.com\/blogdalucianaoliveira.com.br\/blog\/wp-content\/uploads\/2019\/08\/C94AD0FA-0AE9-41F7-A677-F6CDA961CDA6.jpeg?fit=768%2C512\" data-orig-size=\"768,512\" data-comments-opened=\"0\" data-image-meta=\"{&quot;aperture&quot;:&quot;0&quot;,&quot;credit&quot;:&quot;&quot;,&quot;camera&quot;:&quot;&quot;,&quot;caption&quot;:&quot;&quot;,&quot;created_timestamp&quot;:&quot;0&quot;,&quot;copyright&quot;:&quot;&quot;,&quot;focal_length&quot;:&quot;0&quot;,&quot;iso&quot;:&quot;0&quot;,&quot;shutter_speed&quot;:&quot;0&quot;,&quot;title&quot;:&quot;&quot;,&quot;orientation&quot;:&quot;0&quot;}\" data-image-title=\"C94AD0FA-0AE9-41F7-A677-F6CDA961CDA6\" data-image-description=\"\" data-image-caption=\"\" data-medium-file=\"https:\/\/i0.wp.com\/blogdalucianaoliveira.com.br\/blog\/wp-content\/uploads\/2019\/08\/C94AD0FA-0AE9-41F7-A677-F6CDA961CDA6.jpeg?fit=300%2C200\" data-large-file=\"https:\/\/i0.wp.com\/blogdalucianaoliveira.com.br\/blog\/wp-content\/uploads\/2019\/08\/C94AD0FA-0AE9-41F7-A677-F6CDA961CDA6.jpeg?fit=600%2C400\" src=\"https:\/\/i0.wp.com\/blogdalucianaoliveira.com.br\/blog\/wp-content\/uploads\/2019\/08\/C94AD0FA-0AE9-41F7-A677-F6CDA961CDA6.jpeg?resize=600%2C400\" alt=\"C94AD0FA-0AE9-41F7-A677-F6CDA961CDA6\" width=\"600\" height=\"400\" class=\"alignnone size-full wp-image-23591\" srcset=\"https:\/\/i0.wp.com\/blogdalucianaoliveira.com.br\/blog\/wp-content\/uploads\/2019\/08\/C94AD0FA-0AE9-41F7-A677-F6CDA961CDA6.jpeg?w=768 768w, https:\/\/i0.wp.com\/blogdalucianaoliveira.com.br\/blog\/wp-content\/uploads\/2019\/08\/C94AD0FA-0AE9-41F7-A677-F6CDA961CDA6.jpeg?resize=300%2C200 300w, https:\/\/i0.wp.com\/blogdalucianaoliveira.com.br\/blog\/wp-content\/uploads\/2019\/08\/C94AD0FA-0AE9-41F7-A677-F6CDA961CDA6.jpeg?resize=450%2C300 450w\" sizes=\"auto, (max-width: 600px) 100vw, 600px\" \/><\/p>\n<p>Tens\u00e3o deve fazer com que Minist\u00e9rio das Rela\u00e7\u00f5es Exteriores convoque embaixador brasileiro na Fran\u00e7a<!--more--><\/p>\n<p>Na Folha <\/p>\n<p>Brasil e Fran\u00e7a vivem a mais s\u00e9ria crise diplom\u00e1tica desde a chamada \u201cguerra da lagosta\u201d, na d\u00e9cada de 1960, na opini\u00e3o de diplomatas europeus e brasileiros ouvidos pela Folha.<\/p>\n<p>Segundo os diplomatas, que pediram anonimato por temerem repres\u00e1lias, nunca na hist\u00f3ria da rela\u00e7\u00e3o bilateral um presidente franc\u00eas acusou abertamente um l\u00edder brasileiro de mentir, como fez Emmanuel Macron em comunicado nesta sexta-feira (23).E nunca um presidente brasileiro demonstrou seguidamente desprezo pelo mandat\u00e1rio da Fran\u00e7a, enquanto seu filho, deputado Eduardo Bolsonaro, replica um v\u00eddeo no qual um youtuber chama o presidente Macron de \u201cidiota\u201d.<\/p>\n<p>O tu\u00edte de Eduardo, cotado para assumir a embaixada do Brasil em Washington, foi considerado uma grosseria sem precedentes. A troca de farpas foi antecedida por uma campanha do Itamaraty nas redes sociais em que o minist\u00e9rio fazia compara\u00e7\u00f5es pouco elogiosas \u00e0 Fran\u00e7a.<\/p>\n<p>A tens\u00e3o entre os dois pa\u00edses deve fazer com que, segundo diplomatas ouvidos pela Folha, o Itamaraty convoque para consultas o embaixador brasileiro na Fran\u00e7a, Lu\u00eds Fernando Serra, gesto diplom\u00e1tico considerado grave.<\/p>\n<p>Seria o \u00e1pice de uma s\u00e9rie de desaven\u00e7as. No fim de julho, Bolsonaro cancelou em cima da hora uma reuni\u00e3o com o chanceler da Fran\u00e7a, Jean-Yves Le Drian, e fez uma live cortando o cabelo no hor\u00e1rio em que estaria reunido com o franc\u00eas.<\/p>\n<p>Os diplomatas ouvidos consideram que as tens\u00f5es s\u00e3o graves o suficiente para reduzir muito as chances de o acordo entre Uni\u00e3o Europeia e Mercosul ser aprovado no congresso franc\u00eas. <\/p>\n<p>Segundo diplomatas europeus, o governo n\u00e3o vai lutar por um acordo que \u00e9 impopular entre v\u00e1rios setores, como agricultores e ambientalistas, e ainda por cima beneficiaria um presidente que os insulta.<\/p>\n<p>Diplomatas brasileiros tamb\u00e9m afirmam acreditar que a crise de imagem gerada pelos inc\u00eandios na Amaz\u00f4nia pode afetar o ingresso do Brasil na OCDE, o clube dos pa\u00edses ricos. O processo havia sido destravado com o apoio do presidente americano, Donald Trump. <\/p>\n<p>O ministro do Meio Ambiente do Brasil, Ricardo Salles, deve ir \u00e0 sede da OCDE em Paris entre 25 e 27 de setembro para explicar a membros da organiza\u00e7\u00e3o por que o Brasil acredita que suas pol\u00edticas ambientais est\u00e3o alinhadas com as preconizadas pelo \u00f3rg\u00e3o.<\/p>\n<p>O ex-embaixador brasileiro em Washington Rubens Ricupero, um dos poucos que n\u00e3o se furta a fazer cr\u00edticas p\u00fablicas ao governo, afirma que a declara\u00e7\u00e3o de Macron, de que Bolsonaro mentiu, \u00e9 muito grave. \u201cH\u00e1 uma enorme perda de imagem e soft power do Brasil devido \u00e0 pol\u00edtica ambiental\u201d, diz.<\/p>\n<p>Os dois pa\u00edses frequentemente divergem, mas em tom menos estridente. Em 2013, a ent\u00e3o presidente Dilma Rousseff criticou a interven\u00e7\u00e3o do ex\u00e9rcito franc\u00eas no Mali, afirmando que o combate ao terrorismo n\u00e3o deveria \u201creavivar antigas tenta\u00e7\u00f5es coloniais\u201d.<\/p>\n<p>A declara\u00e7\u00e3o foi muito mal recebida na Fran\u00e7a, onde a acusa\u00e7\u00e3o de colonialismo \u00e9 considerada ofensiva pelo governo. Bolsonaro tamb\u00e9m recorreu ao termo ao criticar as declara\u00e7\u00f5es recentes de Emmanuel Macron.  <\/p>\n<p>Em 2010, o presidente Nicolas Sarkozy prometeu apoiar o Brasil em sua proposta de acordo nuclear com o Ir\u00e3. <\/p>\n<p>Mas o franc\u00eas acabou apoiando a ent\u00e3o secret\u00e1ria de Estado dos EUA, Hillary Clinton, que desprezou o pacto e acabou convencendo os membros permanentes do Conselho de Seguran\u00e7a da ONU, entre eles a Fran\u00e7a, a impor san\u00e7\u00f5es contra o Ir\u00e3 devido ao programa nuclear. <\/p>\n<p>O ent\u00e3o presidente Lula teria se sentido tra\u00eddo, e esse teria sido um dos motivos para a decis\u00e3o de comprar os ca\u00e7as suecos Gripen em vez dos franceses Rafale.<\/p>\n<p>Em 1991, o ent\u00e3o presidente franc\u00eas, Fran\u00e7ois Mitterrand, afirmou que \u201co Brasil precisa aceitar a soberania relativa sobre a Amaz\u00f4nia\u201d. A declara\u00e7\u00e3o foi muito mal recebida.<\/p>\n<p>A crise mais grave da hist\u00f3ria recente foi a chamada \u201cguerra da lagosta\u201d, ocorrida entre 1961 e 1963. Barcos franceses come\u00e7aram a pescar lagosta no litoral de Pernambuco, revoltando os pescadores nordestinos. <\/p>\n<p>Na disputa diplom\u00e1tica, houve at\u00e9 a discuss\u00e3o ins\u00f3lita, alvo de chacota e marchinhas de carnaval na \u00e9poca, sobre a real natureza da lagosta: poderia ser considerada um peixe, que seria pass\u00edvel de captura, ou era um crust\u00e1ceo? <\/p>\n<p>A crise levou \u00e0 mobiliza\u00e7\u00e3o de navios de guerra de Fran\u00e7a e Brasil para a regi\u00e3o, mas os pa\u00edses n\u00e3o foram \u00e0s vias de fato. Foi nessa \u00e9poca que se atribuiu erroneamente ao general Charles de Gaulle a famosa frase \u201co Brasil n\u00e3o \u00e9 um pa\u00eds s\u00e9rio\u201d. Na realidade, o autor foi o ent\u00e3o embaixador do Brasil na Fran\u00e7a Carlos Alves de Souza.<\/p>\n<p>Na sexta-feira, Macron tentou reduzir a temperatura da crise e disse que um \u201cecoc\u00eddio est\u00e1 se desenvolvendo em toda a Amaz\u00f4nia, n\u00e3o s\u00f3 no Brasil\u201d.<\/p>\n<p>Mas o l\u00edder franc\u00eas escorregou no final, ao dizer que uma das metas seria \u201cencontrar uma forma de boa governan\u00e7a\u201d. \u201cPrecisamos envolver as ONGs e os povos ind\u00edgenas mais do que j\u00e1 fazemos.\u201d O governo Bolsonaro tem conhecida ojeriza a ONGs, e esse foi um dos motivos do cancelamento da reuni\u00e3o entre o presidente e o chanceler franc\u00eas.<\/p>\n<p>\u201cEle marcou audi\u00eancia comigo. A\u00ed fiquei sabendo que tinha marcado com o Mour\u00e3o, tinha marcado com ONGs. Quem \u00e9 que ferra o Brasil? ONGs\u201d, afirmou Bolsonaro \u00e0 \u00e9poca.<\/p>\n<p>PASSADO DE ATRITOS ENTRE BRASIL E FRAN\u00c7A<\/p>\n<p>Guerra da Lagosta (1961-1963)\u2002O governo brasileiro autorizou a Fran\u00e7a a realizar pesquisas sobre viveiros de lagosta na costa nordestina. A delega\u00e7\u00e3o francesa, por\u00e9m, driblou a autoriza\u00e7\u00e3o e passou a pescar os crust\u00e1ceos clandestinamente. A situa\u00e7\u00e3o mobilizou as for\u00e7as armadas dos dois pa\u00edses, mas n\u00e3o houve confronto b\u00e9lico. Da crise, surgiu a frase \u201co Brasil n\u00e3o \u00e9 um pa\u00eds s\u00e9rio\u201d, dita pelo embaixador brasileiro Carlos Alves de Souza<\/p>\n<p>Acordo Nuclear com o Ir\u00e3 (2010)Sob media\u00e7\u00e3o de Brasil e Turquia, o Ir\u00e3 assinou um acordo para a troca de ur\u00e2nio pouco enriquecido por combust\u00edvel nuclear, no que o ex-presidente Lula chamou de \u201cvit\u00f3ria da diplomacia\u201d. Nicolas Sarkozy, ent\u00e3o presidente da Fran\u00e7a, incentivara o acordo. No m\u00eas seguinte, recuou e votou, no Conselho de Seguran\u00e7a da ONU, por novas san\u00e7\u00f5es contra o pa\u00eds persa<\/p>\n<p>Interven\u00e7\u00e3o Francesa no Mali (2013)A Fran\u00e7a enviou mais de 2.000 soldados para combater grupos rebeldes isl\u00e2micos no Norte do Mali. A ex-presidente Dilma Rousseff criticou a a\u00e7\u00e3o e defendeu que o combate ao terrorismo n\u00e3o deveria violar direitos humanos ou \u201creavivar antigas tenta\u00e7\u00f5es coloniais\u201d. Sua fala n\u00e3o foi bem recebida.<\/p>\n","protected":false},"excerpt":{"rendered":"<p>Tens\u00e3o deve fazer com que Minist\u00e9rio das Rela\u00e7\u00f5es Exteriores convoque embaixador brasileiro na Fran\u00e7a<\/p>\n","protected":false},"author":1,"featured_media":0,"comment_status":"closed","ping_status":"open","sticky":false,"template":"","format":"standard","meta":{"_exactmetrics_skip_tracking":false,"_exactmetrics_sitenote_active":false,"_exactmetrics_sitenote_note":"","_exactmetrics_sitenote_category":0,"jetpack_post_was_ever_published":false,"_jetpack_newsletter_access":"","_jetpack_dont_email_post_to_subs":false,"_jetpack_newsletter_tier_id":0,"_jetpack_memberships_contains_paywalled_content":false,"_jetpack_memberships_contains_paid_content":false,"footnotes":"","jetpack_publicize_message":"","jetpack_publicize_feature_enabled":true,"jetpack_social_post_already_shared":true,"jetpack_social_options":{"image_generator_settings":{"template":"highway","enabled":false},"version":2}},"categories":[1],"tags":[],"class_list":["post-23590","post","type-post","status-publish","format-standard","hentry","category-notas"],"jetpack_publicize_connections":[],"jetpack_sharing_enabled":true,"jetpack_featured_media_url":"","jetpack_shortlink":"https:\/\/wp.me\/p7wKYW-68u","jetpack-related-posts":[],"_links":{"self":[{"href":"http:\/\/blogdalucianaoliveira.com.br\/blog\/wp-json\/wp\/v2\/posts\/23590","targetHints":{"allow":["GET"]}}],"collection":[{"href":"http:\/\/blogdalucianaoliveira.com.br\/blog\/wp-json\/wp\/v2\/posts"}],"about":[{"href":"http:\/\/blogdalucianaoliveira.com.br\/blog\/wp-json\/wp\/v2\/types\/post"}],"author":[{"embeddable":true,"href":"http:\/\/blogdalucianaoliveira.com.br\/blog\/wp-json\/wp\/v2\/users\/1"}],"replies":[{"embeddable":true,"href":"http:\/\/blogdalucianaoliveira.com.br\/blog\/wp-json\/wp\/v2\/comments?post=23590"}],"version-history":[{"count":1,"href":"http:\/\/blogdalucianaoliveira.com.br\/blog\/wp-json\/wp\/v2\/posts\/23590\/revisions"}],"predecessor-version":[{"id":23592,"href":"http:\/\/blogdalucianaoliveira.com.br\/blog\/wp-json\/wp\/v2\/posts\/23590\/revisions\/23592"}],"wp:attachment":[{"href":"http:\/\/blogdalucianaoliveira.com.br\/blog\/wp-json\/wp\/v2\/media?parent=23590"}],"wp:term":[{"taxonomy":"category","embeddable":true,"href":"http:\/\/blogdalucianaoliveira.com.br\/blog\/wp-json\/wp\/v2\/categories?post=23590"},{"taxonomy":"post_tag","embeddable":true,"href":"http:\/\/blogdalucianaoliveira.com.br\/blog\/wp-json\/wp\/v2\/tags?post=23590"}],"curies":[{"name":"wp","href":"https:\/\/api.w.org\/{rel}","templated":true}]}}