{"id":23593,"date":"2019-08-24T06:47:27","date_gmt":"2019-08-24T10:47:27","guid":{"rendered":"http:\/\/blogdalucianaoliveira.com.br\/blog\/?p=23593"},"modified":"2019-08-24T06:47:27","modified_gmt":"2019-08-24T10:47:27","slug":"panelacos-explodem-pelo-pais-contra-bolsonaro-e-a-devastacao-da-amazonia","status":"publish","type":"post","link":"http:\/\/blogdalucianaoliveira.com.br\/blog\/2019\/08\/24\/panelacos-explodem-pelo-pais-contra-bolsonaro-e-a-devastacao-da-amazonia\/","title":{"rendered":"Panela\u00e7os explodem pelo Pa\u00eds contra Bolsonaro e a devasta\u00e7\u00e3o da Amaz\u00f4nia"},"content":{"rendered":"<p><img data-recalc-dims=\"1\" loading=\"lazy\" decoding=\"async\" data-attachment-id=\"23594\" data-permalink=\"http:\/\/blogdalucianaoliveira.com.br\/blog\/2019\/08\/24\/panelacos-explodem-pelo-pais-contra-bolsonaro-e-a-devastacao-da-amazonia\/b102c745-531d-45dc-9d17-747e167b29bd\/\" data-orig-file=\"https:\/\/i0.wp.com\/blogdalucianaoliveira.com.br\/blog\/wp-content\/uploads\/2019\/08\/B102C745-531D-45DC-9D17-747E167B29BD.jpeg?fit=500%2C240\" data-orig-size=\"500,240\" data-comments-opened=\"0\" data-image-meta=\"{&quot;aperture&quot;:&quot;0&quot;,&quot;credit&quot;:&quot;&quot;,&quot;camera&quot;:&quot;&quot;,&quot;caption&quot;:&quot;&quot;,&quot;created_timestamp&quot;:&quot;0&quot;,&quot;copyright&quot;:&quot;&quot;,&quot;focal_length&quot;:&quot;0&quot;,&quot;iso&quot;:&quot;0&quot;,&quot;shutter_speed&quot;:&quot;0&quot;,&quot;title&quot;:&quot;&quot;,&quot;orientation&quot;:&quot;0&quot;}\" data-image-title=\"B102C745-531D-45DC-9D17-747E167B29BD\" data-image-description=\"\" data-image-caption=\"\" data-medium-file=\"https:\/\/i0.wp.com\/blogdalucianaoliveira.com.br\/blog\/wp-content\/uploads\/2019\/08\/B102C745-531D-45DC-9D17-747E167B29BD.jpeg?fit=300%2C144\" data-large-file=\"https:\/\/i0.wp.com\/blogdalucianaoliveira.com.br\/blog\/wp-content\/uploads\/2019\/08\/B102C745-531D-45DC-9D17-747E167B29BD.jpeg?fit=500%2C240\" class=\"alignnone size-full wp-image-23594\" src=\"https:\/\/i0.wp.com\/blogdalucianaoliveira.com.br\/blog\/wp-content\/uploads\/2019\/08\/B102C745-531D-45DC-9D17-747E167B29BD.jpeg?resize=500%2C240\" alt=\"B102C745-531D-45DC-9D17-747E167B29BD\" width=\"500\" height=\"240\" srcset=\"https:\/\/i0.wp.com\/blogdalucianaoliveira.com.br\/blog\/wp-content\/uploads\/2019\/08\/B102C745-531D-45DC-9D17-747E167B29BD.jpeg?w=500 500w, https:\/\/i0.wp.com\/blogdalucianaoliveira.com.br\/blog\/wp-content\/uploads\/2019\/08\/B102C745-531D-45DC-9D17-747E167B29BD.jpeg?resize=300%2C144 300w\" sizes=\"auto, (max-width: 500px) 100vw, 500px\" \/><\/p>\n<p>247 &#8211; Jair Bolsonaro foi alvo de panela\u00e7os em v\u00e1rios pontos do Pa\u00eds na noite desta sexta-feira, 23, durante pronunciamento em rede de televis\u00e3o em que falou sobre a devasta\u00e7\u00e3o da Floresta Amaz\u00f4nica por conta de inc\u00eandios e desmatamentos. <!--more--><\/p>\n<p>O motivo \u00e9 a pol\u00edtica ambiental destrutiva e negligente de Bolsonaro que vem provocando a destrui\u00e7\u00e3o da Floresta Amaz\u00f4nica, que arde em chamas por conta das crescentes queimadas em seu governo.<\/p>\n<p>O clima de indigna\u00e7\u00e3o generalizada contra o governo \u00e9 o mesmo que pode ser observado entre 2015 e 2016. O movimento levou a um clamor popular que chancelou o processo de impeachment da ex-presidenta Dilma Rousseff.<\/p>\n<p>Confira, abaixo, a repercuss\u00e3o do primeiro panela\u00e7o da \u201cnova era\u201d, que foi registrado em in\u00fameras regi\u00f5es de todo o pa\u00eds.<\/p>\n<blockquote class=\"twitter-tweet\" data-width=\"550\" data-dnt=\"true\">\n<p lang=\"pt\" dir=\"ltr\">A panela j\u00e1 at\u00e9 amassou kkkk<a href=\"https:\/\/twitter.com\/hashtag\/panela%C3%A7o?src=hash&amp;ref_src=twsrc%5Etfw\">#panela\u00e7o<\/a> <a href=\"https:\/\/t.co\/6HfKPg22Z9\">pic.twitter.com\/6HfKPg22Z9<\/a><\/p>\n<p>&mdash; JEFERSON \u1d47\u1da0\u02b3 \u2605\u5f61 (@JEF___BFR) <a href=\"https:\/\/twitter.com\/JEF___BFR\/status\/1165044171406794753?ref_src=twsrc%5Etfw\">August 23, 2019<\/a><\/p><\/blockquote>\n<p><script async src=\"https:\/\/platform.twitter.com\/widgets.js\" charset=\"utf-8\"><\/script><\/p>\n<p>https:\/\/twitter.com\/alvaroruoso\/status\/1165045244892786690?s=21<\/p>\n<p>&nbsp;<\/p>\n<p>https:\/\/twitter.com\/pedreco\/status\/1165046320295501825?s=21<\/p>\n<blockquote class=\"twitter-tweet\" data-width=\"550\" data-dnt=\"true\">\n<p lang=\"pt\" dir=\"ltr\">\u00c9 O MOMENTO MAIS FELIZ DO GOVERNO BOLSONARO<\/p>\n<p>OBRIGADO AOS ENVOLVIDOS <a href=\"https:\/\/t.co\/Je9jirFxtN\">pic.twitter.com\/Je9jirFxtN<\/a><\/p>\n<p>&mdash; Dudu Guimar\u00e3es (@Dudu) <a href=\"https:\/\/twitter.com\/Dudu\/status\/1165044493583888384?ref_src=twsrc%5Etfw\">August 23, 2019<\/a><\/p><\/blockquote>\n<p><script async src=\"https:\/\/platform.twitter.com\/widgets.js\" charset=\"utf-8\"><\/script><\/p>\n<blockquote class=\"twitter-tweet\" data-width=\"550\" data-dnt=\"true\">\n<p lang=\"pt\" dir=\"ltr\">Agora pouco na Rodovi\u00e1ria de Bras\u00edlia . <a href=\"https:\/\/twitter.com\/hashtag\/bolsonaro?src=hash&amp;ref_src=twsrc%5Etfw\">#bolsonaro<\/a> <a href=\"https:\/\/twitter.com\/hashtag\/ForaBozo?src=hash&amp;ref_src=twsrc%5Etfw\">#ForaBozo<\/a> <a href=\"https:\/\/twitter.com\/hashtag\/panelaco?src=hash&amp;ref_src=twsrc%5Etfw\">#panelaco<\/a> <a href=\"https:\/\/t.co\/gSZn0tq5Ut\">pic.twitter.com\/gSZn0tq5Ut<\/a><\/p>\n<p>&mdash; Ronny Lacerda SCCP \ud83c\udde7\ud83c\uddf7 (@RonnyLacerda) <a href=\"https:\/\/twitter.com\/RonnyLacerda\/status\/1165034543830749185?ref_src=twsrc%5Etfw\">August 23, 2019<\/a><\/p><\/blockquote>\n<p><script async src=\"https:\/\/platform.twitter.com\/widgets.js\" charset=\"utf-8\"><\/script><\/p>\n","protected":false},"excerpt":{"rendered":"<p>247 &#8211; Jair Bolsonaro foi alvo de panela\u00e7os em v\u00e1rios pontos do Pa\u00eds na noite desta sexta-feira, 23, durante pronunciamento em rede de televis\u00e3o em que falou sobre a devasta\u00e7\u00e3o da Floresta Amaz\u00f4nica por conta de inc\u00eandios e desmatamentos.<\/p>\n","protected":false},"author":1,"featured_media":0,"comment_status":"closed","ping_status":"open","sticky":false,"template":"","format":"standard","meta":{"_exactmetrics_skip_tracking":false,"_exactmetrics_sitenote_active":false,"_exactmetrics_sitenote_note":"","_exactmetrics_sitenote_category":0,"jetpack_post_was_ever_published":false,"_jetpack_newsletter_access":"","_jetpack_dont_email_post_to_subs":false,"_jetpack_newsletter_tier_id":0,"_jetpack_memberships_contains_paywalled_content":false,"_jetpack_memberships_contains_paid_content":false,"footnotes":"","jetpack_publicize_message":"","jetpack_publicize_feature_enabled":true,"jetpack_social_post_already_shared":true,"jetpack_social_options":{"image_generator_settings":{"template":"highway","enabled":false},"version":2}},"categories":[1],"tags":[],"class_list":["post-23593","post","type-post","status-publish","format-standard","hentry","category-notas"],"jetpack_publicize_connections":[],"jetpack_sharing_enabled":true,"jetpack_featured_media_url":"","jetpack_shortlink":"https:\/\/wp.me\/p7wKYW-68x","jetpack-related-posts":[],"_links":{"self":[{"href":"http:\/\/blogdalucianaoliveira.com.br\/blog\/wp-json\/wp\/v2\/posts\/23593","targetHints":{"allow":["GET"]}}],"collection":[{"href":"http:\/\/blogdalucianaoliveira.com.br\/blog\/wp-json\/wp\/v2\/posts"}],"about":[{"href":"http:\/\/blogdalucianaoliveira.com.br\/blog\/wp-json\/wp\/v2\/types\/post"}],"author":[{"embeddable":true,"href":"http:\/\/blogdalucianaoliveira.com.br\/blog\/wp-json\/wp\/v2\/users\/1"}],"replies":[{"embeddable":true,"href":"http:\/\/blogdalucianaoliveira.com.br\/blog\/wp-json\/wp\/v2\/comments?post=23593"}],"version-history":[{"count":1,"href":"http:\/\/blogdalucianaoliveira.com.br\/blog\/wp-json\/wp\/v2\/posts\/23593\/revisions"}],"predecessor-version":[{"id":23595,"href":"http:\/\/blogdalucianaoliveira.com.br\/blog\/wp-json\/wp\/v2\/posts\/23593\/revisions\/23595"}],"wp:attachment":[{"href":"http:\/\/blogdalucianaoliveira.com.br\/blog\/wp-json\/wp\/v2\/media?parent=23593"}],"wp:term":[{"taxonomy":"category","embeddable":true,"href":"http:\/\/blogdalucianaoliveira.com.br\/blog\/wp-json\/wp\/v2\/categories?post=23593"},{"taxonomy":"post_tag","embeddable":true,"href":"http:\/\/blogdalucianaoliveira.com.br\/blog\/wp-json\/wp\/v2\/tags?post=23593"}],"curies":[{"name":"wp","href":"https:\/\/api.w.org\/{rel}","templated":true}]}}