{"id":23596,"date":"2019-08-24T06:53:12","date_gmt":"2019-08-24T10:53:12","guid":{"rendered":"http:\/\/blogdalucianaoliveira.com.br\/blog\/?p=23596"},"modified":"2019-08-24T06:53:12","modified_gmt":"2019-08-24T10:53:12","slug":"reuniao-do-g7-comeca-neste-sabado-com-amazonia-na-pauta","status":"publish","type":"post","link":"http:\/\/blogdalucianaoliveira.com.br\/blog\/2019\/08\/24\/reuniao-do-g7-comeca-neste-sabado-com-amazonia-na-pauta\/","title":{"rendered":"Reuni\u00e3o do G7 come\u00e7a neste s\u00e1bado com Amaz\u00f4nia na pauta"},"content":{"rendered":"<p><img data-recalc-dims=\"1\" loading=\"lazy\" decoding=\"async\" data-attachment-id=\"23598\" data-permalink=\"http:\/\/blogdalucianaoliveira.com.br\/blog\/2019\/08\/24\/reuniao-do-g7-comeca-neste-sabado-com-amazonia-na-pauta\/f75bbbb3-eb2d-416a-a750-0a1cc76d5acc\/\" data-orig-file=\"https:\/\/i0.wp.com\/blogdalucianaoliveira.com.br\/blog\/wp-content\/uploads\/2019\/08\/F75BBBB3-EB2D-416A-A750-0A1CC76D5ACC.jpeg?fit=868%2C644\" data-orig-size=\"868,644\" data-comments-opened=\"0\" data-image-meta=\"{&quot;aperture&quot;:&quot;0&quot;,&quot;credit&quot;:&quot;&quot;,&quot;camera&quot;:&quot;&quot;,&quot;caption&quot;:&quot;&quot;,&quot;created_timestamp&quot;:&quot;1566469494&quot;,&quot;copyright&quot;:&quot;&quot;,&quot;focal_length&quot;:&quot;0&quot;,&quot;iso&quot;:&quot;0&quot;,&quot;shutter_speed&quot;:&quot;0&quot;,&quot;title&quot;:&quot;&quot;,&quot;orientation&quot;:&quot;1&quot;}\" data-image-title=\"F75BBBB3-EB2D-416A-A750-0A1CC76D5ACC\" data-image-description=\"\" data-image-caption=\"\" data-medium-file=\"https:\/\/i0.wp.com\/blogdalucianaoliveira.com.br\/blog\/wp-content\/uploads\/2019\/08\/F75BBBB3-EB2D-416A-A750-0A1CC76D5ACC.jpeg?fit=300%2C223\" data-large-file=\"https:\/\/i0.wp.com\/blogdalucianaoliveira.com.br\/blog\/wp-content\/uploads\/2019\/08\/F75BBBB3-EB2D-416A-A750-0A1CC76D5ACC.jpeg?fit=600%2C445\" src=\"https:\/\/i0.wp.com\/blogdalucianaoliveira.com.br\/blog\/wp-content\/uploads\/2019\/08\/F75BBBB3-EB2D-416A-A750-0A1CC76D5ACC.jpeg?resize=600%2C445\" alt=\"F75BBBB3-EB2D-416A-A750-0A1CC76D5ACC\" width=\"600\" height=\"445\" class=\"alignnone size-full wp-image-23598\" srcset=\"https:\/\/i0.wp.com\/blogdalucianaoliveira.com.br\/blog\/wp-content\/uploads\/2019\/08\/F75BBBB3-EB2D-416A-A750-0A1CC76D5ACC.jpeg?w=868 868w, https:\/\/i0.wp.com\/blogdalucianaoliveira.com.br\/blog\/wp-content\/uploads\/2019\/08\/F75BBBB3-EB2D-416A-A750-0A1CC76D5ACC.jpeg?resize=300%2C223 300w, https:\/\/i0.wp.com\/blogdalucianaoliveira.com.br\/blog\/wp-content\/uploads\/2019\/08\/F75BBBB3-EB2D-416A-A750-0A1CC76D5ACC.jpeg?resize=768%2C570 768w, https:\/\/i0.wp.com\/blogdalucianaoliveira.com.br\/blog\/wp-content\/uploads\/2019\/08\/F75BBBB3-EB2D-416A-A750-0A1CC76D5ACC.jpeg?resize=404%2C300 404w\" sizes=\"auto, (max-width: 600px) 100vw, 600px\" \/><\/p>\n<p>Macron convocou discuss\u00e3o sobre o tema;<br \/>\nEuropeus amea\u00e7am deixar acordo comercial;<br \/>\nTrump pode ser esperan\u00e7a para Bolsonaro<!--more--><\/p>\n<p>No Poder 360<\/p>\n<p>L\u00edderes de 7 das maiores economias do mundo re\u00fanem-se a partir deste s\u00e1bado (24.ago.2019) em Biarritz, na Fran\u00e7a, para a c\u00fapula do G7 \u2013grupo que congrega Alemanha, Canad\u00e1, Estados Unidos, Fran\u00e7a, It\u00e1lia, Jap\u00e3o e Reino Unido.<\/p>\n<p>Anfitri\u00e3o do evento, o presidente franc\u00eas, Emmanuel Macron, convocou, na 5\u00aa feira (22.ago), os demais participantes do encontro a discutirem os recentes inc\u00eandios na Amaz\u00f4nia. Para ele, as queimadas s\u00e3o uma \u201ccrise internacional\u201d.<\/p>\n<p>O presidente Jair Bolsonaro criticou o franc\u00eas dizendo lamentar que ele \u201cbusque instrumentalizar uma quest\u00e3o interna do Brasil e de outros pa\u00edses amaz\u00f4nicos para ganhos pol\u00edticos pessoais\u201d. \u201cA sugest\u00e3o do presidente franc\u00eas, de que assuntos amaz\u00f4nicos sejam discutidos no G7 sem a participa\u00e7\u00e3o dos pa\u00edses da regi\u00e3o, evoca mentalidade colonialista descabida no s\u00e9culo XXI\u201d, disse.<\/p>\n<p>No dia seguinte, l\u00edderes europeus amea\u00e7aram deixar o acordo firmado entre a Uni\u00e3o Europeia e o Mercosul. Em comunicado oficial, Macron acusou Bolsonaro de mentir durante reuni\u00e3o do G20, em Osaka, no Jap\u00e3o, no fim de junho.<\/p>\n<p>\u201cAs decis\u00f5es e propostas apresentadas pelo Brasil nas \u00faltimas semanas demonstram que o presidente Bolsonaro resolveu n\u00e3o respeitar os compromissos clim\u00e1ticos e n\u00e3o assumir nenhum compromisso com rela\u00e7\u00e3o \u00e0 biodiversidade\u201d, diz a nota do Pal\u00e1cio do Eliseu.<\/p>\n<p>Bolsonaro j\u00e1 havia sido cobrado pelos europeus sobre quest\u00f5es ambientais no referido encontro. Segundo o presidente, Macron queria que o Brasil anunciasse decis\u00f5es sobre o tema ao fim da c\u00fapula: \u201cDei-lhe um n\u00e3o\u201d, disse Bolsonaro na semana seguinte.<\/p>\n<p>\u201cConvidei, inclusive, ele [Macron] e Angela Merkel a sobrevoar a Amaz\u00f4nia e que, se encontrassem em 1 espa\u00e7o entre Boavista e Manaus 1km\u00b2 de desmatamento, eu concordaria com eles. Agora eu mesmo, como sobrevoei a Europa 2 vezes, tamb\u00e9m lhes disse que n\u00e3o encontrei 1km\u00b2 de floresta naquela regi\u00e3o. Ent\u00e3o, eles n\u00e3o t\u00eam autoridade para discutir essa quest\u00e3o conosco. Mudou a rela\u00e7\u00e3o do Brasil se portar perante o mundo\u201d, afirmou Bolsonaro, em julho, a deputados da bancada ruralista do Congresso.<\/p>\n<p>A chanceler alem\u00e3 \u00e9 outra que tamb\u00e9m foi atacada pelo presidente brasileiro. Depois de a Alemanha suspender o financiamento de projetos para a prote\u00e7\u00e3o da Amaz\u00f4nia, Bolsonaro afirmou que Merkel deveria \u201cpegar a grana e reflorestar\u201d seu pr\u00f3prio pa\u00eds. Na mesma semana, a Noruega suspendeu o repasse de verbas ao Fundo Amaz\u00f4nia e tamb\u00e9m foi criticada pelo l\u00edder brasileiro.<\/p>\n<p>Apesar das cobran\u00e7as por pol\u00edticas ambientais e das falas de Bolsonaro, a Alemanha j\u00e1 sinalizou ser contr\u00e1ria \u00e0 ideia de deixar o acordo com o Mercosul. O porta-voz do governo alem\u00e3o disse na 6\u00aa feira (23.ago) que a \u201cn\u00e3o ratifica\u00e7\u00e3o do acordo n\u00e3o contribuir\u00e1 para reduzir o desmatamento da Amaz\u00f4nia\u201d. Em pronunciamento em rede nacional tamb\u00e9m na 6\u00aa, o presidente brasileiro corroborou esse discurso dizendo que inc\u00eandios florestais n\u00e3o podem \u201cser pretexto para poss\u00edveis san\u00e7\u00f5es internacionais\u201d.<\/p>\n<p>Al\u00e9m do desejo da Alemanha de n\u00e3o deixar o acordo comercial, o governo brasileiro aposta em 1 importante parceiro para evitar que o G7 discuta san\u00e7\u00f5es ao pa\u00eds por conta dos inc\u00eandios: o presidente dos Estados Unidos, Donald Trump. Na 6\u00aa feira (23.ago), o norte-americano conversou com Bolsonaro, se colocou \u00e0 disposi\u00e7\u00e3o para ajudar com as queimadas e disse que a rela\u00e7\u00e3o entre os 2 pa\u00edses est\u00e1 \u201cmais forte do que nunca\u201d.<\/p>\n","protected":false},"excerpt":{"rendered":"<p>Macron convocou discuss\u00e3o sobre o tema; Europeus amea\u00e7am deixar acordo comercial; Trump pode ser esperan\u00e7a para Bolsonaro<\/p>\n","protected":false},"author":1,"featured_media":0,"comment_status":"closed","ping_status":"open","sticky":false,"template":"","format":"standard","meta":{"_exactmetrics_skip_tracking":false,"_exactmetrics_sitenote_active":false,"_exactmetrics_sitenote_note":"","_exactmetrics_sitenote_category":0,"jetpack_post_was_ever_published":false,"_jetpack_newsletter_access":"","_jetpack_dont_email_post_to_subs":false,"_jetpack_newsletter_tier_id":0,"_jetpack_memberships_contains_paywalled_content":false,"_jetpack_memberships_contains_paid_content":false,"footnotes":"","jetpack_publicize_message":"","jetpack_publicize_feature_enabled":true,"jetpack_social_post_already_shared":true,"jetpack_social_options":{"image_generator_settings":{"template":"highway","enabled":false},"version":2}},"categories":[1],"tags":[],"class_list":["post-23596","post","type-post","status-publish","format-standard","hentry","category-notas"],"jetpack_publicize_connections":[],"jetpack_sharing_enabled":true,"jetpack_featured_media_url":"","jetpack_shortlink":"https:\/\/wp.me\/p7wKYW-68A","jetpack-related-posts":[],"_links":{"self":[{"href":"http:\/\/blogdalucianaoliveira.com.br\/blog\/wp-json\/wp\/v2\/posts\/23596","targetHints":{"allow":["GET"]}}],"collection":[{"href":"http:\/\/blogdalucianaoliveira.com.br\/blog\/wp-json\/wp\/v2\/posts"}],"about":[{"href":"http:\/\/blogdalucianaoliveira.com.br\/blog\/wp-json\/wp\/v2\/types\/post"}],"author":[{"embeddable":true,"href":"http:\/\/blogdalucianaoliveira.com.br\/blog\/wp-json\/wp\/v2\/users\/1"}],"replies":[{"embeddable":true,"href":"http:\/\/blogdalucianaoliveira.com.br\/blog\/wp-json\/wp\/v2\/comments?post=23596"}],"version-history":[{"count":1,"href":"http:\/\/blogdalucianaoliveira.com.br\/blog\/wp-json\/wp\/v2\/posts\/23596\/revisions"}],"predecessor-version":[{"id":23599,"href":"http:\/\/blogdalucianaoliveira.com.br\/blog\/wp-json\/wp\/v2\/posts\/23596\/revisions\/23599"}],"wp:attachment":[{"href":"http:\/\/blogdalucianaoliveira.com.br\/blog\/wp-json\/wp\/v2\/media?parent=23596"}],"wp:term":[{"taxonomy":"category","embeddable":true,"href":"http:\/\/blogdalucianaoliveira.com.br\/blog\/wp-json\/wp\/v2\/categories?post=23596"},{"taxonomy":"post_tag","embeddable":true,"href":"http:\/\/blogdalucianaoliveira.com.br\/blog\/wp-json\/wp\/v2\/tags?post=23596"}],"curies":[{"name":"wp","href":"https:\/\/api.w.org\/{rel}","templated":true}]}}