{"id":23603,"date":"2019-08-24T19:39:47","date_gmt":"2019-08-24T23:39:47","guid":{"rendered":"http:\/\/blogdalucianaoliveira.com.br\/blog\/?p=23603"},"modified":"2019-08-24T19:39:47","modified_gmt":"2019-08-24T23:39:47","slug":"ministerio-usa-foto-velha-para-divulgar-acao-na-amazonia-e-bolsonaro-compartilha","status":"publish","type":"post","link":"http:\/\/blogdalucianaoliveira.com.br\/blog\/2019\/08\/24\/ministerio-usa-foto-velha-para-divulgar-acao-na-amazonia-e-bolsonaro-compartilha\/","title":{"rendered":"Minist\u00e9rio usa foto velha para divulgar a\u00e7\u00e3o na Amaz\u00f4nia, e Bolsonaro compartilha"},"content":{"rendered":"<p><img data-recalc-dims=\"1\" loading=\"lazy\" decoding=\"async\" data-attachment-id=\"23604\" data-permalink=\"http:\/\/blogdalucianaoliveira.com.br\/blog\/2019\/08\/24\/ministerio-usa-foto-velha-para-divulgar-acao-na-amazonia-e-bolsonaro-compartilha\/24161a85-c51d-47aa-9c5b-3b5b48cf2b8c\/\" data-orig-file=\"https:\/\/i0.wp.com\/blogdalucianaoliveira.com.br\/blog\/wp-content\/uploads\/2019\/08\/24161A85-C51D-47AA-9C5B-3B5B48CF2B8C.jpeg?fit=750%2C450\" data-orig-size=\"750,450\" data-comments-opened=\"0\" data-image-meta=\"{&quot;aperture&quot;:&quot;0&quot;,&quot;credit&quot;:&quot;&quot;,&quot;camera&quot;:&quot;&quot;,&quot;caption&quot;:&quot;&quot;,&quot;created_timestamp&quot;:&quot;0&quot;,&quot;copyright&quot;:&quot;&quot;,&quot;focal_length&quot;:&quot;0&quot;,&quot;iso&quot;:&quot;0&quot;,&quot;shutter_speed&quot;:&quot;0&quot;,&quot;title&quot;:&quot;&quot;,&quot;orientation&quot;:&quot;0&quot;}\" data-image-title=\"24161A85-C51D-47AA-9C5B-3B5B48CF2B8C\" data-image-description=\"\" data-image-caption=\"\" data-medium-file=\"https:\/\/i0.wp.com\/blogdalucianaoliveira.com.br\/blog\/wp-content\/uploads\/2019\/08\/24161A85-C51D-47AA-9C5B-3B5B48CF2B8C.jpeg?fit=300%2C180\" data-large-file=\"https:\/\/i0.wp.com\/blogdalucianaoliveira.com.br\/blog\/wp-content\/uploads\/2019\/08\/24161A85-C51D-47AA-9C5B-3B5B48CF2B8C.jpeg?fit=600%2C360\" class=\"alignnone size-full wp-image-23604\" src=\"https:\/\/i0.wp.com\/blogdalucianaoliveira.com.br\/blog\/wp-content\/uploads\/2019\/08\/24161A85-C51D-47AA-9C5B-3B5B48CF2B8C.jpeg?resize=600%2C360\" alt=\"24161A85-C51D-47AA-9C5B-3B5B48CF2B8C\" width=\"600\" height=\"360\" srcset=\"https:\/\/i0.wp.com\/blogdalucianaoliveira.com.br\/blog\/wp-content\/uploads\/2019\/08\/24161A85-C51D-47AA-9C5B-3B5B48CF2B8C.jpeg?w=750 750w, https:\/\/i0.wp.com\/blogdalucianaoliveira.com.br\/blog\/wp-content\/uploads\/2019\/08\/24161A85-C51D-47AA-9C5B-3B5B48CF2B8C.jpeg?resize=300%2C180 300w, https:\/\/i0.wp.com\/blogdalucianaoliveira.com.br\/blog\/wp-content\/uploads\/2019\/08\/24161A85-C51D-47AA-9C5B-3B5B48CF2B8C.jpeg?resize=500%2C300 500w\" sizes=\"auto, (max-width: 600px) 100vw, 600px\" \/><\/p>\n<p>Pasta da Defesa misturou imagem antiga de combate a focos de inc\u00eandio com novas feitas neste s\u00e1bado (24)<!--more--><\/p>\n<p>Na Folha<\/p>\n<p>Ao divulgar pelo Twitter a\u00e7\u00f5es de combate a focos de inc\u00eandio na regi\u00e3o da Amaz\u00f4nia, o minist\u00e9rio da Defesa misturou uma foto antiga com imagens novas feitas neste s\u00e1bado (24).<\/p>\n<p>As mensagens foram compartilhadas pelo presidente Jair Bolsonaro (PSL). Na primeira postagem, por volta das 16h, o minist\u00e9rio publicou uma foto de uma aeronave soltando \u00e1gua em cima de uma regi\u00e3o com fogo, o que dava a entender ser relacionada com a a\u00e7\u00e3o atual.<\/p>\n<p>\u201cNosso papel \u00e9 atuar em prol da na\u00e7\u00e3o. Mais de 43 mil militares das For\u00e7as Armadas refor\u00e7am a\u00e7\u00f5es de combate a inc\u00eandios na #Amaz\u00f4nia\u201d, escreveu a Defesa no post.<\/p>\n<p>A mesma imagem, no entanto, aparece tamb\u00e9m vinculada a uma not\u00edcia de novembro de 2015, sobre o trabalho realizado para conter chamas na Chapada Diamantina (BA).<\/p>\n<blockquote class=\"twitter-tweet\" data-width=\"550\" data-dnt=\"true\">\n<p lang=\"pt\" dir=\"ltr\">Nosso papel \u00e9 atuar em prol da na\u00e7\u00e3o \ud83c\udde7\ud83c\uddf7<br \/>Mais de 43 mil militares das For\u00e7as Armadas refor\u00e7am a\u00e7\u00f5es de combate a inc\u00eandios na <a href=\"https:\/\/twitter.com\/hashtag\/Amaz%C3%B4nia?src=hash&amp;ref_src=twsrc%5Etfw\">#Amaz\u00f4nia<\/a>. Saiba mais:  <a href=\"https:\/\/t.co\/JfGsRrY7O5\">https:\/\/t.co\/JfGsRrY7O5<\/a> <a href=\"https:\/\/t.co\/kA5xTgafU3\">pic.twitter.com\/kA5xTgafU3<\/a><\/p>\n<p>&mdash; Minist\u00e9rio da Defesa (@DefesaGovBr) <a href=\"https:\/\/twitter.com\/DefesaGovBr\/status\/1165338613967740928?ref_src=twsrc%5Etfw\">August 24, 2019<\/a><\/p><\/blockquote>\n<p><script async src=\"https:\/\/platform.twitter.com\/widgets.js\" charset=\"utf-8\"><\/script><\/p>\n<p>Por volta de 17h, Bolsonaro pegou a mesma foto com parte do texto e compartilhou em sua conta no Twitter. Mais tarde, por volta das 18h, o minist\u00e9rio usou de novo a rede social para divulga\u00e7\u00e3o das a\u00e7\u00f5es na regi\u00e3o da Amaz\u00f4nia, dessa vez com imagens feitas na tarde deste s\u00e1bado.<\/p>\n<p>\u201cA @portafab [conta do Twitter da For\u00e7a A\u00e9rea Brasileira] emprega, a partir de hoje (24\/08), duas aeronaves C-130 H\u00e9rcules no combate aos focos de inc\u00eandio na #Amaz\u00f4nia, partindo de Porto Velho (RO). Confira a a\u00e7\u00e3o\u201d, texto que aparece acompanhando o v\u00eddeo postado, o que Bolsonaro tamb\u00e9m compartilhou em sua rede.<\/p>\n<p>A assessoria de imprensa do minist\u00e9rio confirmou que a primeira foto postada era antiga e disse que foi usada de forma \u201cmeramente ilustrativa\u201d, para tratar sobre uma atividade que ainda iria ocorrer.A imagem faz parte de um banco de dados da Fab.<\/p>\n<blockquote class=\"twitter-tweet\" data-width=\"550\" data-dnt=\"true\">\n<p lang=\"pt\" dir=\"ltr\">&#8211; Mais de 43 mil militares das For\u00e7as Armadas refor\u00e7am a\u00e7\u00f5es de combate a inc\u00eandios na Amaz\u00f4nia. \ud83c\udde7\ud83c\uddf7 \/\/ Via <a href=\"https:\/\/twitter.com\/DefesaGovBr?ref_src=twsrc%5Etfw\">@DefesaGovBr<\/a> <a href=\"https:\/\/t.co\/KcDWPRMxRe\">pic.twitter.com\/KcDWPRMxRe<\/a><\/p>\n<p>&mdash; Jair M. Bolsonaro (@jairbolsonaro) <a href=\"https:\/\/twitter.com\/jairbolsonaro\/status\/1165361294062555138?ref_src=twsrc%5Etfw\">August 24, 2019<\/a><\/p><\/blockquote>\n<p><script async src=\"https:\/\/platform.twitter.com\/widgets.js\" charset=\"utf-8\"><\/script><\/p>\n<p>&nbsp;<\/p>\n<p>Na \u00faltima quinta (22), o presidente da Fran\u00e7a, Emmanuel Macron, usou uma foto antiga para falar sobre a disparada no n\u00famero de queimadas na Amaz\u00f4nia.<\/p>\n<p>A imagem foi feita pelo fotojornalista da National Geographic Loren McIntyre, que morreu em 2003, nos EUA. McIntyre era um explorador que inclusive d\u00e1 nome a uma das nascentes do Rio Amazonas, a Lagoa McIntyre, no Peru.<\/p>\n<p>Bolsonaro reagiu \u00e0s cr\u00edticas de Macron, e afirmou que a proposta do l\u00edder europeu de discutir a onda de queimadas na Amaz\u00f4nia na C\u00fapula do G7 \u2014f\u00f3rum do qual o Brasil n\u00e3o participa\u2014 \u201cevoca mentalidade colonialista descabida no s\u00e9culo 21\u201d.<\/p>\n<p>O presidente brasileiro assinou na tarde de sexta-feira (23) um decreto de GLO (Garantia da Lei e da Ordem) que autoriza o emprego das For\u00e7as Armadas na Amaz\u00f4nia. De acordo com o documento, militares poder\u00e3o atuar em \u201c\u00e1reas de fronteira, terras ind\u00edgenas, unidades de conserva\u00e7\u00e3o ambiental e em outras \u00e1reas da Amaz\u00f4nia Legal\u201d.<\/p>\n","protected":false},"excerpt":{"rendered":"<p>Pasta da Defesa misturou imagem antiga de combate a focos de inc\u00eandio com novas feitas neste s\u00e1bado (24)<\/p>\n","protected":false},"author":1,"featured_media":0,"comment_status":"closed","ping_status":"open","sticky":false,"template":"","format":"standard","meta":{"_exactmetrics_skip_tracking":false,"_exactmetrics_sitenote_active":false,"_exactmetrics_sitenote_note":"","_exactmetrics_sitenote_category":0,"jetpack_post_was_ever_published":false,"_jetpack_newsletter_access":"","_jetpack_dont_email_post_to_subs":false,"_jetpack_newsletter_tier_id":0,"_jetpack_memberships_contains_paywalled_content":false,"_jetpack_memberships_contains_paid_content":false,"footnotes":"","jetpack_publicize_message":"","jetpack_publicize_feature_enabled":true,"jetpack_social_post_already_shared":true,"jetpack_social_options":{"image_generator_settings":{"template":"highway","enabled":false},"version":2}},"categories":[1],"tags":[],"class_list":["post-23603","post","type-post","status-publish","format-standard","hentry","category-notas"],"jetpack_publicize_connections":[],"jetpack_sharing_enabled":true,"jetpack_featured_media_url":"","jetpack_shortlink":"https:\/\/wp.me\/p7wKYW-68H","jetpack-related-posts":[],"_links":{"self":[{"href":"http:\/\/blogdalucianaoliveira.com.br\/blog\/wp-json\/wp\/v2\/posts\/23603","targetHints":{"allow":["GET"]}}],"collection":[{"href":"http:\/\/blogdalucianaoliveira.com.br\/blog\/wp-json\/wp\/v2\/posts"}],"about":[{"href":"http:\/\/blogdalucianaoliveira.com.br\/blog\/wp-json\/wp\/v2\/types\/post"}],"author":[{"embeddable":true,"href":"http:\/\/blogdalucianaoliveira.com.br\/blog\/wp-json\/wp\/v2\/users\/1"}],"replies":[{"embeddable":true,"href":"http:\/\/blogdalucianaoliveira.com.br\/blog\/wp-json\/wp\/v2\/comments?post=23603"}],"version-history":[{"count":1,"href":"http:\/\/blogdalucianaoliveira.com.br\/blog\/wp-json\/wp\/v2\/posts\/23603\/revisions"}],"predecessor-version":[{"id":23605,"href":"http:\/\/blogdalucianaoliveira.com.br\/blog\/wp-json\/wp\/v2\/posts\/23603\/revisions\/23605"}],"wp:attachment":[{"href":"http:\/\/blogdalucianaoliveira.com.br\/blog\/wp-json\/wp\/v2\/media?parent=23603"}],"wp:term":[{"taxonomy":"category","embeddable":true,"href":"http:\/\/blogdalucianaoliveira.com.br\/blog\/wp-json\/wp\/v2\/categories?post=23603"},{"taxonomy":"post_tag","embeddable":true,"href":"http:\/\/blogdalucianaoliveira.com.br\/blog\/wp-json\/wp\/v2\/tags?post=23603"}],"curies":[{"name":"wp","href":"https:\/\/api.w.org\/{rel}","templated":true}]}}