{"id":23606,"date":"2019-08-24T19:49:35","date_gmt":"2019-08-24T23:49:35","guid":{"rendered":"http:\/\/blogdalucianaoliveira.com.br\/blog\/?p=23606"},"modified":"2019-08-24T19:49:35","modified_gmt":"2019-08-24T23:49:35","slug":"lideres-progressistas-do-brasil-e-do-mundo-lancam-manifesto-em-defesa-da-amazonia-e-rechacam-bolsonaro","status":"publish","type":"post","link":"http:\/\/blogdalucianaoliveira.com.br\/blog\/2019\/08\/24\/lideres-progressistas-do-brasil-e-do-mundo-lancam-manifesto-em-defesa-da-amazonia-e-rechacam-bolsonaro\/","title":{"rendered":"L\u00edderes progressistas do Brasil e do mundo lan\u00e7am manifesto em defesa da Amaz\u00f4nia e recha\u00e7am Bolsonaro"},"content":{"rendered":"<p><img data-recalc-dims=\"1\" loading=\"lazy\" decoding=\"async\" data-attachment-id=\"23607\" data-permalink=\"http:\/\/blogdalucianaoliveira.com.br\/blog\/2019\/08\/24\/lideres-progressistas-do-brasil-e-do-mundo-lancam-manifesto-em-defesa-da-amazonia-e-rechacam-bolsonaro\/dab43996-6110-4244-986a-dcb6850e93f3\/\" data-orig-file=\"https:\/\/i0.wp.com\/blogdalucianaoliveira.com.br\/blog\/wp-content\/uploads\/2019\/08\/DAB43996-6110-4244-986A-DCB6850E93F3.jpeg?fit=500%2C240\" data-orig-size=\"500,240\" data-comments-opened=\"0\" data-image-meta=\"{&quot;aperture&quot;:&quot;0&quot;,&quot;credit&quot;:&quot;&quot;,&quot;camera&quot;:&quot;&quot;,&quot;caption&quot;:&quot;&quot;,&quot;created_timestamp&quot;:&quot;0&quot;,&quot;copyright&quot;:&quot;&quot;,&quot;focal_length&quot;:&quot;0&quot;,&quot;iso&quot;:&quot;0&quot;,&quot;shutter_speed&quot;:&quot;0&quot;,&quot;title&quot;:&quot;&quot;,&quot;orientation&quot;:&quot;0&quot;}\" data-image-title=\"DAB43996-6110-4244-986A-DCB6850E93F3\" data-image-description=\"\" data-image-caption=\"\" data-medium-file=\"https:\/\/i0.wp.com\/blogdalucianaoliveira.com.br\/blog\/wp-content\/uploads\/2019\/08\/DAB43996-6110-4244-986A-DCB6850E93F3.jpeg?fit=300%2C144\" data-large-file=\"https:\/\/i0.wp.com\/blogdalucianaoliveira.com.br\/blog\/wp-content\/uploads\/2019\/08\/DAB43996-6110-4244-986A-DCB6850E93F3.jpeg?fit=500%2C240\" class=\"alignnone size-full wp-image-23607\" src=\"https:\/\/i0.wp.com\/blogdalucianaoliveira.com.br\/blog\/wp-content\/uploads\/2019\/08\/DAB43996-6110-4244-986A-DCB6850E93F3.jpeg?resize=500%2C240\" alt=\"DAB43996-6110-4244-986A-DCB6850E93F3\" width=\"500\" height=\"240\" srcset=\"https:\/\/i0.wp.com\/blogdalucianaoliveira.com.br\/blog\/wp-content\/uploads\/2019\/08\/DAB43996-6110-4244-986A-DCB6850E93F3.jpeg?w=500 500w, https:\/\/i0.wp.com\/blogdalucianaoliveira.com.br\/blog\/wp-content\/uploads\/2019\/08\/DAB43996-6110-4244-986A-DCB6850E93F3.jpeg?resize=300%2C144 300w\" sizes=\"auto, (max-width: 500px) 100vw, 500px\" \/><\/p>\n<p>247 &#8211; L\u00edderes progressistas como Fernando Haddad, Celso Amorim, Rafael Correa, Jos\u00e9 Luis Rodr\u00edguez Zapatero, Cuauht\u00e9moc C\u00e1rdenas, Aloizio Mercadante Oliva, Carol Proner, enre outros, lan\u00e7aram um manifesto em defesa da Amaz\u00f4nia, amea\u00e7ada de devasta\u00e7\u00e3o com a coniv\u00eancia do governo de exrema direita de Jair Bolsonaro. <!--more--><\/p>\n<p>O brutal retrocesso ambiental que se observa no Brasil com a chegada de Bolsonaro ao poder, cuja face dram\u00e1tica \u00e9 a atual devasta\u00e7\u00e3o da Amaz\u00f4nia por vastos e criminosos inc\u00eandios, constitui-se em agress\u00e3o inomin\u00e1vel a um patrim\u00f4nio inestim\u00e1vel daquele pa\u00eds e \u00e0 sua soberania nacional, bem como compromete o futuro das jovens gera\u00e7\u00f5es de brasileiros e n\u00e3o-brasileiros&#8221;, diz o documento publicado pelo Movimento por um Novo Impulso Progressista.<\/p>\n<p>O manifesto denuncia que mesmo antes de chegar ao poder, Bolsonaro deu declara\u00e7\u00f5es demonstrando sua clara inten\u00e7\u00e3o de promover retrocessos substanciais na agenda ambiental do Brasil. \u00a0\u00a0&#8220;Ademais, ele e seu chanceler pr\u00e9-iluminista, emulando o governo Trump, colocaram seguidamente em d\u00favida o aquecimento global, apesar das s\u00f3lidas evid\u00eancias cient\u00edficas dispon\u00edveis, e amea\u00e7aram at\u00e9 retirar o Brasil do Acordo de Paris&#8221;.<\/p>\n<p>Os l\u00edderes progressistas alertam que a agenda antiambiental do governo Bolsonaro \u00e9 &#8220;manifesta\u00e7\u00e3o clara de submiss\u00e3o geopol\u00edtica \u00e0 agenda regressiva do governo Trump e embute o desejo evidente de entregar o imenso patrim\u00f4nio fitogen\u00e9tico, zoogen\u00e9tico e mineral do Brasil \u00e0 sanha predat\u00f3ria de empresas estrangeiras, em detrimento do uso soberano e sustent\u00e1vel de seus vastos recursos ambientais e dos direitos dos povos origin\u00e1rios \u00e0 preserva\u00e7\u00e3o de suas culturas e da popula\u00e7\u00e3o em geral a um meio ambiente equilibrado&#8221;.<\/p>\n<p>&#8220;Esse antiambientalismo pr\u00e9-cient\u00edfico, irracional e entreguista do governo Bolsonaro contrap\u00f5e-se aos grandes avan\u00e7os civilizat\u00f3rios feitos nessa \u00e1rea em governos brasileiros anteriores, particularmente os de Lula e Dilma&#8221; &#8211; enfatiza o documento.<\/p>\n<p>O manifesto termina afirmando que &#8220;Bolsonaro n\u00e3o est\u00e1 apenas colocando fogo na Amaz\u00f4nia, est\u00e1 queimando a soberania do Brasil, a soberania dos demais pa\u00edses da Bacia Amaz\u00f4nica e o futuro de toda a humanidade&#8221;.<\/p>\n<p>Assinam: \u00a0\u00a0Fernando Haddad, ex-ministro da Educa\u00e7\u00e3o e ex-candidato presidencial, Brasil. \u00a0Jos\u00e9 Luis Rodr\u00edguez Zapatero, ex-Presidente, Espanha \u00a0Rafael Correa, ex-Presidente, Equador \u00a0Cuauht\u00e9moc C\u00e1rdenas, ex-candidato presidencial e fundador do PRD, M\u00e9xico. \u00a0Karol Cariola, deputada, Chile. \u00a0Leonel Fern\u00e1ndez, ex-Presidente, Rep\u00fablica Dominicana. \u00a0Juli\u00e1n Andr\u00e9s Dom\u00ednguez, ex-Deputado e ex-Ministro, Argentina. \u00a0Miguel Barbosa Huerta, Governador de Puebla, M\u00e9xico. \u00a0Jos\u00e9 Miguel Insulza, ex-Secretario Geral OEA, atual senador, Chile. \u00a0Camilo Lagos, presidente Partido Progressista do Chile. \u00a0Guillaume Long, ex-Chanceler, Ecuador. \u00a0Clara L\u00f3pez Obreg\u00f3n, ex-Ministra do Trabalh e ex- Candidata Presidencial, Col\u00f4mbia \u00a0Esperanza Martinez, ex-Ministra da Sa\u00fade, atual senadora, Paraguai. \u00a0Daniel Mart\u00ednez Villamil, ex-ministro e senador, atual candidato presidencial, Uruguai. \u00a0Aloizio Mercadante Oliva, ex-ministro da Educa\u00e7\u00e3o e ex-chefe da Casa Civil, Brasil. \u00a0Alejandro Navarro, senador, Chile. \u00a0Carlos Ominami, ex-ministro da Economi e ex- Senador, Chile. \u00a0Yeidckol Polevnsky, Presidenta de Morena, M\u00e9xico. \u00a0Gabriela Rivadeneira, Assembleia Nacional, Equador. \u00a0Ernesto Samper, ex-Presidente, Col\u00f4mbia. \u00a0Felipe Carlos Sol\u00e1, deputado nacional, Argentina. \u00a0Carlos Sotelo Garc\u00eda, ex-Senador, M\u00e9xico. \u00a0Jorge Enrique Taiana, ex-Chanceler, Argentina. \u00a0Carlos Alfonso Tomada, ex-Ministro do Trabalho, atual Legislador Federal, Argentina. \u00a0Beatriz Paredes, senadora, M\u00e9xico. \u00a0Celso Amorim, ex-chanceler, Brasil. \u00a0Carol Proner, jurista, Brasil. \u00a0Marco Enr\u00edquez-Ominami, ex-Candidato Presidencial, Chile.<\/p>\n<p><a href=\"https:\/\/http\/\/progresivamente.org\/2019\/08\/23\/declaracion-grupo-de-puebla\/\"><b>Leia a \u00edntegra<\/b><\/a><\/p>\n<p>&nbsp;<\/p>\n<div class=\"teads-inread xs-screen\"><\/div>\n","protected":false},"excerpt":{"rendered":"<p>247 &#8211; L\u00edderes progressistas como Fernando Haddad, Celso Amorim, Rafael Correa, Jos\u00e9 Luis Rodr\u00edguez Zapatero, Cuauht\u00e9moc C\u00e1rdenas, Aloizio Mercadante Oliva, Carol Proner, enre outros, lan\u00e7aram um manifesto em defesa da Amaz\u00f4nia, amea\u00e7ada de devasta\u00e7\u00e3o com a coniv\u00eancia do governo de exrema direita de Jair Bolsonaro.<\/p>\n","protected":false},"author":1,"featured_media":0,"comment_status":"closed","ping_status":"open","sticky":false,"template":"","format":"standard","meta":{"_exactmetrics_skip_tracking":false,"_exactmetrics_sitenote_active":false,"_exactmetrics_sitenote_note":"","_exactmetrics_sitenote_category":0,"jetpack_post_was_ever_published":false,"_jetpack_newsletter_access":"","_jetpack_dont_email_post_to_subs":false,"_jetpack_newsletter_tier_id":0,"_jetpack_memberships_contains_paywalled_content":false,"_jetpack_memberships_contains_paid_content":false,"footnotes":"","jetpack_publicize_message":"","jetpack_publicize_feature_enabled":true,"jetpack_social_post_already_shared":true,"jetpack_social_options":{"image_generator_settings":{"template":"highway","enabled":false},"version":2}},"categories":[1],"tags":[],"class_list":["post-23606","post","type-post","status-publish","format-standard","hentry","category-notas"],"jetpack_publicize_connections":[],"jetpack_sharing_enabled":true,"jetpack_featured_media_url":"","jetpack_shortlink":"https:\/\/wp.me\/p7wKYW-68K","jetpack-related-posts":[],"_links":{"self":[{"href":"http:\/\/blogdalucianaoliveira.com.br\/blog\/wp-json\/wp\/v2\/posts\/23606","targetHints":{"allow":["GET"]}}],"collection":[{"href":"http:\/\/blogdalucianaoliveira.com.br\/blog\/wp-json\/wp\/v2\/posts"}],"about":[{"href":"http:\/\/blogdalucianaoliveira.com.br\/blog\/wp-json\/wp\/v2\/types\/post"}],"author":[{"embeddable":true,"href":"http:\/\/blogdalucianaoliveira.com.br\/blog\/wp-json\/wp\/v2\/users\/1"}],"replies":[{"embeddable":true,"href":"http:\/\/blogdalucianaoliveira.com.br\/blog\/wp-json\/wp\/v2\/comments?post=23606"}],"version-history":[{"count":1,"href":"http:\/\/blogdalucianaoliveira.com.br\/blog\/wp-json\/wp\/v2\/posts\/23606\/revisions"}],"predecessor-version":[{"id":23608,"href":"http:\/\/blogdalucianaoliveira.com.br\/blog\/wp-json\/wp\/v2\/posts\/23606\/revisions\/23608"}],"wp:attachment":[{"href":"http:\/\/blogdalucianaoliveira.com.br\/blog\/wp-json\/wp\/v2\/media?parent=23606"}],"wp:term":[{"taxonomy":"category","embeddable":true,"href":"http:\/\/blogdalucianaoliveira.com.br\/blog\/wp-json\/wp\/v2\/categories?post=23606"},{"taxonomy":"post_tag","embeddable":true,"href":"http:\/\/blogdalucianaoliveira.com.br\/blog\/wp-json\/wp\/v2\/tags?post=23606"}],"curies":[{"name":"wp","href":"https:\/\/api.w.org\/{rel}","templated":true}]}}