{"id":23609,"date":"2019-08-24T20:08:33","date_gmt":"2019-08-25T00:08:33","guid":{"rendered":"http:\/\/blogdalucianaoliveira.com.br\/blog\/?p=23609"},"modified":"2019-08-24T20:09:08","modified_gmt":"2019-08-25T00:09:08","slug":"cidades-brasileiras-tem-atos-em-defesa-da-amazonia","status":"publish","type":"post","link":"http:\/\/blogdalucianaoliveira.com.br\/blog\/2019\/08\/24\/cidades-brasileiras-tem-atos-em-defesa-da-amazonia\/","title":{"rendered":"Cidades brasileiras t\u00eam atos em defesa da Amaz\u00f4nia"},"content":{"rendered":"<p><img data-recalc-dims=\"1\" loading=\"lazy\" decoding=\"async\" data-attachment-id=\"23611\" data-permalink=\"http:\/\/blogdalucianaoliveira.com.br\/blog\/2019\/08\/24\/cidades-brasileiras-tem-atos-em-defesa-da-amazonia\/71b09622-a500-451e-81ae-4919ff2f53f9\/\" data-orig-file=\"https:\/\/i0.wp.com\/blogdalucianaoliveira.com.br\/blog\/wp-content\/uploads\/2019\/08\/71B09622-A500-451E-81AE-4919FF2F53F9.jpeg?fit=744%2C471\" data-orig-size=\"744,471\" data-comments-opened=\"0\" data-image-meta=\"{&quot;aperture&quot;:&quot;0&quot;,&quot;credit&quot;:&quot;&quot;,&quot;camera&quot;:&quot;&quot;,&quot;caption&quot;:&quot;&quot;,&quot;created_timestamp&quot;:&quot;0&quot;,&quot;copyright&quot;:&quot;&quot;,&quot;focal_length&quot;:&quot;0&quot;,&quot;iso&quot;:&quot;0&quot;,&quot;shutter_speed&quot;:&quot;0&quot;,&quot;title&quot;:&quot;&quot;,&quot;orientation&quot;:&quot;0&quot;}\" data-image-title=\"71B09622-A500-451E-81AE-4919FF2F53F9\" data-image-description=\"\" data-image-caption=\"\" data-medium-file=\"https:\/\/i0.wp.com\/blogdalucianaoliveira.com.br\/blog\/wp-content\/uploads\/2019\/08\/71B09622-A500-451E-81AE-4919FF2F53F9.jpeg?fit=300%2C190\" data-large-file=\"https:\/\/i0.wp.com\/blogdalucianaoliveira.com.br\/blog\/wp-content\/uploads\/2019\/08\/71B09622-A500-451E-81AE-4919FF2F53F9.jpeg?fit=600%2C380\" class=\"alignnone size-full wp-image-23611\" src=\"https:\/\/i0.wp.com\/blogdalucianaoliveira.com.br\/blog\/wp-content\/uploads\/2019\/08\/71B09622-A500-451E-81AE-4919FF2F53F9.jpeg?resize=600%2C380\" alt=\"71B09622-A500-451E-81AE-4919FF2F53F9\" width=\"600\" height=\"380\" srcset=\"https:\/\/i0.wp.com\/blogdalucianaoliveira.com.br\/blog\/wp-content\/uploads\/2019\/08\/71B09622-A500-451E-81AE-4919FF2F53F9.jpeg?w=744 744w, https:\/\/i0.wp.com\/blogdalucianaoliveira.com.br\/blog\/wp-content\/uploads\/2019\/08\/71B09622-A500-451E-81AE-4919FF2F53F9.jpeg?resize=300%2C190 300w, https:\/\/i0.wp.com\/blogdalucianaoliveira.com.br\/blog\/wp-content\/uploads\/2019\/08\/71B09622-A500-451E-81AE-4919FF2F53F9.jpeg?resize=474%2C300 474w\" sizes=\"auto, (max-width: 600px) 100vw, 600px\" \/><\/p>\n<div class=\"row content-head non-featured \">\n<div class=\"medium-centered subtitle\">\n<h2 class=\"content-head__subtitle\">At\u00e9 por volta de 20h20, cidades dos estados de AL, AM, CE, GO, MT, MG, PA, PR, PE, PI, RN, RS, SC, SP, SE e TO haviam tido protestos pac\u00edficos.<\/h2>\n<p><!--more--><\/p>\n<\/div>\n<\/div>\n<div class=\"content__signa-share\">\n<div class=\"content__signature\">\n<div class=\"content-publication-data\">\n<div class=\"content-publication-data__text\">\n<p class=\"content-publication-data__from\" title=\"G1\">Por G1<\/p>\n<\/div>\n<\/div>\n<\/div>\n<\/div>\n<p>&nbsp;<\/p>\n<div class=\"mc-column content-text active-extra-styles \" data-block-type=\"unstyled\" data-block-weight=\"56\" data-block-id=\"2\">\n<p class=\"content-text__container \" data-track-category=\"Link no Texto\" data-track-links=\"\">Cidades brasileiras registraram, desde a manh\u00e3 deste s\u00e1bado (24), atos em defesa da <a href=\"https:\/\/g1.globo.com\/natureza\/amazonia\/\">Amaz\u00f4nia<\/a>. At\u00e9 por volta de 20h20, 22 cidades dos estados de Alagoas, Amazonas, Cear\u00e1, Goi\u00e1s, Mato Grosso, Minas Gerais, Par\u00e1, Paran\u00e1, Pernambuco, Piau\u00ed, Rio Grande do Norte, Rio Grande do Sul, Santa Catarina, S\u00e3o Paulo, Sergipe e Tocantins haviam tido protestos pac\u00edficos.<\/p>\n<\/div>\n<div class=\"wall protected-content\">\n<div class=\"mc-column content-text active-extra-styles \" data-block-type=\"unstyled\" data-block-weight=\"32\" data-block-id=\"3\">\n<p class=\"content-text__container \" data-track-category=\"Link no Texto\" data-track-links=\"\">Na sexta-feira, <a href=\"https:\/\/globoplay.globo.com\/v\/7867472\/programa\/\">v\u00e1rias cidades tamb\u00e9m registraram protestos pelo pa\u00eds<\/a>. No Rio, a <a href=\"https:\/\/g1.globo.com\/rj\/rio-de-janeiro\/noticia\/2019\/08\/23\/manifestantes-fazem-ato-em-favor-da-amazonia-no-centro-do-rio.ghtml\">Cinel\u00e2ndia ficou lotada<\/a>. Em S\u00e3o Paulo, <a href=\"https:\/\/g1.globo.com\/sp\/sao-paulo\/noticia\/2019\/08\/23\/manifestantes-protestam-em-defesa-da-amazonia-na-avenida-paulista.ghtml\">manifestantes se reuniram em frente ao Masp<\/a> e fecharam um trecho da Avenida Paulista.<\/p>\n<\/div>\n<div class=\"mc-column content-text active-extra-styles \" data-block-type=\"unstyled\" data-block-weight=\"40\" data-block-id=\"4\">\n<p class=\"content-text__container \" data-track-category=\"Link no Texto\" data-track-links=\"\">As queimadas geraram uma crise no governo federal, <a href=\"https:\/\/g1.globo.com\/mundo\/noticia\/2019\/08\/22\/macron-gisele-e-leonardo-di-caprio-publicam-foto-antiga-para-criticar-queimadas-na-amazonia.ghtml\">que vem sendo cobrado nos \u00faltimos dias no Brasil e no exterior por causa da situa\u00e7\u00e3o da floresta<\/a>. Artistas, sociedade civil e l\u00edderes de outros pa\u00edses se manifestaram em defesa da Amaz\u00f4nia.<\/p>\n<\/div>\n<div class=\"mc-column content-text active-extra-styles \" data-block-type=\"unstyled\" data-block-weight=\"20\" data-block-id=\"5\">\n<p class=\"content-text__container \" data-track-category=\"Link no Texto\" data-track-links=\"\">De acordo com a Nasa (Ag\u00eancia Espacial Norte-Americana), <a href=\"https:\/\/g1.globo.com\/natureza\/noticia\/2019\/08\/23\/nasa-diz-que-2019-e-o-pior-ano-de-queimadas-na-amazonia-brasileira-desde-2010.ghtml\">2019 \u00e9 o pior ano de queimadas na Amaz\u00f4nia brasileira desde 2010.<\/a><\/p>\n<\/div>\n<div class=\"mc-column content-text active-extra-styles \" data-block-type=\"unstyled\" data-block-weight=\"67\" data-block-id=\"6\">\n<p class=\"content-text__container \" data-track-category=\"Link no Texto\" data-track-links=\"\">Na manh\u00e3 deste s\u00e1bado, governo federal informou que <a href=\"https:\/\/g1.globo.com\/politica\/noticia\/2019\/08\/24\/governo-diz-que-quatro-estados-da-amazonia-ja-pediram-acao-das-forcas-armadas-no-combate-ao-fogo.ghtml\">seis estados da Amaz\u00f4nia j\u00e1 formalizaram pedido para a\u00e7\u00e3o das For\u00e7as Armadas<\/a> no combate \u00e0s queimadas. Na sexta-feira (23), o presidente Jair Bolsonaro <a href=\"https:\/\/g1.globo.com\/politica\/noticia\/2019\/08\/23\/bolsonaro-autoriza-uso-das-forcas-armadas-no-combate-a-queimadas-na-amazonia.ghtml\">assinou um decreto<\/a> autorizando o envio de homens das For\u00e7as Armada. O decreto do presidente vale para toda a Amaz\u00f4nia Legal, da qual fazem parte os estados da Regi\u00e3o Norte, al\u00e9m do Mato Grosso e Maranh\u00e3o.<\/p>\n<\/div>\n<div class=\"mc-column content-text active-extra-styles \" data-block-type=\"unstyled\" data-block-weight=\"10\" data-block-id=\"7\">\n<p class=\"content-text__container \" data-track-category=\"Link no Texto\" data-track-links=\"\">Veja como foram os atos em cada estado neste s\u00e1bado:<\/p>\n<\/div>\n<div class=\"mc-column content-text active-extra-styles\" data-block-type=\"raw\" data-block-weight=\"1\" data-block-id=\"8\">\n<div class=\"content-intertitle\">\n<h2>ALAGOAS<\/h2>\n<\/div>\n<\/div>\n<div class=\"mc-column content-text active-extra-styles \" data-block-type=\"unstyled\" data-block-weight=\"35\" data-block-id=\"9\">\n<p class=\"content-text__container \" data-track-category=\"Link no Texto\" data-track-links=\"\">Em Macei\u00f3, manifestantes protestaram em c<a href=\"https:\/\/g1.globo.com\/al\/alagoas\/noticia\/2019\/08\/24\/grupo-protesta-em-maceio-contra-crimes-ambientais-na-amazonia.ghtml\">aminhada pela orla da capital alagoana com faixas e cartazes<\/a> que faziam refer\u00eancia a import\u00e2ncia do bioma da Amaz\u00f4nia e a falta de pol\u00edticas para preserva\u00e7\u00e3o do patrim\u00f4nio ambiental.<\/p>\n<\/div>\n<div class=\"row medium-uncollapsed content-media content-photo\" data-block-type=\"backstage-photo\" data-block-id=\"10\">\n<div class=\"mc-column content-media__container\">\n<div class=\"progressive-img can-open-lightbox\" data-min-size=\"1008x756\" data-min-size-url=\"https:\/\/s2.glbimg.com\/4wbq956Ew7cfk5w0FCS114am3tQ=\/0x0:1280x960\/1008x0\/smart\/filters:strip_icc()\/i.s3.glbimg.com\/v1\/AUTH_59edd422c0c84a879bd37670ae4f538a\/internal_photos\/bs\/2019\/B\/I\/RxbJmTTFAMZZp0SAxt5g\/whatsapp-image-2019-08-24-at-16.24.42.jpeg\" data-max-size=\"1600x1200\" data-max-size-url=\"https:\/\/s2.glbimg.com\/w-V43msX0ncCtmF9IO3DwnR0V0I=\/0x0:1280x960\/1600x0\/smart\/filters:strip_icc()\/i.s3.glbimg.com\/v1\/AUTH_59edd422c0c84a879bd37670ae4f538a\/internal_photos\/bs\/2019\/B\/I\/RxbJmTTFAMZZp0SAxt5g\/whatsapp-image-2019-08-24-at-16.24.42.jpeg\" data-media-index=\"0\">\n<div class=\"placeholder-container\"><\/div>\n<p><img decoding=\"async\" class=\"progressive-draft\" title=\"Manifestantes fazem ato na orla de Macei\u00f3 \u2014 Foto: Roberta C\u00f3len\/G1\" src=\"data:image\/jpeg;base64,\/9j\/4AAQSkZJRgABAQAAAQABAAD\/2wBDAAMCAgMCAgMDAwMEAwMEBQgFBQQEBQoHBwYIDAoMDAsKCwsNDhIQDQ4RDgsLEBYQERMUFRUVDA8XGBYUGBIUFRT\/2wBDAQMEBAUEBQkFBQkUDQsNFBQUFBQUFBQUFBQUFBQUFBQUFBQUFBQUFBQUFBQUFBQUFBQUFBQUFBQUFBQUFBQUFBT\/wgARCAATABkDASIAAhEBAxEB\/8QAGgAAAQUBAAAAAAAAAAAAAAAAAAIEBQYIB\/\/EABYBAQEBAAAAAAAAAAAAAAAAAAIAAf\/aAAwDAQACEAMQAAABtczjU06JpPLo4JLsNUikK\/\/EAB8QAAICAgEFAAAAAAAAAAAAAAECAAQDBgUTFBYhNP\/aAAgBAQABBQKrtVIjJuHFmvt+31bVvyJYloMUyN1MhOQd08X6JT9vP\/\/EABgRAAIDAAAAAAAAAAAAAAAAAAABAhAh\/9oACAEDAQE\/AcVwP\/\/EABkRAAIDAQAAAAAAAAAAAAAAAAARARASQf\/aAAgBAgEBPwHL6ZdSf\/\/EACQQAAIBAgQHAQAAAAAAAAAAAAECABExAwQSIRAiMkFhYnGS\/9oACAEBAAY\/Ajp5qCo7VgTFYqagkI1jMrm8mQz4OxVxeda\/iLqtSybEzTU+I0uYYv0xz68P\/8QAIxABAAICAQEJAAAAAAAAAAAAAQARITFBURBhcZGhscHw8f\/aAAgBAQABPyGyd6R29MzcLSkEas3Dso3sC9OT57EO5oIW8RecxVCchbqOY5D6E\/AJ7iVVzbb6QCAKY2d88p\/\/2gAMAwEAAgADAAAAEHLYgf\/EABkRAQADAQEAAAAAAAAAAAAAAAEAESExcf\/aAAgBAwEBPxBuCoNbUeTQ+z\/\/xAAZEQEBAAMBAAAAAAAAAAAAAAABABEhQTH\/2gAIAQIBAT8QVmxGi+Xbi\/\/EACAQAQEAAgICAgMAAAAAAAAAAAERACFBYTFREJGhwfD\/2gAIAQEAAT8QpMEoDZqxHXPG8XCdR5tegm5pmULCD8SpgbZ7DwfGwKqta0FFdsIWQ+ICUvqYCxvAYdB+c\/iP1mgVgxcgmCq5d+WIacoGKC76XL19DP\/Z\" alt=\"Manifestantes fazem ato na orla de Macei\u00f3 \u2014 Foto: Roberta C\u00f3len\/G1\" \/><picture><source srcset=\"https:\/\/s2.glbimg.com\/jFMaIr21y64phTi7gvvHGTgJ3Lg=\/0x0:1280x960\/600x0\/smart\/filters:strip_icc()\/i.s3.glbimg.com\/v1\/AUTH_59edd422c0c84a879bd37670ae4f538a\/internal_photos\/bs\/2019\/B\/I\/RxbJmTTFAMZZp0SAxt5g\/whatsapp-image-2019-08-24-at-16.24.42.jpeg 1x, https:\/\/s2.glbimg.com\/G_D1gpsZeJf7fROhzeMsY81WV40=\/0x0:1280x960\/1200x0\/smart\/filters:strip_icc()\/i.s3.glbimg.com\/v1\/AUTH_59edd422c0c84a879bd37670ae4f538a\/internal_photos\/bs\/2019\/B\/I\/RxbJmTTFAMZZp0SAxt5g\/whatsapp-image-2019-08-24-at-16.24.42.jpeg 2x\" media=\"(max-width: 1024px)\" data-src=\"https:\/\/s2.glbimg.com\/jFMaIr21y64phTi7gvvHGTgJ3Lg=\/0x0:1280x960\/600x0\/smart\/filters:strip_icc()\/i.s3.glbimg.com\/v1\/AUTH_59edd422c0c84a879bd37670ae4f538a\/internal_photos\/bs\/2019\/B\/I\/RxbJmTTFAMZZp0SAxt5g\/whatsapp-image-2019-08-24-at-16.24.42.jpeg 1x, https:\/\/s2.glbimg.com\/G_D1gpsZeJf7fROhzeMsY81WV40=\/0x0:1280x960\/1200x0\/smart\/filters:strip_icc()\/i.s3.glbimg.com\/v1\/AUTH_59edd422c0c84a879bd37670ae4f538a\/internal_photos\/bs\/2019\/B\/I\/RxbJmTTFAMZZp0SAxt5g\/whatsapp-image-2019-08-24-at-16.24.42.jpeg 2x\" \/><source srcset=\"https:\/\/s2.glbimg.com\/0lOA2tGNoTrlum9VlVku-KUgg4o=\/0x0:1280x960\/640x0\/smart\/filters:strip_icc()\/i.s3.glbimg.com\/v1\/AUTH_59edd422c0c84a879bd37670ae4f538a\/internal_photos\/bs\/2019\/B\/I\/RxbJmTTFAMZZp0SAxt5g\/whatsapp-image-2019-08-24-at-16.24.42.jpeg 1x, https:\/\/s2.glbimg.com\/OOv3rzmHh6x3AX80KpTxh4maKQo=\/0x0:1280x960\/1280x0\/smart\/filters:strip_icc()\/i.s3.glbimg.com\/v1\/AUTH_59edd422c0c84a879bd37670ae4f538a\/internal_photos\/bs\/2019\/B\/I\/RxbJmTTFAMZZp0SAxt5g\/whatsapp-image-2019-08-24-at-16.24.42.jpeg 2x\" media=\"(max-width: 1280px)\" data-src=\"https:\/\/s2.glbimg.com\/0lOA2tGNoTrlum9VlVku-KUgg4o=\/0x0:1280x960\/640x0\/smart\/filters:strip_icc()\/i.s3.glbimg.com\/v1\/AUTH_59edd422c0c84a879bd37670ae4f538a\/internal_photos\/bs\/2019\/B\/I\/RxbJmTTFAMZZp0SAxt5g\/whatsapp-image-2019-08-24-at-16.24.42.jpeg 1x, https:\/\/s2.glbimg.com\/OOv3rzmHh6x3AX80KpTxh4maKQo=\/0x0:1280x960\/1280x0\/smart\/filters:strip_icc()\/i.s3.glbimg.com\/v1\/AUTH_59edd422c0c84a879bd37670ae4f538a\/internal_photos\/bs\/2019\/B\/I\/RxbJmTTFAMZZp0SAxt5g\/whatsapp-image-2019-08-24-at-16.24.42.jpeg 2x\" \/><source srcset=\"https:\/\/s2.glbimg.com\/Jko5Yd3k_RBwbuhMsvYYH4ZCsKA=\/0x0:1280x960\/984x0\/smart\/filters:strip_icc()\/i.s3.glbimg.com\/v1\/AUTH_59edd422c0c84a879bd37670ae4f538a\/internal_photos\/bs\/2019\/B\/I\/RxbJmTTFAMZZp0SAxt5g\/whatsapp-image-2019-08-24-at-16.24.42.jpeg 1x, https:\/\/s2.glbimg.com\/7ctpettNbMv6b99AwMZm9aGCzgg=\/0x0:1280x960\/1968x0\/smart\/filters:strip_icc()\/i.s3.glbimg.com\/v1\/AUTH_59edd422c0c84a879bd37670ae4f538a\/internal_photos\/bs\/2019\/B\/I\/RxbJmTTFAMZZp0SAxt5g\/whatsapp-image-2019-08-24-at-16.24.42.jpeg 2x\" media=\"(max-width: 1360px)\" data-src=\"https:\/\/s2.glbimg.com\/Jko5Yd3k_RBwbuhMsvYYH4ZCsKA=\/0x0:1280x960\/984x0\/smart\/filters:strip_icc()\/i.s3.glbimg.com\/v1\/AUTH_59edd422c0c84a879bd37670ae4f538a\/internal_photos\/bs\/2019\/B\/I\/RxbJmTTFAMZZp0SAxt5g\/whatsapp-image-2019-08-24-at-16.24.42.jpeg 1x, https:\/\/s2.glbimg.com\/7ctpettNbMv6b99AwMZm9aGCzgg=\/0x0:1280x960\/1968x0\/smart\/filters:strip_icc()\/i.s3.glbimg.com\/v1\/AUTH_59edd422c0c84a879bd37670ae4f538a\/internal_photos\/bs\/2019\/B\/I\/RxbJmTTFAMZZp0SAxt5g\/whatsapp-image-2019-08-24-at-16.24.42.jpeg 2x\" \/><source srcset=\"https:\/\/s2.glbimg.com\/6SBCNI18kFsFbYbOD4cKQzJLIGc=\/0x0:1280x960\/1000x0\/smart\/filters:strip_icc()\/i.s3.glbimg.com\/v1\/AUTH_59edd422c0c84a879bd37670ae4f538a\/internal_photos\/bs\/2019\/B\/I\/RxbJmTTFAMZZp0SAxt5g\/whatsapp-image-2019-08-24-at-16.24.42.jpeg 1x, https:\/\/s2.glbimg.com\/36PqzHV-nrRkUrRowR3YUiQxrs4=\/0x0:1280x960\/2000x0\/smart\/filters:strip_icc()\/i.s3.glbimg.com\/v1\/AUTH_59edd422c0c84a879bd37670ae4f538a\/internal_photos\/bs\/2019\/B\/I\/RxbJmTTFAMZZp0SAxt5g\/whatsapp-image-2019-08-24-at-16.24.42.jpeg 2x\" media=\"(min-width: 1361px)\" data-src=\"https:\/\/s2.glbimg.com\/6SBCNI18kFsFbYbOD4cKQzJLIGc=\/0x0:1280x960\/1000x0\/smart\/filters:strip_icc()\/i.s3.glbimg.com\/v1\/AUTH_59edd422c0c84a879bd37670ae4f538a\/internal_photos\/bs\/2019\/B\/I\/RxbJmTTFAMZZp0SAxt5g\/whatsapp-image-2019-08-24-at-16.24.42.jpeg 1x, https:\/\/s2.glbimg.com\/36PqzHV-nrRkUrRowR3YUiQxrs4=\/0x0:1280x960\/2000x0\/smart\/filters:strip_icc()\/i.s3.glbimg.com\/v1\/AUTH_59edd422c0c84a879bd37670ae4f538a\/internal_photos\/bs\/2019\/B\/I\/RxbJmTTFAMZZp0SAxt5g\/whatsapp-image-2019-08-24-at-16.24.42.jpeg 2x\" \/><source srcset=\"https:\/\/s2.glbimg.com\/Jko5Yd3k_RBwbuhMsvYYH4ZCsKA=\/0x0:1280x960\/984x0\/smart\/filters:strip_icc()\/i.s3.glbimg.com\/v1\/AUTH_59edd422c0c84a879bd37670ae4f538a\/internal_photos\/bs\/2019\/B\/I\/RxbJmTTFAMZZp0SAxt5g\/whatsapp-image-2019-08-24-at-16.24.42.jpeg\" data-src=\"https:\/\/s2.glbimg.com\/Jko5Yd3k_RBwbuhMsvYYH4ZCsKA=\/0x0:1280x960\/984x0\/smart\/filters:strip_icc()\/i.s3.glbimg.com\/v1\/AUTH_59edd422c0c84a879bd37670ae4f538a\/internal_photos\/bs\/2019\/B\/I\/RxbJmTTFAMZZp0SAxt5g\/whatsapp-image-2019-08-24-at-16.24.42.jpeg\" \/><img data-recalc-dims=\"1\" decoding=\"async\" class=\"image content-media__image progressive-loaded\" title=\"Manifestantes fazem ato na orla de Macei\u00f3 \u2014 Foto: Roberta C\u00f3len\/G1\" src=\"https:\/\/i0.wp.com\/s2.glbimg.com\/Jko5Yd3k_RBwbuhMsvYYH4ZCsKA%3D\/0x0%3A1280x960\/984x0\/smart\/filters%3Astrip_icc%28%29\/i.s3.glbimg.com\/v1\/AUTH_59edd422c0c84a879bd37670ae4f538a\/internal_photos\/bs\/2019\/B\/I\/RxbJmTTFAMZZp0SAxt5g\/whatsapp-image-2019-08-24-at-16.24.42.jpeg?w=600&#038;ssl=1\" alt=\"Manifestantes fazem ato na orla de Macei\u00f3 \u2014 Foto: Roberta C\u00f3len\/G1\" data-src=\"https:\/\/s2.glbimg.com\/Jko5Yd3k_RBwbuhMsvYYH4ZCsKA=\/0x0:1280x960\/984x0\/smart\/filters:strip_icc()\/i.s3.glbimg.com\/v1\/AUTH_59edd422c0c84a879bd37670ae4f538a\/internal_photos\/bs\/2019\/B\/I\/RxbJmTTFAMZZp0SAxt5g\/whatsapp-image-2019-08-24-at-16.24.42.jpeg\" \/><\/picture>\n<\/div>\n<p class=\"content-media__description \">Manifestantes fazem ato na orla de Macei\u00f3 \u2014 Foto: Roberta C\u00f3len\/G1<\/p>\n<div class=\"mc-column content-text active-extra-styles\" data-block-type=\"raw\" data-block-weight=\"1\" data-block-id=\"12\">\n<div class=\"content-intertitle\">\n<h2><strong>AMAZONAS<\/strong><\/h2>\n<\/div>\n<\/div>\n<div class=\"mc-column content-text active-extra-styles \" data-block-type=\"unstyled\" data-block-weight=\"38\" data-block-id=\"13\">\n<p class=\"content-text__container \" data-track-category=\"Link no Texto\" data-track-links=\"\">Em Manaus, o <a href=\"https:\/\/g1.globo.com\/am\/amazonas\/noticia\/2019\/08\/24\/manifestantes-em-manaus-protestam-contra-queimadas-na-amazonia.ghtml\">grupo se concentrou em frente ao Instituto de Educa\u00e7\u00e3o do Amazonas (IEA)<\/a>, de onde seguiu para a Avenida Eduardo Ribeiro, no Centro. Os manifestantes gritaram palavras de ordem e cantavam m\u00fasicas de alerta \u00e0 preserva\u00e7\u00e3o.<\/p>\n<\/div>\n<div class=\"row medium-uncollapsed content-media content-photo\" data-block-type=\"backstage-photo\" data-block-id=\"14\">\n<div class=\"mc-column content-media__container\">\n<div class=\"progressive-img can-open-lightbox\" data-min-size=\"1008x671\" data-min-size-url=\"https:\/\/s2.glbimg.com\/V0Cbro8fvzW9Jvt-1mbdkE-0zHY=\/0x0:1280x853\/1008x0\/smart\/filters:strip_icc()\/i.s3.glbimg.com\/v1\/AUTH_59edd422c0c84a879bd37670ae4f538a\/internal_photos\/bs\/2019\/X\/q\/v4nnu5RtyoZbsdP3jkuQ\/protestoamazonia22.jpg\" data-max-size=\"1600x1066\" data-max-size-url=\"https:\/\/s2.glbimg.com\/OT9XkjNsABebEB6rbT3L2XmknwE=\/0x0:1280x853\/1600x0\/smart\/filters:strip_icc()\/i.s3.glbimg.com\/v1\/AUTH_59edd422c0c84a879bd37670ae4f538a\/internal_photos\/bs\/2019\/X\/q\/v4nnu5RtyoZbsdP3jkuQ\/protestoamazonia22.jpg\" data-media-index=\"1\">\n<div class=\"placeholder-container\"><\/div>\n<p><img decoding=\"async\" class=\"progressive-draft\" title=\"S\u00f3 em agosto deste ano, segundo o Instituto Nacional de Pesquisas Espaciais (Inpe), foram registrados mais de 5,3 mil focos de inc\u00eandio no estado. \u2014 Foto: Eliana Nascimento\/G1 AM\" src=\"data:image\/jpeg;base64,\/9j\/4AAQSkZJRgABAQAAAQABAAD\/2wBDAAMCAgMCAgMDAwMEAwMEBQgFBQQEBQoHBwYIDAoMDAsKCwsNDhIQDQ4RDgsLEBYQERMUFRUVDA8XGBYUGBIUFRT\/2wBDAQMEBAUEBQkFBQkUDQsNFBQUFBQUFBQUFBQUFBQUFBQUFBQUFBQUFBQUFBQUFBQUFBQUFBQUFBQUFBQUFBQUFBT\/wgARCAARABkDASIAAhEBAxEB\/8QAGQAAAgMBAAAAAAAAAAAAAAAAAAcEBQYD\/8QAFgEBAQEAAAAAAAAAAAAAAAAAAgED\/9oADAMBAAIQAxAAAAF9ZNMSsUss4\/OINragN48ILP\/EACIQAAAEBAcAAAAAAAAAAAAAAAEDBAUAAgYVEBITFBYxM\/\/aAAgBAQABBQJNU7WqMqeq5Sk6lwU6+6CEjUIy8fzGWKQqLeMN\/oPZuH\/\/xAAaEQACAgMAAAAAAAAAAAAAAAAAAgEQEiEi\/9oACAEDAQE\/AeE2xDZEV\/\/EABkRAAIDAQAAAAAAAAAAAAAAAAECABARQf\/aAAgBAgEBPwEtoyBUna\/\/xAAmEAACAgECAwkAAAAAAAAAAAABAgMRAAQhBRASEzEyQmJxgZHR\/9oACAEBAAY\/ApEi1iM8ZpgLxoOGssup87XXQP3Glmti7bud88GEieONrPvjXquu96KCgcDCe\/T2YrO5PrDnzz\/\/xAAfEAEAAQQBBQAAAAAAAAAAAAABEQAQITHwQVFhofH\/2gAIAQEAAT8hgfKzB32p3i4UNCbjskvG3JlAJ6I17onDORLYwz4KXBzziB418rZ7bv8A\/9oADAMBAAIAAwAAABA84IP\/xAAdEQACAgEFAAAAAAAAAAAAAAABEQAxURAhYaHR\/9oACAEDAQE\/EClrdLPfPsFUHbIlNP\/EABgRAQADAQAAAAAAAAAAAAAAAAEAECEx\/9oACAECAQE\/ED0QGkOq\/8QAIhABAAIBAwMFAAAAAAAAAAAAAREhABAxQVFxsYGhwfDx\/9oACAEBAAE\/EDvQ2h2k2IGySRMM6NLO9yyKgNueDHnQpRQKW9Czs+mfT+Yv\/wBSJk3SILSeeoZDNaHAEJi2ArDZU4FJUkSDaE8oUZQO2kHk\/Ge7eXNr2dP\/2Q==\" alt=\"S\u00f3 em agosto deste ano, segundo o Instituto Nacional de Pesquisas Espaciais (Inpe), foram registrados mais de 5,3 mil focos de inc\u00eandio no estado. \u2014 Foto: Eliana Nascimento\/G1 AM\" \/><picture><source srcset=\"https:\/\/s2.glbimg.com\/-m9Hgxo2i0tlEvPnXKFXnqScegY=\/0x0:1280x853\/600x0\/smart\/filters:strip_icc()\/i.s3.glbimg.com\/v1\/AUTH_59edd422c0c84a879bd37670ae4f538a\/internal_photos\/bs\/2019\/X\/q\/v4nnu5RtyoZbsdP3jkuQ\/protestoamazonia22.jpg 1x, https:\/\/s2.glbimg.com\/EkTOeONl92zq7iE2v_2KP3zZksE=\/0x0:1280x853\/1200x0\/smart\/filters:strip_icc()\/i.s3.glbimg.com\/v1\/AUTH_59edd422c0c84a879bd37670ae4f538a\/internal_photos\/bs\/2019\/X\/q\/v4nnu5RtyoZbsdP3jkuQ\/protestoamazonia22.jpg 2x\" media=\"(max-width: 1024px)\" data-src=\"https:\/\/s2.glbimg.com\/-m9Hgxo2i0tlEvPnXKFXnqScegY=\/0x0:1280x853\/600x0\/smart\/filters:strip_icc()\/i.s3.glbimg.com\/v1\/AUTH_59edd422c0c84a879bd37670ae4f538a\/internal_photos\/bs\/2019\/X\/q\/v4nnu5RtyoZbsdP3jkuQ\/protestoamazonia22.jpg 1x, https:\/\/s2.glbimg.com\/EkTOeONl92zq7iE2v_2KP3zZksE=\/0x0:1280x853\/1200x0\/smart\/filters:strip_icc()\/i.s3.glbimg.com\/v1\/AUTH_59edd422c0c84a879bd37670ae4f538a\/internal_photos\/bs\/2019\/X\/q\/v4nnu5RtyoZbsdP3jkuQ\/protestoamazonia22.jpg 2x\" \/><source srcset=\"https:\/\/s2.glbimg.com\/kwQl8cHXyc696e6CmCZxTnkRyxs=\/0x0:1280x853\/640x0\/smart\/filters:strip_icc()\/i.s3.glbimg.com\/v1\/AUTH_59edd422c0c84a879bd37670ae4f538a\/internal_photos\/bs\/2019\/X\/q\/v4nnu5RtyoZbsdP3jkuQ\/protestoamazonia22.jpg 1x, https:\/\/s2.glbimg.com\/VBvw2Z3HwPhsf1QsNY2PpNV0xK4=\/0x0:1280x853\/1280x0\/smart\/filters:strip_icc()\/i.s3.glbimg.com\/v1\/AUTH_59edd422c0c84a879bd37670ae4f538a\/internal_photos\/bs\/2019\/X\/q\/v4nnu5RtyoZbsdP3jkuQ\/protestoamazonia22.jpg 2x\" media=\"(max-width: 1280px)\" data-src=\"https:\/\/s2.glbimg.com\/kwQl8cHXyc696e6CmCZxTnkRyxs=\/0x0:1280x853\/640x0\/smart\/filters:strip_icc()\/i.s3.glbimg.com\/v1\/AUTH_59edd422c0c84a879bd37670ae4f538a\/internal_photos\/bs\/2019\/X\/q\/v4nnu5RtyoZbsdP3jkuQ\/protestoamazonia22.jpg 1x, https:\/\/s2.glbimg.com\/VBvw2Z3HwPhsf1QsNY2PpNV0xK4=\/0x0:1280x853\/1280x0\/smart\/filters:strip_icc()\/i.s3.glbimg.com\/v1\/AUTH_59edd422c0c84a879bd37670ae4f538a\/internal_photos\/bs\/2019\/X\/q\/v4nnu5RtyoZbsdP3jkuQ\/protestoamazonia22.jpg 2x\" \/><source srcset=\"https:\/\/s2.glbimg.com\/FV4Yvx094OqBKQRoucXKBiXjYPw=\/0x0:1280x853\/984x0\/smart\/filters:strip_icc()\/i.s3.glbimg.com\/v1\/AUTH_59edd422c0c84a879bd37670ae4f538a\/internal_photos\/bs\/2019\/X\/q\/v4nnu5RtyoZbsdP3jkuQ\/protestoamazonia22.jpg 1x, https:\/\/s2.glbimg.com\/PRlHV7PVqAnp6oq3kX3fzrnDfQU=\/0x0:1280x853\/1968x0\/smart\/filters:strip_icc()\/i.s3.glbimg.com\/v1\/AUTH_59edd422c0c84a879bd37670ae4f538a\/internal_photos\/bs\/2019\/X\/q\/v4nnu5RtyoZbsdP3jkuQ\/protestoamazonia22.jpg 2x\" media=\"(max-width: 1360px)\" data-src=\"https:\/\/s2.glbimg.com\/FV4Yvx094OqBKQRoucXKBiXjYPw=\/0x0:1280x853\/984x0\/smart\/filters:strip_icc()\/i.s3.glbimg.com\/v1\/AUTH_59edd422c0c84a879bd37670ae4f538a\/internal_photos\/bs\/2019\/X\/q\/v4nnu5RtyoZbsdP3jkuQ\/protestoamazonia22.jpg 1x, https:\/\/s2.glbimg.com\/PRlHV7PVqAnp6oq3kX3fzrnDfQU=\/0x0:1280x853\/1968x0\/smart\/filters:strip_icc()\/i.s3.glbimg.com\/v1\/AUTH_59edd422c0c84a879bd37670ae4f538a\/internal_photos\/bs\/2019\/X\/q\/v4nnu5RtyoZbsdP3jkuQ\/protestoamazonia22.jpg 2x\" \/><source srcset=\"https:\/\/s2.glbimg.com\/Q_7YbTl0rRXXOVCMrfrjQeXYvL8=\/0x0:1280x853\/1000x0\/smart\/filters:strip_icc()\/i.s3.glbimg.com\/v1\/AUTH_59edd422c0c84a879bd37670ae4f538a\/internal_photos\/bs\/2019\/X\/q\/v4nnu5RtyoZbsdP3jkuQ\/protestoamazonia22.jpg 1x, https:\/\/s2.glbimg.com\/6x99d-HhLb-HLwcvN3i0AkefnNk=\/0x0:1280x853\/2000x0\/smart\/filters:strip_icc()\/i.s3.glbimg.com\/v1\/AUTH_59edd422c0c84a879bd37670ae4f538a\/internal_photos\/bs\/2019\/X\/q\/v4nnu5RtyoZbsdP3jkuQ\/protestoamazonia22.jpg 2x\" media=\"(min-width: 1361px)\" data-src=\"https:\/\/s2.glbimg.com\/Q_7YbTl0rRXXOVCMrfrjQeXYvL8=\/0x0:1280x853\/1000x0\/smart\/filters:strip_icc()\/i.s3.glbimg.com\/v1\/AUTH_59edd422c0c84a879bd37670ae4f538a\/internal_photos\/bs\/2019\/X\/q\/v4nnu5RtyoZbsdP3jkuQ\/protestoamazonia22.jpg 1x, https:\/\/s2.glbimg.com\/6x99d-HhLb-HLwcvN3i0AkefnNk=\/0x0:1280x853\/2000x0\/smart\/filters:strip_icc()\/i.s3.glbimg.com\/v1\/AUTH_59edd422c0c84a879bd37670ae4f538a\/internal_photos\/bs\/2019\/X\/q\/v4nnu5RtyoZbsdP3jkuQ\/protestoamazonia22.jpg 2x\" \/><source srcset=\"https:\/\/s2.glbimg.com\/FV4Yvx094OqBKQRoucXKBiXjYPw=\/0x0:1280x853\/984x0\/smart\/filters:strip_icc()\/i.s3.glbimg.com\/v1\/AUTH_59edd422c0c84a879bd37670ae4f538a\/internal_photos\/bs\/2019\/X\/q\/v4nnu5RtyoZbsdP3jkuQ\/protestoamazonia22.jpg\" data-src=\"https:\/\/s2.glbimg.com\/FV4Yvx094OqBKQRoucXKBiXjYPw=\/0x0:1280x853\/984x0\/smart\/filters:strip_icc()\/i.s3.glbimg.com\/v1\/AUTH_59edd422c0c84a879bd37670ae4f538a\/internal_photos\/bs\/2019\/X\/q\/v4nnu5RtyoZbsdP3jkuQ\/protestoamazonia22.jpg\" \/><img data-recalc-dims=\"1\" decoding=\"async\" class=\"image content-media__image progressive-loaded\" title=\"S\u00f3 em agosto deste ano, segundo o Instituto Nacional de Pesquisas Espaciais (Inpe), foram registrados mais de 5,3 mil focos de inc\u00eandio no estado. \u2014 Foto: Eliana Nascimento\/G1 AM\" src=\"https:\/\/i0.wp.com\/s2.glbimg.com\/FV4Yvx094OqBKQRoucXKBiXjYPw%3D\/0x0%3A1280x853\/984x0\/smart\/filters%3Astrip_icc%28%29\/i.s3.glbimg.com\/v1\/AUTH_59edd422c0c84a879bd37670ae4f538a\/internal_photos\/bs\/2019\/X\/q\/v4nnu5RtyoZbsdP3jkuQ\/protestoamazonia22.jpg?w=600&#038;ssl=1\" alt=\"S\u00f3 em agosto deste ano, segundo o Instituto Nacional de Pesquisas Espaciais (Inpe), foram registrados mais de 5,3 mil focos de inc\u00eandio no estado. \u2014 Foto: Eliana Nascimento\/G1 AM\" data-src=\"https:\/\/s2.glbimg.com\/FV4Yvx094OqBKQRoucXKBiXjYPw=\/0x0:1280x853\/984x0\/smart\/filters:strip_icc()\/i.s3.glbimg.com\/v1\/AUTH_59edd422c0c84a879bd37670ae4f538a\/internal_photos\/bs\/2019\/X\/q\/v4nnu5RtyoZbsdP3jkuQ\/protestoamazonia22.jpg\" \/><\/picture>\n<\/div>\n<p class=\"content-media__description \">S\u00f3 em agosto deste ano, segundo o Instituto Nacional de Pesquisas Espaciais (Inpe), foram registrados mais de 5,3 mil focos de inc\u00eandio no estado. \u2014 Foto: Eliana Nascimento\/G1 AM<\/p>\n<\/div>\n<\/div>\n<div class=\"mc-column content-text active-extra-styles\" data-block-type=\"raw\" data-block-weight=\"1\" data-block-id=\"15\">\n<div class=\"content-intertitle\">\n<h2>CEAR\u00c1<\/h2>\n<\/div>\n<\/div>\n<div class=\"mc-column content-text active-extra-styles \" data-block-type=\"unstyled\" data-block-weight=\"30\" data-block-id=\"16\">\n<p class=\"content-text__container \" data-track-category=\"Link no Texto\" data-track-links=\"\">Em Fortaleza, <a href=\"https:\/\/g1.globo.com\/ce\/ceara\/noticia\/2019\/08\/24\/manifestantes-fazem-em-favor-da-amazonia-e-contra-governo-federal-em-fortaleza.ghtml\">manifestantes se reuniram na Pra\u00e7a Portugal,<\/a> no Bairro Aldeota. O ato contou com a participa\u00e7\u00e3o de membros de movimentos sociais, universit\u00e1rios, pol\u00edticos, artistas locais e sociedade civil.<\/p>\n<\/div>\n<div class=\"row medium-uncollapsed content-media content-photo\" data-block-type=\"backstage-photo\" data-block-id=\"17\">\n<div class=\"mc-column content-media__container\">\n<div class=\"progressive-img can-open-lightbox\" data-min-size=\"1008x756\" data-min-size-url=\"https:\/\/s2.glbimg.com\/DulCsFcD91M485_KT9sN8BkO5Ko=\/0x0:1280x960\/1008x0\/smart\/filters:strip_icc()\/i.s3.glbimg.com\/v1\/AUTH_59edd422c0c84a879bd37670ae4f538a\/internal_photos\/bs\/2019\/U\/X\/vCdkgWShO0wCQe5BJ7xw\/whatsapp-image-2019-08-24-at-16.53.03ed.jpg\" data-max-size=\"1600x1200\" data-max-size-url=\"https:\/\/s2.glbimg.com\/Hltj4EqI_ZdcvdCOCkZP-lIQuQE=\/0x0:1280x960\/1600x0\/smart\/filters:strip_icc()\/i.s3.glbimg.com\/v1\/AUTH_59edd422c0c84a879bd37670ae4f538a\/internal_photos\/bs\/2019\/U\/X\/vCdkgWShO0wCQe5BJ7xw\/whatsapp-image-2019-08-24-at-16.53.03ed.jpg\" data-media-index=\"2\">\n<div class=\"placeholder-container\"><\/div>\n<p><img decoding=\"async\" class=\"progressive-draft\" title=\"Manifestantes se re\u00fanem na Pra\u00e7a Portugal em protesto a favor da Amaz\u00f4nia. \u2014 Foto: Wolney Batista\/ Sistema Verdes Mares\" src=\"data:image\/jpeg;base64,\/9j\/4AAQSkZJRgABAQAAAQABAAD\/2wBDAAMCAgMCAgMDAwMEAwMEBQgFBQQEBQoHBwYIDAoMDAsKCwsNDhIQDQ4RDgsLEBYQERMUFRUVDA8XGBYUGBIUFRT\/2wBDAQMEBAUEBQkFBQkUDQsNFBQUFBQUFBQUFBQUFBQUFBQUFBQUFBQUFBQUFBQUFBQUFBQUFBQUFBQUFBQUFBQUFBT\/wgARCAATABkDASIAAhEBAxEB\/8QAGQAAAwEBAQAAAAAAAAAAAAAAAAUHBAMG\/8QAFwEBAQEBAAAAAAAAAAAAAAAAAwIAAf\/aAAwDAQACEAMQAAABp6KC5uapT\/z7RiZrQlcPACv\/xAAeEAACAgICAwAAAAAAAAAAAAACBAEDAAUGExQVI\/\/aAAgBAQABBQJTkCGzDb7FekD3KBVfLIZ8Y72IvmsV4P2KGPANbV8ROdY151Bn\/8QAGREAAgMBAAAAAAAAAAAAAAAAAAECAxMx\/9oACAEDAQE\/AXUjAfSJ\/8QAGREAAwEBAQAAAAAAAAAAAAAAAAECQQME\/9oACAECAQE\/AZ62x+itFoz\/xAAoEAACAQMCAgsAAAAAAAAAAAABAgADERIiMQQTITIzNEFhcZGSo+H\/2gAIAQEABj8CLBuRqxArWF46JWVaoJXVMG4pXrHosonbU\/lM0bDzMYu7VPFgX3mXKyonSRfb0ndvs\/JRVQAs2HtNItOqJ\/\/EAB8QAQACAgICAwAAAAAAAAAAAAEAESExQWFRgeHw8f\/aAAgBAQABPyF\/5o4jfFMYREcArkXDxBBpbVvdLRRK+NiJZKehvGIF+1CrO+\/Uuh56u9lwlbn3CETpBA3Fyzb2AggbNViflz\/\/2gAMAwEAAgADAAAAEIuAv\/\/EABcRAQEBAQAAAAAAAAAAAAAAAAEAEUH\/2gAIAQMBAT8QI2OMnDJC\/8QAGREBAQEAAwAAAAAAAAAAAAAAAQAhETHw\/9oACAECAQE\/EBOA2zg2Bj3URb\/\/xAAhEAEBAAICAAcBAAAAAAAAAAABEQAhMUFRYXGBkcHw8f\/aAAgBAQABPxADKKI2iyo6TpTe82DmBujtGsF2NmsoZ\/gSjQCRWkjxn6f7xcZaAzkKk6Nd4T21QTox0U0Dx9BdnqQJXkKglNJN55zEIVRxFOXl98UBDik57AwA1NtNLU+c\/jc\/\/9k=\" alt=\"Manifestantes se re\u00fanem na Pra\u00e7a Portugal em protesto a favor da Amaz\u00f4nia. \u2014 Foto: Wolney Batista\/ Sistema Verdes Mares\" \/><picture><source srcset=\"https:\/\/s2.glbimg.com\/_qU0CmRlFAWufs14NrX7zTLYyGM=\/0x0:1280x960\/600x0\/smart\/filters:strip_icc()\/i.s3.glbimg.com\/v1\/AUTH_59edd422c0c84a879bd37670ae4f538a\/internal_photos\/bs\/2019\/U\/X\/vCdkgWShO0wCQe5BJ7xw\/whatsapp-image-2019-08-24-at-16.53.03ed.jpg 1x, https:\/\/s2.glbimg.com\/ugtwi8dmkV35KIAeqnz75ulFYAc=\/0x0:1280x960\/1200x0\/smart\/filters:strip_icc()\/i.s3.glbimg.com\/v1\/AUTH_59edd422c0c84a879bd37670ae4f538a\/internal_photos\/bs\/2019\/U\/X\/vCdkgWShO0wCQe5BJ7xw\/whatsapp-image-2019-08-24-at-16.53.03ed.jpg 2x\" media=\"(max-width: 1024px)\" data-src=\"https:\/\/s2.glbimg.com\/_qU0CmRlFAWufs14NrX7zTLYyGM=\/0x0:1280x960\/600x0\/smart\/filters:strip_icc()\/i.s3.glbimg.com\/v1\/AUTH_59edd422c0c84a879bd37670ae4f538a\/internal_photos\/bs\/2019\/U\/X\/vCdkgWShO0wCQe5BJ7xw\/whatsapp-image-2019-08-24-at-16.53.03ed.jpg 1x, https:\/\/s2.glbimg.com\/ugtwi8dmkV35KIAeqnz75ulFYAc=\/0x0:1280x960\/1200x0\/smart\/filters:strip_icc()\/i.s3.glbimg.com\/v1\/AUTH_59edd422c0c84a879bd37670ae4f538a\/internal_photos\/bs\/2019\/U\/X\/vCdkgWShO0wCQe5BJ7xw\/whatsapp-image-2019-08-24-at-16.53.03ed.jpg 2x\" \/><source srcset=\"https:\/\/s2.glbimg.com\/rm7szXCig6eFi6df-i1dxBnTFCM=\/0x0:1280x960\/640x0\/smart\/filters:strip_icc()\/i.s3.glbimg.com\/v1\/AUTH_59edd422c0c84a879bd37670ae4f538a\/internal_photos\/bs\/2019\/U\/X\/vCdkgWShO0wCQe5BJ7xw\/whatsapp-image-2019-08-24-at-16.53.03ed.jpg 1x, https:\/\/s2.glbimg.com\/B3U9C1BBgnAtlXN6e-Ug0B2iXII=\/0x0:1280x960\/1280x0\/smart\/filters:strip_icc()\/i.s3.glbimg.com\/v1\/AUTH_59edd422c0c84a879bd37670ae4f538a\/internal_photos\/bs\/2019\/U\/X\/vCdkgWShO0wCQe5BJ7xw\/whatsapp-image-2019-08-24-at-16.53.03ed.jpg 2x\" media=\"(max-width: 1280px)\" data-src=\"https:\/\/s2.glbimg.com\/rm7szXCig6eFi6df-i1dxBnTFCM=\/0x0:1280x960\/640x0\/smart\/filters:strip_icc()\/i.s3.glbimg.com\/v1\/AUTH_59edd422c0c84a879bd37670ae4f538a\/internal_photos\/bs\/2019\/U\/X\/vCdkgWShO0wCQe5BJ7xw\/whatsapp-image-2019-08-24-at-16.53.03ed.jpg 1x, https:\/\/s2.glbimg.com\/B3U9C1BBgnAtlXN6e-Ug0B2iXII=\/0x0:1280x960\/1280x0\/smart\/filters:strip_icc()\/i.s3.glbimg.com\/v1\/AUTH_59edd422c0c84a879bd37670ae4f538a\/internal_photos\/bs\/2019\/U\/X\/vCdkgWShO0wCQe5BJ7xw\/whatsapp-image-2019-08-24-at-16.53.03ed.jpg 2x\" \/><source srcset=\"https:\/\/s2.glbimg.com\/9IGdT7nBm-d8S1hzLH2Pw3LNMy0=\/0x0:1280x960\/984x0\/smart\/filters:strip_icc()\/i.s3.glbimg.com\/v1\/AUTH_59edd422c0c84a879bd37670ae4f538a\/internal_photos\/bs\/2019\/U\/X\/vCdkgWShO0wCQe5BJ7xw\/whatsapp-image-2019-08-24-at-16.53.03ed.jpg 1x, https:\/\/s2.glbimg.com\/KE7d08MoWMQyuvGrlzNG1SWIQY4=\/0x0:1280x960\/1968x0\/smart\/filters:strip_icc()\/i.s3.glbimg.com\/v1\/AUTH_59edd422c0c84a879bd37670ae4f538a\/internal_photos\/bs\/2019\/U\/X\/vCdkgWShO0wCQe5BJ7xw\/whatsapp-image-2019-08-24-at-16.53.03ed.jpg 2x\" media=\"(max-width: 1360px)\" data-src=\"https:\/\/s2.glbimg.com\/9IGdT7nBm-d8S1hzLH2Pw3LNMy0=\/0x0:1280x960\/984x0\/smart\/filters:strip_icc()\/i.s3.glbimg.com\/v1\/AUTH_59edd422c0c84a879bd37670ae4f538a\/internal_photos\/bs\/2019\/U\/X\/vCdkgWShO0wCQe5BJ7xw\/whatsapp-image-2019-08-24-at-16.53.03ed.jpg 1x, https:\/\/s2.glbimg.com\/KE7d08MoWMQyuvGrlzNG1SWIQY4=\/0x0:1280x960\/1968x0\/smart\/filters:strip_icc()\/i.s3.glbimg.com\/v1\/AUTH_59edd422c0c84a879bd37670ae4f538a\/internal_photos\/bs\/2019\/U\/X\/vCdkgWShO0wCQe5BJ7xw\/whatsapp-image-2019-08-24-at-16.53.03ed.jpg 2x\" \/><source srcset=\"https:\/\/s2.glbimg.com\/r43eDVDfqlPY7ntVUEtDau0UTD8=\/0x0:1280x960\/1000x0\/smart\/filters:strip_icc()\/i.s3.glbimg.com\/v1\/AUTH_59edd422c0c84a879bd37670ae4f538a\/internal_photos\/bs\/2019\/U\/X\/vCdkgWShO0wCQe5BJ7xw\/whatsapp-image-2019-08-24-at-16.53.03ed.jpg 1x, https:\/\/s2.glbimg.com\/QzgBBv15hOjGNOMqQEgkdC097cs=\/0x0:1280x960\/2000x0\/smart\/filters:strip_icc()\/i.s3.glbimg.com\/v1\/AUTH_59edd422c0c84a879bd37670ae4f538a\/internal_photos\/bs\/2019\/U\/X\/vCdkgWShO0wCQe5BJ7xw\/whatsapp-image-2019-08-24-at-16.53.03ed.jpg 2x\" media=\"(min-width: 1361px)\" data-src=\"https:\/\/s2.glbimg.com\/r43eDVDfqlPY7ntVUEtDau0UTD8=\/0x0:1280x960\/1000x0\/smart\/filters:strip_icc()\/i.s3.glbimg.com\/v1\/AUTH_59edd422c0c84a879bd37670ae4f538a\/internal_photos\/bs\/2019\/U\/X\/vCdkgWShO0wCQe5BJ7xw\/whatsapp-image-2019-08-24-at-16.53.03ed.jpg 1x, https:\/\/s2.glbimg.com\/QzgBBv15hOjGNOMqQEgkdC097cs=\/0x0:1280x960\/2000x0\/smart\/filters:strip_icc()\/i.s3.glbimg.com\/v1\/AUTH_59edd422c0c84a879bd37670ae4f538a\/internal_photos\/bs\/2019\/U\/X\/vCdkgWShO0wCQe5BJ7xw\/whatsapp-image-2019-08-24-at-16.53.03ed.jpg 2x\" \/><source srcset=\"https:\/\/s2.glbimg.com\/9IGdT7nBm-d8S1hzLH2Pw3LNMy0=\/0x0:1280x960\/984x0\/smart\/filters:strip_icc()\/i.s3.glbimg.com\/v1\/AUTH_59edd422c0c84a879bd37670ae4f538a\/internal_photos\/bs\/2019\/U\/X\/vCdkgWShO0wCQe5BJ7xw\/whatsapp-image-2019-08-24-at-16.53.03ed.jpg\" data-src=\"https:\/\/s2.glbimg.com\/9IGdT7nBm-d8S1hzLH2Pw3LNMy0=\/0x0:1280x960\/984x0\/smart\/filters:strip_icc()\/i.s3.glbimg.com\/v1\/AUTH_59edd422c0c84a879bd37670ae4f538a\/internal_photos\/bs\/2019\/U\/X\/vCdkgWShO0wCQe5BJ7xw\/whatsapp-image-2019-08-24-at-16.53.03ed.jpg\" \/><img data-recalc-dims=\"1\" decoding=\"async\" class=\"image content-media__image progressive-loaded\" title=\"Manifestantes se re\u00fanem na Pra\u00e7a Portugal em protesto a favor da Amaz\u00f4nia. \u2014 Foto: Wolney Batista\/ Sistema Verdes Mares\" src=\"https:\/\/i0.wp.com\/s2.glbimg.com\/9IGdT7nBm-d8S1hzLH2Pw3LNMy0%3D\/0x0%3A1280x960\/984x0\/smart\/filters%3Astrip_icc%28%29\/i.s3.glbimg.com\/v1\/AUTH_59edd422c0c84a879bd37670ae4f538a\/internal_photos\/bs\/2019\/U\/X\/vCdkgWShO0wCQe5BJ7xw\/whatsapp-image-2019-08-24-at-16.53.03ed.jpg?w=600&#038;ssl=1\" alt=\"Manifestantes se re\u00fanem na Pra\u00e7a Portugal em protesto a favor da Amaz\u00f4nia. \u2014 Foto: Wolney Batista\/ Sistema Verdes Mares\" data-src=\"https:\/\/s2.glbimg.com\/9IGdT7nBm-d8S1hzLH2Pw3LNMy0=\/0x0:1280x960\/984x0\/smart\/filters:strip_icc()\/i.s3.glbimg.com\/v1\/AUTH_59edd422c0c84a879bd37670ae4f538a\/internal_photos\/bs\/2019\/U\/X\/vCdkgWShO0wCQe5BJ7xw\/whatsapp-image-2019-08-24-at-16.53.03ed.jpg\" \/><\/picture>\n<\/div>\n<p class=\"content-media__description \">Manifestantes se re\u00fanem na Pra\u00e7a Portugal em protesto a favor da Amaz\u00f4nia. \u2014 Foto: Wolney Batista\/ Sistema Verdes Mares<\/p>\n<\/div>\n<\/div>\n<div class=\"mc-column content-text active-extra-styles\" data-block-type=\"raw\" data-block-weight=\"1\" data-block-id=\"18\">\n<div class=\"content-intertitle\">\n<h2>GOI\u00c1S<\/h2>\n<\/div>\n<\/div>\n<div class=\"mc-column content-text active-extra-styles \" data-block-type=\"unstyled\" data-block-weight=\"40\" data-block-id=\"19\">\n<p class=\"content-text__container \" data-track-category=\"Link no Texto\" data-track-links=\"\"><a href=\"https:\/\/g1.globo.com\/go\/goias\/noticia\/2019\/08\/24\/grupo-faz-manifestacao-em-goiania-pela-preservacao-da-amazonia.ghtml\">Estudantes, professores, ambientalistas se reuniram no Parque Vaca Brava, em Goi\u00e2nia<\/a>. Eles seguraram cartazes contra as queimadas e deram um abra\u00e7o em volta do lago como ato simb\u00f3lico em defesa da natureza. Os manifestantes tamb\u00e9m doaram 200 mudas de \u00e1rvores.<\/p>\n<p class=\"content-text__container \" data-track-category=\"Link no Texto\" data-track-links=\"\">\n<\/div>\n<div class=\"mc-column\" data-block-type=\"ads\" data-block-id=\"20\">\n<div class=\"mc-column content-text active-extra-styles\" data-block-type=\"raw\" data-block-weight=\"2\" data-block-id=\"22\">\n<div class=\"content-intertitle\">\n<h2>MATO GROSSO<\/h2>\n<\/div>\n<\/div>\n<div class=\"mc-column content-text active-extra-styles \" data-block-type=\"unstyled\" data-block-weight=\"19\" data-block-id=\"23\">\n<p class=\"content-text__container \" data-track-category=\"Link no Texto\" data-track-links=\"\">Em Cuiab\u00e1, os <a href=\"https:\/\/g1.globo.com\/mt\/mato-grosso\/noticia\/2019\/08\/24\/cuiaba-registra-ato-em-defesa-da-amazonia.ghtml\">participantes se reuniram no coreto da Pra\u00e7a Alencastro<\/a>, na frente da prefeitura. Houve discursos e debates.<\/p>\n<\/div>\n<div class=\"row medium-uncollapsed content-media content-photo\" data-block-type=\"backstage-photo\" data-block-id=\"24\">\n<div class=\"mc-column content-media__container\">\n<div class=\"progressive-img can-open-lightbox\" data-min-size=\"1008x756\" data-min-size-url=\"https:\/\/s2.glbimg.com\/wVkp42D1STVVVuZ5XALYL7eM7MA=\/0x0:1024x768\/1008x0\/smart\/filters:strip_icc()\/i.s3.glbimg.com\/v1\/AUTH_59edd422c0c84a879bd37670ae4f538a\/internal_photos\/bs\/2019\/9\/x\/0SlACDS5ecs4Uh8Qeg1g\/whatsapp-image-2019-08-24-at-17.10.44.jpeg\" data-max-size=\"1600x1200\" data-max-size-url=\"https:\/\/s2.glbimg.com\/LaoRkRr_LF5Fvww9bZzeSfXyRII=\/0x0:1024x768\/1600x0\/smart\/filters:strip_icc()\/i.s3.glbimg.com\/v1\/AUTH_59edd422c0c84a879bd37670ae4f538a\/internal_photos\/bs\/2019\/9\/x\/0SlACDS5ecs4Uh8Qeg1g\/whatsapp-image-2019-08-24-at-17.10.44.jpeg\" data-media-index=\"4\">\n<div class=\"placeholder-container\"><\/div>\n<picture><source srcset=\"https:\/\/s2.glbimg.com\/TZWPQUnOV87emv-gRf0r2p_31G0=\/0x0:1024x768\/600x0\/smart\/filters:strip_icc()\/i.s3.glbimg.com\/v1\/AUTH_59edd422c0c84a879bd37670ae4f538a\/internal_photos\/bs\/2019\/9\/x\/0SlACDS5ecs4Uh8Qeg1g\/whatsapp-image-2019-08-24-at-17.10.44.jpeg 1x, https:\/\/s2.glbimg.com\/GObMdufLcz_bH1PZC9skRgY4f-I=\/0x0:1024x768\/1200x0\/smart\/filters:strip_icc()\/i.s3.glbimg.com\/v1\/AUTH_59edd422c0c84a879bd37670ae4f538a\/internal_photos\/bs\/2019\/9\/x\/0SlACDS5ecs4Uh8Qeg1g\/whatsapp-image-2019-08-24-at-17.10.44.jpeg 2x\" media=\"(max-width: 1024px)\" data-src=\"https:\/\/s2.glbimg.com\/TZWPQUnOV87emv-gRf0r2p_31G0=\/0x0:1024x768\/600x0\/smart\/filters:strip_icc()\/i.s3.glbimg.com\/v1\/AUTH_59edd422c0c84a879bd37670ae4f538a\/internal_photos\/bs\/2019\/9\/x\/0SlACDS5ecs4Uh8Qeg1g\/whatsapp-image-2019-08-24-at-17.10.44.jpeg 1x, https:\/\/s2.glbimg.com\/GObMdufLcz_bH1PZC9skRgY4f-I=\/0x0:1024x768\/1200x0\/smart\/filters:strip_icc()\/i.s3.glbimg.com\/v1\/AUTH_59edd422c0c84a879bd37670ae4f538a\/internal_photos\/bs\/2019\/9\/x\/0SlACDS5ecs4Uh8Qeg1g\/whatsapp-image-2019-08-24-at-17.10.44.jpeg 2x\" \/><source srcset=\"https:\/\/s2.glbimg.com\/etX92lcEpsbz85lAy0wwSJSHfIk=\/0x0:1024x768\/640x0\/smart\/filters:strip_icc()\/i.s3.glbimg.com\/v1\/AUTH_59edd422c0c84a879bd37670ae4f538a\/internal_photos\/bs\/2019\/9\/x\/0SlACDS5ecs4Uh8Qeg1g\/whatsapp-image-2019-08-24-at-17.10.44.jpeg 1x, https:\/\/s2.glbimg.com\/IAj9Su3crPjanulbrEKzvnp-YWY=\/0x0:1024x768\/1280x0\/smart\/filters:strip_icc()\/i.s3.glbimg.com\/v1\/AUTH_59edd422c0c84a879bd37670ae4f538a\/internal_photos\/bs\/2019\/9\/x\/0SlACDS5ecs4Uh8Qeg1g\/whatsapp-image-2019-08-24-at-17.10.44.jpeg 2x\" media=\"(max-width: 1280px)\" data-src=\"https:\/\/s2.glbimg.com\/etX92lcEpsbz85lAy0wwSJSHfIk=\/0x0:1024x768\/640x0\/smart\/filters:strip_icc()\/i.s3.glbimg.com\/v1\/AUTH_59edd422c0c84a879bd37670ae4f538a\/internal_photos\/bs\/2019\/9\/x\/0SlACDS5ecs4Uh8Qeg1g\/whatsapp-image-2019-08-24-at-17.10.44.jpeg 1x, https:\/\/s2.glbimg.com\/IAj9Su3crPjanulbrEKzvnp-YWY=\/0x0:1024x768\/1280x0\/smart\/filters:strip_icc()\/i.s3.glbimg.com\/v1\/AUTH_59edd422c0c84a879bd37670ae4f538a\/internal_photos\/bs\/2019\/9\/x\/0SlACDS5ecs4Uh8Qeg1g\/whatsapp-image-2019-08-24-at-17.10.44.jpeg 2x\" \/><source srcset=\"https:\/\/s2.glbimg.com\/Y5WUtdb4jPZC_evr8Lyd_lTQ-dk=\/0x0:1024x768\/984x0\/smart\/filters:strip_icc()\/i.s3.glbimg.com\/v1\/AUTH_59edd422c0c84a879bd37670ae4f538a\/internal_photos\/bs\/2019\/9\/x\/0SlACDS5ecs4Uh8Qeg1g\/whatsapp-image-2019-08-24-at-17.10.44.jpeg 1x, https:\/\/s2.glbimg.com\/rK8g51v1cLkTWmD2sTpwtpdbqhQ=\/0x0:1024x768\/1968x0\/smart\/filters:strip_icc()\/i.s3.glbimg.com\/v1\/AUTH_59edd422c0c84a879bd37670ae4f538a\/internal_photos\/bs\/2019\/9\/x\/0SlACDS5ecs4Uh8Qeg1g\/whatsapp-image-2019-08-24-at-17.10.44.jpeg 2x\" media=\"(max-width: 1360px)\" data-src=\"https:\/\/s2.glbimg.com\/Y5WUtdb4jPZC_evr8Lyd_lTQ-dk=\/0x0:1024x768\/984x0\/smart\/filters:strip_icc()\/i.s3.glbimg.com\/v1\/AUTH_59edd422c0c84a879bd37670ae4f538a\/internal_photos\/bs\/2019\/9\/x\/0SlACDS5ecs4Uh8Qeg1g\/whatsapp-image-2019-08-24-at-17.10.44.jpeg 1x, https:\/\/s2.glbimg.com\/rK8g51v1cLkTWmD2sTpwtpdbqhQ=\/0x0:1024x768\/1968x0\/smart\/filters:strip_icc()\/i.s3.glbimg.com\/v1\/AUTH_59edd422c0c84a879bd37670ae4f538a\/internal_photos\/bs\/2019\/9\/x\/0SlACDS5ecs4Uh8Qeg1g\/whatsapp-image-2019-08-24-at-17.10.44.jpeg 2x\" \/><source srcset=\"https:\/\/s2.glbimg.com\/3BL-D5qxguoEkuAn4QLC9CqIViA=\/0x0:1024x768\/1000x0\/smart\/filters:strip_icc()\/i.s3.glbimg.com\/v1\/AUTH_59edd422c0c84a879bd37670ae4f538a\/internal_photos\/bs\/2019\/9\/x\/0SlACDS5ecs4Uh8Qeg1g\/whatsapp-image-2019-08-24-at-17.10.44.jpeg 1x, https:\/\/s2.glbimg.com\/URP2LrSCAW_3vtqMomsLoxeQrpc=\/0x0:1024x768\/2000x0\/smart\/filters:strip_icc()\/i.s3.glbimg.com\/v1\/AUTH_59edd422c0c84a879bd37670ae4f538a\/internal_photos\/bs\/2019\/9\/x\/0SlACDS5ecs4Uh8Qeg1g\/whatsapp-image-2019-08-24-at-17.10.44.jpeg 2x\" media=\"(min-width: 1361px)\" data-src=\"https:\/\/s2.glbimg.com\/3BL-D5qxguoEkuAn4QLC9CqIViA=\/0x0:1024x768\/1000x0\/smart\/filters:strip_icc()\/i.s3.glbimg.com\/v1\/AUTH_59edd422c0c84a879bd37670ae4f538a\/internal_photos\/bs\/2019\/9\/x\/0SlACDS5ecs4Uh8Qeg1g\/whatsapp-image-2019-08-24-at-17.10.44.jpeg 1x, https:\/\/s2.glbimg.com\/URP2LrSCAW_3vtqMomsLoxeQrpc=\/0x0:1024x768\/2000x0\/smart\/filters:strip_icc()\/i.s3.glbimg.com\/v1\/AUTH_59edd422c0c84a879bd37670ae4f538a\/internal_photos\/bs\/2019\/9\/x\/0SlACDS5ecs4Uh8Qeg1g\/whatsapp-image-2019-08-24-at-17.10.44.jpeg 2x\" \/><source srcset=\"https:\/\/s2.glbimg.com\/Y5WUtdb4jPZC_evr8Lyd_lTQ-dk=\/0x0:1024x768\/984x0\/smart\/filters:strip_icc()\/i.s3.glbimg.com\/v1\/AUTH_59edd422c0c84a879bd37670ae4f538a\/internal_photos\/bs\/2019\/9\/x\/0SlACDS5ecs4Uh8Qeg1g\/whatsapp-image-2019-08-24-at-17.10.44.jpeg\" data-src=\"https:\/\/s2.glbimg.com\/Y5WUtdb4jPZC_evr8Lyd_lTQ-dk=\/0x0:1024x768\/984x0\/smart\/filters:strip_icc()\/i.s3.glbimg.com\/v1\/AUTH_59edd422c0c84a879bd37670ae4f538a\/internal_photos\/bs\/2019\/9\/x\/0SlACDS5ecs4Uh8Qeg1g\/whatsapp-image-2019-08-24-at-17.10.44.jpeg\" \/><img data-recalc-dims=\"1\" decoding=\"async\" class=\"image content-media__image progressive-loaded\" title=\"Cuiab\u00e1 registra ato em defesa da Amaz\u00f4nia \u2014 Foto: Eunice Ramos\/TV Centro Am\u00e9rica\" src=\"https:\/\/i0.wp.com\/s2.glbimg.com\/Y5WUtdb4jPZC_evr8Lyd_lTQ-dk%3D\/0x0%3A1024x768\/984x0\/smart\/filters%3Astrip_icc%28%29\/i.s3.glbimg.com\/v1\/AUTH_59edd422c0c84a879bd37670ae4f538a\/internal_photos\/bs\/2019\/9\/x\/0SlACDS5ecs4Uh8Qeg1g\/whatsapp-image-2019-08-24-at-17.10.44.jpeg?w=600&#038;ssl=1\" alt=\"Cuiab\u00e1 registra ato em defesa da Amaz\u00f4nia \u2014 Foto: Eunice Ramos\/TV Centro Am\u00e9rica\" data-src=\"https:\/\/s2.glbimg.com\/Y5WUtdb4jPZC_evr8Lyd_lTQ-dk=\/0x0:1024x768\/984x0\/smart\/filters:strip_icc()\/i.s3.glbimg.com\/v1\/AUTH_59edd422c0c84a879bd37670ae4f538a\/internal_photos\/bs\/2019\/9\/x\/0SlACDS5ecs4Uh8Qeg1g\/whatsapp-image-2019-08-24-at-17.10.44.jpeg\" \/><\/picture>\n<\/div>\n<p class=\"content-media__description \">Cuiab\u00e1 registra ato em defesa da Amaz\u00f4nia \u2014 Foto: Eunice Ramos\/TV Centro Am\u00e9rica<\/p>\n<\/div>\n<\/div>\n<div class=\"mc-column content-text active-extra-styles\" data-block-type=\"raw\" data-block-weight=\"2\" data-block-id=\"25\">\n<div class=\"content-intertitle\">\n<h2>MINAS GERAIS<\/h2>\n<\/div>\n<\/div>\n<div class=\"mc-column content-text active-extra-styles \" data-block-type=\"unstyled\" data-block-weight=\"20\" data-block-id=\"26\">\n<p class=\"content-text__container \" data-track-category=\"Link no Texto\" data-track-links=\"\">Em Belo Horizonte, <a href=\"https:\/\/g1.globo.com\/mg\/minas-gerais\/noticia\/2019\/08\/24\/grupo-se-manifesta-em-defesa-da-amazonia-em-belo-horizonte.ghtml\">manifestantes se reuniram na Pra\u00e7a da Liberdade<\/a>. Eles carregaram faixas e cartazes em defesa da Amaz\u00f4nia.<\/p>\n<\/div>\n<div class=\"row medium-uncollapsed content-media content-photo\" data-block-type=\"backstage-photo\" data-block-id=\"27\">\n<div class=\"mc-column content-media__container\">\n<div class=\"progressive-img can-open-lightbox\" data-min-size=\"1008x756\" data-min-size-url=\"https:\/\/s2.glbimg.com\/0QJsUEXrLshn3mmYr7RAsnj1BMs=\/0x0:1280x960\/1008x0\/smart\/filters:strip_icc()\/i.s3.glbimg.com\/v1\/AUTH_59edd422c0c84a879bd37670ae4f538a\/internal_photos\/bs\/2019\/V\/g\/MpAhMaThOiWUgzksYdwA\/whatsapp-image-2019-08-24-at-14.13.05.jpeg\" data-max-size=\"1600x1200\" data-max-size-url=\"https:\/\/s2.glbimg.com\/cWuihhFU_W3TDA82zxUl3nsu1ns=\/0x0:1280x960\/1600x0\/smart\/filters:strip_icc()\/i.s3.glbimg.com\/v1\/AUTH_59edd422c0c84a879bd37670ae4f538a\/internal_photos\/bs\/2019\/V\/g\/MpAhMaThOiWUgzksYdwA\/whatsapp-image-2019-08-24-at-14.13.05.jpeg\" data-media-index=\"5\">\n<div class=\"placeholder-container\"><\/div>\n<picture><source srcset=\"https:\/\/s2.glbimg.com\/qMD5gQu9sEpc80hrr6orOLDGSOU=\/0x0:1280x960\/600x0\/smart\/filters:strip_icc()\/i.s3.glbimg.com\/v1\/AUTH_59edd422c0c84a879bd37670ae4f538a\/internal_photos\/bs\/2019\/V\/g\/MpAhMaThOiWUgzksYdwA\/whatsapp-image-2019-08-24-at-14.13.05.jpeg 1x, https:\/\/s2.glbimg.com\/ua0q-3kCZQBgFc5Pgd0Ol-oIWgY=\/0x0:1280x960\/1200x0\/smart\/filters:strip_icc()\/i.s3.glbimg.com\/v1\/AUTH_59edd422c0c84a879bd37670ae4f538a\/internal_photos\/bs\/2019\/V\/g\/MpAhMaThOiWUgzksYdwA\/whatsapp-image-2019-08-24-at-14.13.05.jpeg 2x\" media=\"(max-width: 1024px)\" data-src=\"https:\/\/s2.glbimg.com\/qMD5gQu9sEpc80hrr6orOLDGSOU=\/0x0:1280x960\/600x0\/smart\/filters:strip_icc()\/i.s3.glbimg.com\/v1\/AUTH_59edd422c0c84a879bd37670ae4f538a\/internal_photos\/bs\/2019\/V\/g\/MpAhMaThOiWUgzksYdwA\/whatsapp-image-2019-08-24-at-14.13.05.jpeg 1x, https:\/\/s2.glbimg.com\/ua0q-3kCZQBgFc5Pgd0Ol-oIWgY=\/0x0:1280x960\/1200x0\/smart\/filters:strip_icc()\/i.s3.glbimg.com\/v1\/AUTH_59edd422c0c84a879bd37670ae4f538a\/internal_photos\/bs\/2019\/V\/g\/MpAhMaThOiWUgzksYdwA\/whatsapp-image-2019-08-24-at-14.13.05.jpeg 2x\" \/><source srcset=\"https:\/\/s2.glbimg.com\/T-ZiXnXyu2VvVxllICv00NhLiZQ=\/0x0:1280x960\/640x0\/smart\/filters:strip_icc()\/i.s3.glbimg.com\/v1\/AUTH_59edd422c0c84a879bd37670ae4f538a\/internal_photos\/bs\/2019\/V\/g\/MpAhMaThOiWUgzksYdwA\/whatsapp-image-2019-08-24-at-14.13.05.jpeg 1x, https:\/\/s2.glbimg.com\/IUGsCdzXiNWDL2czD3FFXmstRGw=\/0x0:1280x960\/1280x0\/smart\/filters:strip_icc()\/i.s3.glbimg.com\/v1\/AUTH_59edd422c0c84a879bd37670ae4f538a\/internal_photos\/bs\/2019\/V\/g\/MpAhMaThOiWUgzksYdwA\/whatsapp-image-2019-08-24-at-14.13.05.jpeg 2x\" media=\"(max-width: 1280px)\" data-src=\"https:\/\/s2.glbimg.com\/T-ZiXnXyu2VvVxllICv00NhLiZQ=\/0x0:1280x960\/640x0\/smart\/filters:strip_icc()\/i.s3.glbimg.com\/v1\/AUTH_59edd422c0c84a879bd37670ae4f538a\/internal_photos\/bs\/2019\/V\/g\/MpAhMaThOiWUgzksYdwA\/whatsapp-image-2019-08-24-at-14.13.05.jpeg 1x, https:\/\/s2.glbimg.com\/IUGsCdzXiNWDL2czD3FFXmstRGw=\/0x0:1280x960\/1280x0\/smart\/filters:strip_icc()\/i.s3.glbimg.com\/v1\/AUTH_59edd422c0c84a879bd37670ae4f538a\/internal_photos\/bs\/2019\/V\/g\/MpAhMaThOiWUgzksYdwA\/whatsapp-image-2019-08-24-at-14.13.05.jpeg 2x\" \/><source srcset=\"https:\/\/s2.glbimg.com\/MKJKqk_o_C5Amm56MitHyy7h1w8=\/0x0:1280x960\/984x0\/smart\/filters:strip_icc()\/i.s3.glbimg.com\/v1\/AUTH_59edd422c0c84a879bd37670ae4f538a\/internal_photos\/bs\/2019\/V\/g\/MpAhMaThOiWUgzksYdwA\/whatsapp-image-2019-08-24-at-14.13.05.jpeg 1x, https:\/\/s2.glbimg.com\/kx9e7Pl95bArNI3_Y8UjBHVImm8=\/0x0:1280x960\/1968x0\/smart\/filters:strip_icc()\/i.s3.glbimg.com\/v1\/AUTH_59edd422c0c84a879bd37670ae4f538a\/internal_photos\/bs\/2019\/V\/g\/MpAhMaThOiWUgzksYdwA\/whatsapp-image-2019-08-24-at-14.13.05.jpeg 2x\" media=\"(max-width: 1360px)\" data-src=\"https:\/\/s2.glbimg.com\/MKJKqk_o_C5Amm56MitHyy7h1w8=\/0x0:1280x960\/984x0\/smart\/filters:strip_icc()\/i.s3.glbimg.com\/v1\/AUTH_59edd422c0c84a879bd37670ae4f538a\/internal_photos\/bs\/2019\/V\/g\/MpAhMaThOiWUgzksYdwA\/whatsapp-image-2019-08-24-at-14.13.05.jpeg 1x, https:\/\/s2.glbimg.com\/kx9e7Pl95bArNI3_Y8UjBHVImm8=\/0x0:1280x960\/1968x0\/smart\/filters:strip_icc()\/i.s3.glbimg.com\/v1\/AUTH_59edd422c0c84a879bd37670ae4f538a\/internal_photos\/bs\/2019\/V\/g\/MpAhMaThOiWUgzksYdwA\/whatsapp-image-2019-08-24-at-14.13.05.jpeg 2x\" \/><source srcset=\"https:\/\/s2.glbimg.com\/pUSdwO9kSxKDJHg_lqq7EQtls_o=\/0x0:1280x960\/1000x0\/smart\/filters:strip_icc()\/i.s3.glbimg.com\/v1\/AUTH_59edd422c0c84a879bd37670ae4f538a\/internal_photos\/bs\/2019\/V\/g\/MpAhMaThOiWUgzksYdwA\/whatsapp-image-2019-08-24-at-14.13.05.jpeg 1x, https:\/\/s2.glbimg.com\/5dv3CBhTIoKQIVKgXJNnfoLIftI=\/0x0:1280x960\/2000x0\/smart\/filters:strip_icc()\/i.s3.glbimg.com\/v1\/AUTH_59edd422c0c84a879bd37670ae4f538a\/internal_photos\/bs\/2019\/V\/g\/MpAhMaThOiWUgzksYdwA\/whatsapp-image-2019-08-24-at-14.13.05.jpeg 2x\" media=\"(min-width: 1361px)\" data-src=\"https:\/\/s2.glbimg.com\/pUSdwO9kSxKDJHg_lqq7EQtls_o=\/0x0:1280x960\/1000x0\/smart\/filters:strip_icc()\/i.s3.glbimg.com\/v1\/AUTH_59edd422c0c84a879bd37670ae4f538a\/internal_photos\/bs\/2019\/V\/g\/MpAhMaThOiWUgzksYdwA\/whatsapp-image-2019-08-24-at-14.13.05.jpeg 1x, https:\/\/s2.glbimg.com\/5dv3CBhTIoKQIVKgXJNnfoLIftI=\/0x0:1280x960\/2000x0\/smart\/filters:strip_icc()\/i.s3.glbimg.com\/v1\/AUTH_59edd422c0c84a879bd37670ae4f538a\/internal_photos\/bs\/2019\/V\/g\/MpAhMaThOiWUgzksYdwA\/whatsapp-image-2019-08-24-at-14.13.05.jpeg 2x\" \/><source srcset=\"https:\/\/s2.glbimg.com\/MKJKqk_o_C5Amm56MitHyy7h1w8=\/0x0:1280x960\/984x0\/smart\/filters:strip_icc()\/i.s3.glbimg.com\/v1\/AUTH_59edd422c0c84a879bd37670ae4f538a\/internal_photos\/bs\/2019\/V\/g\/MpAhMaThOiWUgzksYdwA\/whatsapp-image-2019-08-24-at-14.13.05.jpeg\" data-src=\"https:\/\/s2.glbimg.com\/MKJKqk_o_C5Amm56MitHyy7h1w8=\/0x0:1280x960\/984x0\/smart\/filters:strip_icc()\/i.s3.glbimg.com\/v1\/AUTH_59edd422c0c84a879bd37670ae4f538a\/internal_photos\/bs\/2019\/V\/g\/MpAhMaThOiWUgzksYdwA\/whatsapp-image-2019-08-24-at-14.13.05.jpeg\" \/><img data-recalc-dims=\"1\" decoding=\"async\" class=\"image content-media__image progressive-loaded\" title=\"Manifestantes fazem ato em defesa da Amaz\u00f4nia, neste s\u00e1bado (24), em Belo Horizonte \u2014 Foto: Cristiane Leite\/TV Globo\" src=\"https:\/\/i0.wp.com\/s2.glbimg.com\/MKJKqk_o_C5Amm56MitHyy7h1w8%3D\/0x0%3A1280x960\/984x0\/smart\/filters%3Astrip_icc%28%29\/i.s3.glbimg.com\/v1\/AUTH_59edd422c0c84a879bd37670ae4f538a\/internal_photos\/bs\/2019\/V\/g\/MpAhMaThOiWUgzksYdwA\/whatsapp-image-2019-08-24-at-14.13.05.jpeg?w=600&#038;ssl=1\" alt=\"Manifestantes fazem ato em defesa da Amaz\u00f4nia, neste s\u00e1bado (24), em Belo Horizonte \u2014 Foto: Cristiane Leite\/TV Globo\" data-src=\"https:\/\/s2.glbimg.com\/MKJKqk_o_C5Amm56MitHyy7h1w8=\/0x0:1280x960\/984x0\/smart\/filters:strip_icc()\/i.s3.glbimg.com\/v1\/AUTH_59edd422c0c84a879bd37670ae4f538a\/internal_photos\/bs\/2019\/V\/g\/MpAhMaThOiWUgzksYdwA\/whatsapp-image-2019-08-24-at-14.13.05.jpeg\" \/><\/picture>\n<\/div>\n<p class=\"content-media__description \">Manifestantes fazem ato em defesa da Amaz\u00f4nia, neste s\u00e1bado (24), em Belo Horizonte \u2014 Foto: Cristiane Leite\/TV Globo<\/p>\n<p class=\"content-media__description \">\u00a0Em Uberaba, o <a href=\"https:\/\/g1.globo.com\/mg\/triangulo-mineiro\/noticia\/2019\/08\/24\/manifestantes-protestam-em-defesa-da-amazonia-em-uberaba.ghtml\">grupo se concentrou na Pra\u00e7a Rui Barbosa<\/a>, no Centro e confeccionou cartazes contra a destrui\u00e7\u00e3o e o aumento das queimadas na Amaz\u00f4nia.<\/p>\n<\/div>\n<\/div>\n<div class=\"mc-column content-text active-extra-styles \" data-block-type=\"unstyled\" data-block-weight=\"31\" data-block-id=\"30\">\n<p class=\"content-text__container \" data-track-category=\"Link no Texto\" data-track-links=\"\">Em Juiz de Fora, o <a href=\"https:\/\/g1.globo.com\/mg\/zona-da-mata\/noticia\/2019\/08\/24\/grupo-se-manifesta-em-defesa-da-amazonia-em-juiz-de-fora.ghtml\">ato foi realizado em frente \u00e0s escadarias da C\u00e2mara Municipal<\/a>. Estudantes, ativistas e ambientalistas protestaram com palavras de ordem e cobraram medidas para proteger a floresta.<\/p>\n<\/div>\n<div class=\"mc-column content-text active-extra-styles \" data-block-type=\"unstyled\" data-block-weight=\"25\" data-block-id=\"31\">\n<p class=\"content-text__container \" data-track-category=\"Link no Texto\" data-track-links=\"\">Em Arax\u00e1, os <a href=\"https:\/\/g1.globo.com\/mg\/triangulo-mineiro\/noticia\/2019\/08\/24\/manifestantes-fazem-protesto-em-defesa-da-amazonia-em-araxa.ghtml\">manifestantes se reuniram em frente \u00e0 Igreja Matriz de S\u00e3o Domingos<\/a>. Eles fizeram discursos, usaram cartazes e camisas verdes durante o ato.<\/p>\n<\/div>\n<div class=\"mc-column content-text active-extra-styles\" data-block-type=\"raw\" data-block-weight=\"1\" data-block-id=\"32\">\n<div class=\"content-intertitle\">\n<h2>PAR\u00c1<\/h2>\n<\/div>\n<\/div>\n<div class=\"mc-column content-text active-extra-styles \" data-block-type=\"unstyled\" data-block-weight=\"31\" data-block-id=\"33\">\n<p class=\"content-text__container \" data-track-category=\"Link no Texto\" data-track-links=\"\">Em Bel\u00e9m, o protesto come\u00e7ou por volta das 8h30 na pra\u00e7a da Rep\u00fablica e seguiu at\u00e9 a pra\u00e7a do Rel\u00f3gio. O <a href=\"https:\/\/g1.globo.com\/pa\/para\/noticia\/2019\/08\/24\/manifestantes-protestam-em-belem-em-defesa-da-amazonia.ghtml\">ato reuniu \u00edndios e moradores de \u00e1reas ribeirinhas<\/a>.<\/p>\n<\/div>\n<div class=\"row medium-uncollapsed content-media content-photo\" data-block-type=\"backstage-photo\" data-block-id=\"34\">\n<div class=\"mc-column content-media__container\">\n<div class=\"progressive-img can-open-lightbox\" data-min-size=\"1008x756\" data-min-size-url=\"https:\/\/s2.glbimg.com\/xNJswhRfLort1BLhN7kt-Og0mEo=\/0x0:1280x960\/1008x0\/smart\/filters:strip_icc()\/i.s3.glbimg.com\/v1\/AUTH_59edd422c0c84a879bd37670ae4f538a\/internal_photos\/bs\/2019\/t\/e\/o457bSRbOs9Tcjhx4Frg\/protesto-1.jpeg\" data-max-size=\"1600x1200\" data-max-size-url=\"https:\/\/s2.glbimg.com\/5WqsXrRvsoDM3wG0w9xVSznds08=\/0x0:1280x960\/1600x0\/smart\/filters:strip_icc()\/i.s3.glbimg.com\/v1\/AUTH_59edd422c0c84a879bd37670ae4f538a\/internal_photos\/bs\/2019\/t\/e\/o457bSRbOs9Tcjhx4Frg\/protesto-1.jpeg\" data-media-index=\"6\">\n<div class=\"placeholder-container\"><\/div>\n<picture><source srcset=\"https:\/\/s2.glbimg.com\/LFfF6RJKs4E67yezoSE01Ad1hJU=\/0x0:1280x960\/600x0\/smart\/filters:strip_icc()\/i.s3.glbimg.com\/v1\/AUTH_59edd422c0c84a879bd37670ae4f538a\/internal_photos\/bs\/2019\/t\/e\/o457bSRbOs9Tcjhx4Frg\/protesto-1.jpeg 1x, https:\/\/s2.glbimg.com\/Bl43QbYWszZXqTM8qov8Ug4UzVw=\/0x0:1280x960\/1200x0\/smart\/filters:strip_icc()\/i.s3.glbimg.com\/v1\/AUTH_59edd422c0c84a879bd37670ae4f538a\/internal_photos\/bs\/2019\/t\/e\/o457bSRbOs9Tcjhx4Frg\/protesto-1.jpeg 2x\" media=\"(max-width: 1024px)\" data-src=\"https:\/\/s2.glbimg.com\/LFfF6RJKs4E67yezoSE01Ad1hJU=\/0x0:1280x960\/600x0\/smart\/filters:strip_icc()\/i.s3.glbimg.com\/v1\/AUTH_59edd422c0c84a879bd37670ae4f538a\/internal_photos\/bs\/2019\/t\/e\/o457bSRbOs9Tcjhx4Frg\/protesto-1.jpeg 1x, https:\/\/s2.glbimg.com\/Bl43QbYWszZXqTM8qov8Ug4UzVw=\/0x0:1280x960\/1200x0\/smart\/filters:strip_icc()\/i.s3.glbimg.com\/v1\/AUTH_59edd422c0c84a879bd37670ae4f538a\/internal_photos\/bs\/2019\/t\/e\/o457bSRbOs9Tcjhx4Frg\/protesto-1.jpeg 2x\" \/><source srcset=\"https:\/\/s2.glbimg.com\/cil4uNY0kpjtvH3DO4Iifh0rJv8=\/0x0:1280x960\/640x0\/smart\/filters:strip_icc()\/i.s3.glbimg.com\/v1\/AUTH_59edd422c0c84a879bd37670ae4f538a\/internal_photos\/bs\/2019\/t\/e\/o457bSRbOs9Tcjhx4Frg\/protesto-1.jpeg 1x, https:\/\/s2.glbimg.com\/-2R6hOV7-guGWFephHsU2ha_h3s=\/0x0:1280x960\/1280x0\/smart\/filters:strip_icc()\/i.s3.glbimg.com\/v1\/AUTH_59edd422c0c84a879bd37670ae4f538a\/internal_photos\/bs\/2019\/t\/e\/o457bSRbOs9Tcjhx4Frg\/protesto-1.jpeg 2x\" media=\"(max-width: 1280px)\" data-src=\"https:\/\/s2.glbimg.com\/cil4uNY0kpjtvH3DO4Iifh0rJv8=\/0x0:1280x960\/640x0\/smart\/filters:strip_icc()\/i.s3.glbimg.com\/v1\/AUTH_59edd422c0c84a879bd37670ae4f538a\/internal_photos\/bs\/2019\/t\/e\/o457bSRbOs9Tcjhx4Frg\/protesto-1.jpeg 1x, https:\/\/s2.glbimg.com\/-2R6hOV7-guGWFephHsU2ha_h3s=\/0x0:1280x960\/1280x0\/smart\/filters:strip_icc()\/i.s3.glbimg.com\/v1\/AUTH_59edd422c0c84a879bd37670ae4f538a\/internal_photos\/bs\/2019\/t\/e\/o457bSRbOs9Tcjhx4Frg\/protesto-1.jpeg 2x\" \/><source srcset=\"https:\/\/s2.glbimg.com\/ApNxfS2SJDmcSDC_cnQ_D53uimA=\/0x0:1280x960\/984x0\/smart\/filters:strip_icc()\/i.s3.glbimg.com\/v1\/AUTH_59edd422c0c84a879bd37670ae4f538a\/internal_photos\/bs\/2019\/t\/e\/o457bSRbOs9Tcjhx4Frg\/protesto-1.jpeg 1x, https:\/\/s2.glbimg.com\/4goZHOso3oZ_ZjCy0MIDcT3luuM=\/0x0:1280x960\/1968x0\/smart\/filters:strip_icc()\/i.s3.glbimg.com\/v1\/AUTH_59edd422c0c84a879bd37670ae4f538a\/internal_photos\/bs\/2019\/t\/e\/o457bSRbOs9Tcjhx4Frg\/protesto-1.jpeg 2x\" media=\"(max-width: 1360px)\" data-src=\"https:\/\/s2.glbimg.com\/ApNxfS2SJDmcSDC_cnQ_D53uimA=\/0x0:1280x960\/984x0\/smart\/filters:strip_icc()\/i.s3.glbimg.com\/v1\/AUTH_59edd422c0c84a879bd37670ae4f538a\/internal_photos\/bs\/2019\/t\/e\/o457bSRbOs9Tcjhx4Frg\/protesto-1.jpeg 1x, https:\/\/s2.glbimg.com\/4goZHOso3oZ_ZjCy0MIDcT3luuM=\/0x0:1280x960\/1968x0\/smart\/filters:strip_icc()\/i.s3.glbimg.com\/v1\/AUTH_59edd422c0c84a879bd37670ae4f538a\/internal_photos\/bs\/2019\/t\/e\/o457bSRbOs9Tcjhx4Frg\/protesto-1.jpeg 2x\" \/><source srcset=\"https:\/\/s2.glbimg.com\/HYWyk3p1Gmr-WXT00Kgkh6kf064=\/0x0:1280x960\/1000x0\/smart\/filters:strip_icc()\/i.s3.glbimg.com\/v1\/AUTH_59edd422c0c84a879bd37670ae4f538a\/internal_photos\/bs\/2019\/t\/e\/o457bSRbOs9Tcjhx4Frg\/protesto-1.jpeg 1x, https:\/\/s2.glbimg.com\/W9O1MJUcb3-soVejkslQPscR_-I=\/0x0:1280x960\/2000x0\/smart\/filters:strip_icc()\/i.s3.glbimg.com\/v1\/AUTH_59edd422c0c84a879bd37670ae4f538a\/internal_photos\/bs\/2019\/t\/e\/o457bSRbOs9Tcjhx4Frg\/protesto-1.jpeg 2x\" media=\"(min-width: 1361px)\" data-src=\"https:\/\/s2.glbimg.com\/HYWyk3p1Gmr-WXT00Kgkh6kf064=\/0x0:1280x960\/1000x0\/smart\/filters:strip_icc()\/i.s3.glbimg.com\/v1\/AUTH_59edd422c0c84a879bd37670ae4f538a\/internal_photos\/bs\/2019\/t\/e\/o457bSRbOs9Tcjhx4Frg\/protesto-1.jpeg 1x, https:\/\/s2.glbimg.com\/W9O1MJUcb3-soVejkslQPscR_-I=\/0x0:1280x960\/2000x0\/smart\/filters:strip_icc()\/i.s3.glbimg.com\/v1\/AUTH_59edd422c0c84a879bd37670ae4f538a\/internal_photos\/bs\/2019\/t\/e\/o457bSRbOs9Tcjhx4Frg\/protesto-1.jpeg 2x\" \/><source srcset=\"https:\/\/s2.glbimg.com\/ApNxfS2SJDmcSDC_cnQ_D53uimA=\/0x0:1280x960\/984x0\/smart\/filters:strip_icc()\/i.s3.glbimg.com\/v1\/AUTH_59edd422c0c84a879bd37670ae4f538a\/internal_photos\/bs\/2019\/t\/e\/o457bSRbOs9Tcjhx4Frg\/protesto-1.jpeg\" data-src=\"https:\/\/s2.glbimg.com\/ApNxfS2SJDmcSDC_cnQ_D53uimA=\/0x0:1280x960\/984x0\/smart\/filters:strip_icc()\/i.s3.glbimg.com\/v1\/AUTH_59edd422c0c84a879bd37670ae4f538a\/internal_photos\/bs\/2019\/t\/e\/o457bSRbOs9Tcjhx4Frg\/protesto-1.jpeg\" \/><img data-recalc-dims=\"1\" decoding=\"async\" class=\"image content-media__image progressive-loaded\" title=\"Manifestantes concentra\u00e7\u00e3o na pra\u00e7a da Rep\u00fablica durante a manh\u00e3 deste s\u00e1bado, 24 \u2014 Foto: Arquivo Pessoal\/Murilo Vale\" src=\"https:\/\/i0.wp.com\/s2.glbimg.com\/ApNxfS2SJDmcSDC_cnQ_D53uimA%3D\/0x0%3A1280x960\/984x0\/smart\/filters%3Astrip_icc%28%29\/i.s3.glbimg.com\/v1\/AUTH_59edd422c0c84a879bd37670ae4f538a\/internal_photos\/bs\/2019\/t\/e\/o457bSRbOs9Tcjhx4Frg\/protesto-1.jpeg?w=600&#038;ssl=1\" alt=\"Manifestantes concentra\u00e7\u00e3o na pra\u00e7a da Rep\u00fablica durante a manh\u00e3 deste s\u00e1bado, 24 \u2014 Foto: Arquivo Pessoal\/Murilo Vale\" data-src=\"https:\/\/s2.glbimg.com\/ApNxfS2SJDmcSDC_cnQ_D53uimA=\/0x0:1280x960\/984x0\/smart\/filters:strip_icc()\/i.s3.glbimg.com\/v1\/AUTH_59edd422c0c84a879bd37670ae4f538a\/internal_photos\/bs\/2019\/t\/e\/o457bSRbOs9Tcjhx4Frg\/protesto-1.jpeg\" \/><\/picture>\n<\/div>\n<p class=\"content-media__description \">Manifestantes concentra\u00e7\u00e3o na pra\u00e7a da Rep\u00fablica durante a manh\u00e3 deste s\u00e1bado, 24 \u2014 Foto: Arquivo Pessoal\/Murilo Vale<\/p>\n<\/div>\n<\/div>\n<div class=\"mc-column content-text active-extra-styles\" data-block-type=\"raw\" data-block-weight=\"1\" data-block-id=\"35\">\n<div class=\"content-intertitle\">\n<h2>PARAN\u00c1<\/h2>\n<\/div>\n<\/div>\n<div class=\"mc-column content-text active-extra-styles \" data-block-type=\"unstyled\" data-block-weight=\"46\" data-block-id=\"36\">\n<p class=\"content-text__container \" data-track-category=\"Link no Texto\" data-track-links=\"\">Em Foz do Igua\u00e7u, o <a href=\"https:\/\/g1.globo.com\/pr\/parana\/noticia\/2019\/08\/24\/manifestantes-fazem-atos-no-parana-contra-queimadas-na-amazonia.ghtml\">grupo se reuniu em frente ao port\u00e3o do Parque Nacional do Igua\u00e7u<\/a> na manh\u00e3 deste s\u00e1bado. Os participantes levaram faixas e cartazes com mensagens de preocupa\u00e7\u00e3o com as queimadas e com o desmatamento na Amaz\u00f4nia e em defesa da preserva\u00e7\u00e3o ambiental.<\/p>\n<\/div>\n<div class=\"row medium-uncollapsed content-media content-photo\" data-block-type=\"backstage-photo\" data-block-id=\"37\">\n<div class=\"mc-column content-media__container\">\n<div class=\"progressive-img can-open-lightbox\" data-min-size=\"1008x564\" data-min-size-url=\"https:\/\/s2.glbimg.com\/xXC-5iEglnjxhRKtKLOQsZC5TA0=\/0x0:1273x713\/1008x0\/smart\/filters:strip_icc()\/i.s3.glbimg.com\/v1\/AUTH_59edd422c0c84a879bd37670ae4f538a\/internal_photos\/bs\/2019\/B\/w\/7CevdFR3GGevpQofDIoA\/amazon.png\" data-max-size=\"1600x896\" data-max-size-url=\"https:\/\/s2.glbimg.com\/ZxvL-SszPh-NW2bDUIGRWROFi_s=\/0x0:1273x713\/1600x0\/smart\/filters:strip_icc()\/i.s3.glbimg.com\/v1\/AUTH_59edd422c0c84a879bd37670ae4f538a\/internal_photos\/bs\/2019\/B\/w\/7CevdFR3GGevpQofDIoA\/amazon.png\" data-media-index=\"7\">\n<div class=\"placeholder-container\"><\/div>\n<picture><img data-recalc-dims=\"1\" decoding=\"async\" class=\"image content-media__image progressive-loaded\" title=\"Foz do Igua\u00e7u: manifestantes se concentraram em frente ao Parque Nacional do Igua\u00e7u \u00e0s 10h \u2014 Foto: Giovani Zanardi\/RPC Foz do Igua\u00e7u\" src=\"https:\/\/i0.wp.com\/s2.glbimg.com\/w-WOS4WxEQERrrGZqyufpq7KFgQ%3D\/0x0%3A1273x713\/984x0\/smart\/filters%3Astrip_icc%28%29\/i.s3.glbimg.com\/v1\/AUTH_59edd422c0c84a879bd37670ae4f538a\/internal_photos\/bs\/2019\/B\/w\/7CevdFR3GGevpQofDIoA\/amazon.png?w=600&#038;ssl=1\" alt=\"Foz do Igua\u00e7u: manifestantes se concentraram em frente ao Parque Nacional do Igua\u00e7u \u00e0s 10h \u2014 Foto: Giovani Zanardi\/RPC Foz do Igua\u00e7u\" data-src=\"https:\/\/s2.glbimg.com\/w-WOS4WxEQERrrGZqyufpq7KFgQ=\/0x0:1273x713\/984x0\/smart\/filters:strip_icc()\/i.s3.glbimg.com\/v1\/AUTH_59edd422c0c84a879bd37670ae4f538a\/internal_photos\/bs\/2019\/B\/w\/7CevdFR3GGevpQofDIoA\/amazon.png\" \/><\/picture>\n<\/div>\n<p class=\"content-media__description \">Foz do Igua\u00e7u: manifestantes se concentraram em frente ao Parque Nacional do Igua\u00e7u \u00e0s 10h \u2014 Foto: Giovani Zanardi\/RPC Foz do Igua\u00e7u<\/p>\n<\/div>\n<\/div>\n<p class=\"content-media__description \">\u00a0PERNAMBUCO<\/p>\n<div class=\"mc-column\" data-block-type=\"ads\" data-block-id=\"38\">\n<div class=\"mc-column content-text active-extra-styles \" data-block-type=\"unstyled\" data-block-weight=\"27\" data-block-id=\"40\">\n<p class=\"content-text__container \" data-track-category=\"Link no Texto\" data-track-links=\"\">No Recife, <a href=\"https:\/\/g1.globo.com\/pe\/pernambuco\/noticia\/2019\/08\/24\/manifestantes-fazem-protesto-em-defesa-da-amazonia-no-recife.ghtml\">manifestantes se reuniram na Rua da Aurora,<\/a> no Centro. Eles falaram sobre o aumento das queimadas na regi\u00e3o e se manifestaram contra o desmatamento.<\/p>\n<\/div>\n<div class=\"row medium-uncollapsed content-media content-photo\" data-block-type=\"backstage-photo\" data-block-id=\"41\">\n<div class=\"mc-column content-media__container\">\n<div class=\"progressive-img can-open-lightbox\" data-min-size=\"1008x631\" data-min-size-url=\"https:\/\/s2.glbimg.com\/P6-Y9mzpByxA_gstk56VMdRSOkc=\/0x0:1700x1065\/1008x0\/smart\/filters:strip_icc()\/i.s3.glbimg.com\/v1\/AUTH_59edd422c0c84a879bd37670ae4f538a\/internal_photos\/bs\/2019\/B\/J\/jqqNjyTEK1E62uQWCKDw\/protesto-recife-1-.jpeg\" data-max-size=\"1600x1002\" data-max-size-url=\"https:\/\/s2.glbimg.com\/I4rRwypV7B1YI8vlAybZ1WCMNXA=\/0x0:1700x1065\/1600x0\/smart\/filters:strip_icc()\/i.s3.glbimg.com\/v1\/AUTH_59edd422c0c84a879bd37670ae4f538a\/internal_photos\/bs\/2019\/B\/J\/jqqNjyTEK1E62uQWCKDw\/protesto-recife-1-.jpeg\" data-media-index=\"8\">\n<div class=\"placeholder-container\"><\/div>\n<picture><source srcset=\"https:\/\/s2.glbimg.com\/I3-NhaackgHt18YBDcrr-b4IZEI=\/0x0:1700x1065\/600x0\/smart\/filters:strip_icc()\/i.s3.glbimg.com\/v1\/AUTH_59edd422c0c84a879bd37670ae4f538a\/internal_photos\/bs\/2019\/B\/J\/jqqNjyTEK1E62uQWCKDw\/protesto-recife-1-.jpeg 1x, https:\/\/s2.glbimg.com\/pudBn_IInTX7q2BGeh71_YgbPh8=\/0x0:1700x1065\/1200x0\/smart\/filters:strip_icc()\/i.s3.glbimg.com\/v1\/AUTH_59edd422c0c84a879bd37670ae4f538a\/internal_photos\/bs\/2019\/B\/J\/jqqNjyTEK1E62uQWCKDw\/protesto-recife-1-.jpeg 2x\" media=\"(max-width: 1024px)\" data-src=\"https:\/\/s2.glbimg.com\/I3-NhaackgHt18YBDcrr-b4IZEI=\/0x0:1700x1065\/600x0\/smart\/filters:strip_icc()\/i.s3.glbimg.com\/v1\/AUTH_59edd422c0c84a879bd37670ae4f538a\/internal_photos\/bs\/2019\/B\/J\/jqqNjyTEK1E62uQWCKDw\/protesto-recife-1-.jpeg 1x, https:\/\/s2.glbimg.com\/pudBn_IInTX7q2BGeh71_YgbPh8=\/0x0:1700x1065\/1200x0\/smart\/filters:strip_icc()\/i.s3.glbimg.com\/v1\/AUTH_59edd422c0c84a879bd37670ae4f538a\/internal_photos\/bs\/2019\/B\/J\/jqqNjyTEK1E62uQWCKDw\/protesto-recife-1-.jpeg 2x\" \/><source srcset=\"https:\/\/s2.glbimg.com\/sbrS63WqyEcopaz99vDrfGlPeSk=\/0x0:1700x1065\/640x0\/smart\/filters:strip_icc()\/i.s3.glbimg.com\/v1\/AUTH_59edd422c0c84a879bd37670ae4f538a\/internal_photos\/bs\/2019\/B\/J\/jqqNjyTEK1E62uQWCKDw\/protesto-recife-1-.jpeg 1x, https:\/\/s2.glbimg.com\/FZpuW2eY5SMBq5N0L1BcuGHqWnE=\/0x0:1700x1065\/1280x0\/smart\/filters:strip_icc()\/i.s3.glbimg.com\/v1\/AUTH_59edd422c0c84a879bd37670ae4f538a\/internal_photos\/bs\/2019\/B\/J\/jqqNjyTEK1E62uQWCKDw\/protesto-recife-1-.jpeg 2x\" media=\"(max-width: 1280px)\" data-src=\"https:\/\/s2.glbimg.com\/sbrS63WqyEcopaz99vDrfGlPeSk=\/0x0:1700x1065\/640x0\/smart\/filters:strip_icc()\/i.s3.glbimg.com\/v1\/AUTH_59edd422c0c84a879bd37670ae4f538a\/internal_photos\/bs\/2019\/B\/J\/jqqNjyTEK1E62uQWCKDw\/protesto-recife-1-.jpeg 1x, https:\/\/s2.glbimg.com\/FZpuW2eY5SMBq5N0L1BcuGHqWnE=\/0x0:1700x1065\/1280x0\/smart\/filters:strip_icc()\/i.s3.glbimg.com\/v1\/AUTH_59edd422c0c84a879bd37670ae4f538a\/internal_photos\/bs\/2019\/B\/J\/jqqNjyTEK1E62uQWCKDw\/protesto-recife-1-.jpeg 2x\" \/><source srcset=\"https:\/\/s2.glbimg.com\/rlYWIwHbVoCt6qrIBtAKmY9-tJk=\/0x0:1700x1065\/984x0\/smart\/filters:strip_icc()\/i.s3.glbimg.com\/v1\/AUTH_59edd422c0c84a879bd37670ae4f538a\/internal_photos\/bs\/2019\/B\/J\/jqqNjyTEK1E62uQWCKDw\/protesto-recife-1-.jpeg 1x, https:\/\/s2.glbimg.com\/XPob6WAPcboxXOQMlfPtwLe02ck=\/0x0:1700x1065\/1968x0\/smart\/filters:strip_icc()\/i.s3.glbimg.com\/v1\/AUTH_59edd422c0c84a879bd37670ae4f538a\/internal_photos\/bs\/2019\/B\/J\/jqqNjyTEK1E62uQWCKDw\/protesto-recife-1-.jpeg 2x\" media=\"(max-width: 1360px)\" data-src=\"https:\/\/s2.glbimg.com\/rlYWIwHbVoCt6qrIBtAKmY9-tJk=\/0x0:1700x1065\/984x0\/smart\/filters:strip_icc()\/i.s3.glbimg.com\/v1\/AUTH_59edd422c0c84a879bd37670ae4f538a\/internal_photos\/bs\/2019\/B\/J\/jqqNjyTEK1E62uQWCKDw\/protesto-recife-1-.jpeg 1x, https:\/\/s2.glbimg.com\/XPob6WAPcboxXOQMlfPtwLe02ck=\/0x0:1700x1065\/1968x0\/smart\/filters:strip_icc()\/i.s3.glbimg.com\/v1\/AUTH_59edd422c0c84a879bd37670ae4f538a\/internal_photos\/bs\/2019\/B\/J\/jqqNjyTEK1E62uQWCKDw\/protesto-recife-1-.jpeg 2x\" \/><source srcset=\"https:\/\/s2.glbimg.com\/RD3U6tkyhFnYaAhwERFh16l1cFg=\/0x0:1700x1065\/1000x0\/smart\/filters:strip_icc()\/i.s3.glbimg.com\/v1\/AUTH_59edd422c0c84a879bd37670ae4f538a\/internal_photos\/bs\/2019\/B\/J\/jqqNjyTEK1E62uQWCKDw\/protesto-recife-1-.jpeg 1x, https:\/\/s2.glbimg.com\/MBwx6HT76Udxnv6CifGZoCEW4DQ=\/0x0:1700x1065\/2000x0\/smart\/filters:strip_icc()\/i.s3.glbimg.com\/v1\/AUTH_59edd422c0c84a879bd37670ae4f538a\/internal_photos\/bs\/2019\/B\/J\/jqqNjyTEK1E62uQWCKDw\/protesto-recife-1-.jpeg 2x\" media=\"(min-width: 1361px)\" data-src=\"https:\/\/s2.glbimg.com\/RD3U6tkyhFnYaAhwERFh16l1cFg=\/0x0:1700x1065\/1000x0\/smart\/filters:strip_icc()\/i.s3.glbimg.com\/v1\/AUTH_59edd422c0c84a879bd37670ae4f538a\/internal_photos\/bs\/2019\/B\/J\/jqqNjyTEK1E62uQWCKDw\/protesto-recife-1-.jpeg 1x, https:\/\/s2.glbimg.com\/MBwx6HT76Udxnv6CifGZoCEW4DQ=\/0x0:1700x1065\/2000x0\/smart\/filters:strip_icc()\/i.s3.glbimg.com\/v1\/AUTH_59edd422c0c84a879bd37670ae4f538a\/internal_photos\/bs\/2019\/B\/J\/jqqNjyTEK1E62uQWCKDw\/protesto-recife-1-.jpeg 2x\" \/><source srcset=\"https:\/\/s2.glbimg.com\/rlYWIwHbVoCt6qrIBtAKmY9-tJk=\/0x0:1700x1065\/984x0\/smart\/filters:strip_icc()\/i.s3.glbimg.com\/v1\/AUTH_59edd422c0c84a879bd37670ae4f538a\/internal_photos\/bs\/2019\/B\/J\/jqqNjyTEK1E62uQWCKDw\/protesto-recife-1-.jpeg\" data-src=\"https:\/\/s2.glbimg.com\/rlYWIwHbVoCt6qrIBtAKmY9-tJk=\/0x0:1700x1065\/984x0\/smart\/filters:strip_icc()\/i.s3.glbimg.com\/v1\/AUTH_59edd422c0c84a879bd37670ae4f538a\/internal_photos\/bs\/2019\/B\/J\/jqqNjyTEK1E62uQWCKDw\/protesto-recife-1-.jpeg\" \/><img data-recalc-dims=\"1\" decoding=\"async\" class=\"image content-media__image progressive-loaded\" title=\"Protesto em defesa da Amaz\u00f4nia tomou ruas no Recife \u2014 Foto: Bianka Carvalho\/TV Globo\" src=\"https:\/\/i0.wp.com\/s2.glbimg.com\/rlYWIwHbVoCt6qrIBtAKmY9-tJk%3D\/0x0%3A1700x1065\/984x0\/smart\/filters%3Astrip_icc%28%29\/i.s3.glbimg.com\/v1\/AUTH_59edd422c0c84a879bd37670ae4f538a\/internal_photos\/bs\/2019\/B\/J\/jqqNjyTEK1E62uQWCKDw\/protesto-recife-1-.jpeg?w=600&#038;ssl=1\" alt=\"Protesto em defesa da Amaz\u00f4nia tomou ruas no Recife \u2014 Foto: Bianka Carvalho\/TV Globo\" data-src=\"https:\/\/s2.glbimg.com\/rlYWIwHbVoCt6qrIBtAKmY9-tJk=\/0x0:1700x1065\/984x0\/smart\/filters:strip_icc()\/i.s3.glbimg.com\/v1\/AUTH_59edd422c0c84a879bd37670ae4f538a\/internal_photos\/bs\/2019\/B\/J\/jqqNjyTEK1E62uQWCKDw\/protesto-recife-1-.jpeg\" \/><\/picture>\n<\/div>\n<p class=\"content-media__description \">Protesto em defesa da Amaz\u00f4nia tomou ruas no Recife \u2014 Foto: Bianka Carvalho\/TV Globo<\/p>\n<\/div>\n<\/div>\n<div class=\"mc-column content-text active-extra-styles\" data-block-type=\"raw\" data-block-weight=\"1\" data-block-id=\"42\">\n<div class=\"content-intertitle\">\n<h2>PIAU\u00cd<\/h2>\n<\/div>\n<\/div>\n<div class=\"mc-column content-text active-extra-styles \" data-block-type=\"unstyled\" data-block-weight=\"18\" data-block-id=\"43\">\n<p class=\"content-text__container \" data-track-category=\"Link no Texto\" data-track-links=\"\">Em Teresina, <a href=\"https:\/\/g1.globo.com\/pi\/piaui\/noticia\/2019\/08\/24\/manifestantes-fazem-protesto-em-defesa-da-amazonia-em-teresina.ghtml\">manifestantes protestaram na Avenida Raul Lopes<\/a>, na Zona Leste, usaram cartazes e gritaram palavras de ordem.<\/p>\n<\/div>\n<div class=\"row medium-uncollapsed content-media content-photo\" data-block-type=\"backstage-photo\" data-block-id=\"44\">\n<div class=\"mc-column content-media__container\">\n<div class=\"progressive-img can-open-lightbox\" data-min-size=\"1008x671\" data-min-size-url=\"https:\/\/s2.glbimg.com\/mnF5NRaXc3YnAEIZ5N6JNpVSKqs=\/0x0:1280x853\/1008x0\/smart\/filters:strip_icc()\/i.s3.glbimg.com\/v1\/AUTH_59edd422c0c84a879bd37670ae4f538a\/internal_photos\/bs\/2019\/S\/y\/YzfG9oRAqgz23p5k4bmQ\/protesto-2.jpg\" data-max-size=\"1600x1066\" data-max-size-url=\"https:\/\/s2.glbimg.com\/kZOOrKFAW8uYOIRddKU0WqEnG_Q=\/0x0:1280x853\/1600x0\/smart\/filters:strip_icc()\/i.s3.glbimg.com\/v1\/AUTH_59edd422c0c84a879bd37670ae4f538a\/internal_photos\/bs\/2019\/S\/y\/YzfG9oRAqgz23p5k4bmQ\/protesto-2.jpg\" data-media-index=\"9\">\n<div class=\"placeholder-container\"><\/div>\n<picture><source srcset=\"https:\/\/s2.glbimg.com\/HGFT_hWjQtAHKMBV0ODDq5sMfK4=\/0x0:1280x853\/600x0\/smart\/filters:strip_icc()\/i.s3.glbimg.com\/v1\/AUTH_59edd422c0c84a879bd37670ae4f538a\/internal_photos\/bs\/2019\/S\/y\/YzfG9oRAqgz23p5k4bmQ\/protesto-2.jpg 1x, https:\/\/s2.glbimg.com\/xdEvAG40Wo0kroS_S31q6EVmWIM=\/0x0:1280x853\/1200x0\/smart\/filters:strip_icc()\/i.s3.glbimg.com\/v1\/AUTH_59edd422c0c84a879bd37670ae4f538a\/internal_photos\/bs\/2019\/S\/y\/YzfG9oRAqgz23p5k4bmQ\/protesto-2.jpg 2x\" media=\"(max-width: 1024px)\" data-src=\"https:\/\/s2.glbimg.com\/HGFT_hWjQtAHKMBV0ODDq5sMfK4=\/0x0:1280x853\/600x0\/smart\/filters:strip_icc()\/i.s3.glbimg.com\/v1\/AUTH_59edd422c0c84a879bd37670ae4f538a\/internal_photos\/bs\/2019\/S\/y\/YzfG9oRAqgz23p5k4bmQ\/protesto-2.jpg 1x, https:\/\/s2.glbimg.com\/xdEvAG40Wo0kroS_S31q6EVmWIM=\/0x0:1280x853\/1200x0\/smart\/filters:strip_icc()\/i.s3.glbimg.com\/v1\/AUTH_59edd422c0c84a879bd37670ae4f538a\/internal_photos\/bs\/2019\/S\/y\/YzfG9oRAqgz23p5k4bmQ\/protesto-2.jpg 2x\" \/><source srcset=\"https:\/\/s2.glbimg.com\/cGJ6JOmJtF7bClYKSqgaki504so=\/0x0:1280x853\/640x0\/smart\/filters:strip_icc()\/i.s3.glbimg.com\/v1\/AUTH_59edd422c0c84a879bd37670ae4f538a\/internal_photos\/bs\/2019\/S\/y\/YzfG9oRAqgz23p5k4bmQ\/protesto-2.jpg 1x, https:\/\/s2.glbimg.com\/1_YWql-N37FG4Z3oPq1ncYjrEtw=\/0x0:1280x853\/1280x0\/smart\/filters:strip_icc()\/i.s3.glbimg.com\/v1\/AUTH_59edd422c0c84a879bd37670ae4f538a\/internal_photos\/bs\/2019\/S\/y\/YzfG9oRAqgz23p5k4bmQ\/protesto-2.jpg 2x\" media=\"(max-width: 1280px)\" data-src=\"https:\/\/s2.glbimg.com\/cGJ6JOmJtF7bClYKSqgaki504so=\/0x0:1280x853\/640x0\/smart\/filters:strip_icc()\/i.s3.glbimg.com\/v1\/AUTH_59edd422c0c84a879bd37670ae4f538a\/internal_photos\/bs\/2019\/S\/y\/YzfG9oRAqgz23p5k4bmQ\/protesto-2.jpg 1x, https:\/\/s2.glbimg.com\/1_YWql-N37FG4Z3oPq1ncYjrEtw=\/0x0:1280x853\/1280x0\/smart\/filters:strip_icc()\/i.s3.glbimg.com\/v1\/AUTH_59edd422c0c84a879bd37670ae4f538a\/internal_photos\/bs\/2019\/S\/y\/YzfG9oRAqgz23p5k4bmQ\/protesto-2.jpg 2x\" \/><source srcset=\"https:\/\/s2.glbimg.com\/tOniw8WB6YPg1wMCVP68XWJYPGw=\/0x0:1280x853\/984x0\/smart\/filters:strip_icc()\/i.s3.glbimg.com\/v1\/AUTH_59edd422c0c84a879bd37670ae4f538a\/internal_photos\/bs\/2019\/S\/y\/YzfG9oRAqgz23p5k4bmQ\/protesto-2.jpg 1x, https:\/\/s2.glbimg.com\/7ML47eFUt6y3lBXmy3_26P2Yhko=\/0x0:1280x853\/1968x0\/smart\/filters:strip_icc()\/i.s3.glbimg.com\/v1\/AUTH_59edd422c0c84a879bd37670ae4f538a\/internal_photos\/bs\/2019\/S\/y\/YzfG9oRAqgz23p5k4bmQ\/protesto-2.jpg 2x\" media=\"(max-width: 1360px)\" data-src=\"https:\/\/s2.glbimg.com\/tOniw8WB6YPg1wMCVP68XWJYPGw=\/0x0:1280x853\/984x0\/smart\/filters:strip_icc()\/i.s3.glbimg.com\/v1\/AUTH_59edd422c0c84a879bd37670ae4f538a\/internal_photos\/bs\/2019\/S\/y\/YzfG9oRAqgz23p5k4bmQ\/protesto-2.jpg 1x, https:\/\/s2.glbimg.com\/7ML47eFUt6y3lBXmy3_26P2Yhko=\/0x0:1280x853\/1968x0\/smart\/filters:strip_icc()\/i.s3.glbimg.com\/v1\/AUTH_59edd422c0c84a879bd37670ae4f538a\/internal_photos\/bs\/2019\/S\/y\/YzfG9oRAqgz23p5k4bmQ\/protesto-2.jpg 2x\" \/><source srcset=\"https:\/\/s2.glbimg.com\/BkCMw08f2TvxHhGml704KETtD-4=\/0x0:1280x853\/1000x0\/smart\/filters:strip_icc()\/i.s3.glbimg.com\/v1\/AUTH_59edd422c0c84a879bd37670ae4f538a\/internal_photos\/bs\/2019\/S\/y\/YzfG9oRAqgz23p5k4bmQ\/protesto-2.jpg 1x, https:\/\/s2.glbimg.com\/D6_2Q-1fTnZGn6YVc2fc1jik4yQ=\/0x0:1280x853\/2000x0\/smart\/filters:strip_icc()\/i.s3.glbimg.com\/v1\/AUTH_59edd422c0c84a879bd37670ae4f538a\/internal_photos\/bs\/2019\/S\/y\/YzfG9oRAqgz23p5k4bmQ\/protesto-2.jpg 2x\" media=\"(min-width: 1361px)\" data-src=\"https:\/\/s2.glbimg.com\/BkCMw08f2TvxHhGml704KETtD-4=\/0x0:1280x853\/1000x0\/smart\/filters:strip_icc()\/i.s3.glbimg.com\/v1\/AUTH_59edd422c0c84a879bd37670ae4f538a\/internal_photos\/bs\/2019\/S\/y\/YzfG9oRAqgz23p5k4bmQ\/protesto-2.jpg 1x, https:\/\/s2.glbimg.com\/D6_2Q-1fTnZGn6YVc2fc1jik4yQ=\/0x0:1280x853\/2000x0\/smart\/filters:strip_icc()\/i.s3.glbimg.com\/v1\/AUTH_59edd422c0c84a879bd37670ae4f538a\/internal_photos\/bs\/2019\/S\/y\/YzfG9oRAqgz23p5k4bmQ\/protesto-2.jpg 2x\" \/><source srcset=\"https:\/\/s2.glbimg.com\/tOniw8WB6YPg1wMCVP68XWJYPGw=\/0x0:1280x853\/984x0\/smart\/filters:strip_icc()\/i.s3.glbimg.com\/v1\/AUTH_59edd422c0c84a879bd37670ae4f538a\/internal_photos\/bs\/2019\/S\/y\/YzfG9oRAqgz23p5k4bmQ\/protesto-2.jpg\" data-src=\"https:\/\/s2.glbimg.com\/tOniw8WB6YPg1wMCVP68XWJYPGw=\/0x0:1280x853\/984x0\/smart\/filters:strip_icc()\/i.s3.glbimg.com\/v1\/AUTH_59edd422c0c84a879bd37670ae4f538a\/internal_photos\/bs\/2019\/S\/y\/YzfG9oRAqgz23p5k4bmQ\/protesto-2.jpg\" \/><img data-recalc-dims=\"1\" decoding=\"async\" class=\"image content-media__image progressive-loaded\" title=\"Protesto em defesa da Amaz\u00f4nia na cidade de Teresina (PI) \u2014 Foto: Gilcilene Ara\u00fajo\/G1 PI\" src=\"https:\/\/i0.wp.com\/s2.glbimg.com\/tOniw8WB6YPg1wMCVP68XWJYPGw%3D\/0x0%3A1280x853\/984x0\/smart\/filters%3Astrip_icc%28%29\/i.s3.glbimg.com\/v1\/AUTH_59edd422c0c84a879bd37670ae4f538a\/internal_photos\/bs\/2019\/S\/y\/YzfG9oRAqgz23p5k4bmQ\/protesto-2.jpg?w=600&#038;ssl=1\" alt=\"Protesto em defesa da Amaz\u00f4nia na cidade de Teresina (PI) \u2014 Foto: Gilcilene Ara\u00fajo\/G1 PI\" data-src=\"https:\/\/s2.glbimg.com\/tOniw8WB6YPg1wMCVP68XWJYPGw=\/0x0:1280x853\/984x0\/smart\/filters:strip_icc()\/i.s3.glbimg.com\/v1\/AUTH_59edd422c0c84a879bd37670ae4f538a\/internal_photos\/bs\/2019\/S\/y\/YzfG9oRAqgz23p5k4bmQ\/protesto-2.jpg\" \/><\/picture>\n<\/div>\n<p class=\"content-media__description \">Protesto em defesa da Amaz\u00f4nia na cidade de Teresina (PI) \u2014 Foto: Gilcilene Ara\u00fajo\/G1 PI<\/p>\n<\/div>\n<\/div>\n<div class=\"mc-column content-text active-extra-styles\" data-block-type=\"raw\" data-block-weight=\"4\" data-block-id=\"45\">\n<div class=\"content-intertitle\">\n<h2>RIO GRANDE DO NORTE<\/h2>\n<\/div>\n<\/div>\n<div class=\"mc-column content-text active-extra-styles \" data-block-type=\"unstyled\" data-block-weight=\"53\" data-block-id=\"46\">\n<p class=\"content-text__container \" data-track-category=\"Link no Texto\" data-track-links=\"\">Em Natal, o <a href=\"https:\/\/g1.globo.com\/rn\/rio-grande-do-norte\/noticia\/2019\/08\/24\/manifestantes-protestam-em-natal-em-defesa-da-amazonia.ghtml\">grupo se reuniu na esquina das avenidas Salgado Filho e Bernardo Vieira<\/a>. De l\u00e1, eles sa\u00edram em caminhada em dire\u00e7\u00e3o \u00e0 sede do Ibama na capital potiguar, na Avenida Alexandrino de Alencar. O protesto contou com a participa\u00e7\u00e3o de \u00edndios da aldeia Catu, em Canguaretama, no litoral sul do estado.<\/p>\n<div class=\"mc-column content-text active-extra-styles\" data-block-type=\"raw\" data-block-weight=\"2\" data-block-id=\"56\">\n<div class=\"content-intertitle\">\n<h2>S\u00c3O PAULO<\/h2>\n<\/div>\n<\/div>\n<div class=\"mc-column content-text active-extra-styles \" data-block-type=\"unstyled\" data-block-weight=\"30\" data-block-id=\"57\">\n<p class=\"content-text__container \" data-track-category=\"Link no Texto\" data-track-links=\"\">Em Ribeir\u00e3o Preto, <a href=\"https:\/\/g1.globo.com\/sp\/ribeirao-preto-franca\/noticia\/2019\/08\/24\/manifestantes-protestam-em-defesa-da-amazonia-no-centro-de-ribeirao-preto-sp.ghtml\">manifestantes fizeram um ato na esplanada do Theatro Pedro II<\/a>. Os participantes deram as m\u00e3os ao redor da Pra\u00e7a 15 de Novembro e fizeram um abra\u00e7o simb\u00f3lico.<\/p>\n<\/div>\n<div class=\"row medium-uncollapsed content-media content-photo\" data-block-type=\"backstage-photo\" data-block-id=\"58\">\n<div class=\"mc-column content-media__container\">\n<div class=\"progressive-img can-open-lightbox\" data-min-size=\"1008x631\" data-min-size-url=\"https:\/\/s2.glbimg.com\/yveyySDkykWfRHLnA34kdc0En-c=\/0x0:1700x1065\/1008x0\/smart\/filters:strip_icc()\/i.s3.glbimg.com\/v1\/AUTH_59edd422c0c84a879bd37670ae4f538a\/internal_photos\/bs\/2019\/5\/s\/ptPewfS8WkQozaylgs2g\/ato4.jpg\" data-max-size=\"1600x1002\" data-max-size-url=\"https:\/\/s2.glbimg.com\/H4R_HQYcSlHhSJoURBn0fGmCkV8=\/0x0:1700x1065\/1600x0\/smart\/filters:strip_icc()\/i.s3.glbimg.com\/v1\/AUTH_59edd422c0c84a879bd37670ae4f538a\/internal_photos\/bs\/2019\/5\/s\/ptPewfS8WkQozaylgs2g\/ato4.jpg\" data-media-index=\"13\">\n<div class=\"placeholder-container\"><\/div>\n<p><img decoding=\"async\" class=\"progressive-draft\" title=\"Manifestantes na esplanada do Theatro Pedro II em Ribeir\u00e3o Preto \u2014 Foto: Cinthia Mitsumori\/EPTV\" src=\"data:image\/jpeg;base64,\/9j\/4AAQSkZJRgABAQAAAQABAAD\/2wBDAAMCAgMCAgMDAwMEAwMEBQgFBQQEBQoHBwYIDAoMDAsKCwsNDhIQDQ4RDgsLEBYQERMUFRUVDA8XGBYUGBIUFRT\/2wBDAQMEBAUEBQkFBQkUDQsNFBQUFBQUFBQUFBQUFBQUFBQUFBQUFBQUFBQUFBQUFBQUFBQUFBQUFBQUFBQUFBQUFBT\/wgARCAAQABkDASIAAhEBAxEB\/8QAGAAAAgMAAAAAAAAAAAAAAAAABgcCBAX\/xAAWAQEBAQAAAAAAAAAAAAAAAAACAQP\/2gAMAwEAAhADEAAAAT4fsLrYO3YTExP\/xAAeEAABAwQDAAAAAAAAAAAAAAAEAQUVAAIDBhMjJv\/aAAgBAQABBQKf679nE4Q3lDklUp3C8qEcUMNYM65sca7V\/8QAGhEAAgIDAAAAAAAAAAAAAAAAAAIBAwQSIf\/aAAgBAwEBPwF7VW3SR8lE5J\/\/xAAbEQACAgMBAAAAAAAAAAAAAAABAwACBBQxUf\/aAAgBAgEBPwFOOWKLKHhmv7af\/8QAKBAAAgECBAQHAQAAAAAAAAAAAQIDAAQREhNxITFhoTRDUVOSlNHw\/9oACAEBAAY\/Aru7EIZYW0y54Ztq420oXKR33rVELA4iLBt8eVc2+dAEZZYG1NX3fX+6U75TMw8pQDiCB3qNks5c5fUZ3wQDpsK8Pb\/aH5X\/xAAdEAEAAgMAAwEAAAAAAAAAAAABESEAMVEQQZGB\/9oACAEBAAE\/IS8OACJskjXP3CbqF3CV11mzxZiWj69+ATjpkNW6LEgJPjHYSIbgOUDnXB8CHATVkirXjl\/\/2gAMAwEAAgADAAAAEM3v\/8QAGREBAAMBAQAAAAAAAAAAAAAAAQARIWHw\/9oACAEDAQE\/EHmhpdZ56xK0HrP\/xAAcEQEAAgEFAAAAAAAAAAAAAAABACExEUGRwdH\/2gAIAQIBAT8QcWUJrbm87dwKtHHs\/8QAHhABAQADAAEFAAAAAAAAAAAAAREAITFBUXGB0fH\/2gAIAQEAAT8QJsCyOtSKZU88OVjsBGmW1KR9fjCEWl+BqsPc2c85+a+sYpYqtFrsURJRryV9gJAZFBAI0Sci8A3BSctAp68dTCf\/2Q==\" alt=\"Manifestantes na esplanada do Theatro Pedro II em Ribeir\u00e3o Preto \u2014 Foto: Cinthia Mitsumori\/EPTV\" \/><picture><source srcset=\"https:\/\/s2.glbimg.com\/LOSjtgGm2BR1ZGwDiR46mzsROTo=\/0x0:1700x1065\/600x0\/smart\/filters:strip_icc()\/i.s3.glbimg.com\/v1\/AUTH_59edd422c0c84a879bd37670ae4f538a\/internal_photos\/bs\/2019\/5\/s\/ptPewfS8WkQozaylgs2g\/ato4.jpg 1x, https:\/\/s2.glbimg.com\/v6Xm_tZ-7yJJ9RNVwWXLR1o890g=\/0x0:1700x1065\/1200x0\/smart\/filters:strip_icc()\/i.s3.glbimg.com\/v1\/AUTH_59edd422c0c84a879bd37670ae4f538a\/internal_photos\/bs\/2019\/5\/s\/ptPewfS8WkQozaylgs2g\/ato4.jpg 2x\" media=\"(max-width: 1024px)\" data-src=\"https:\/\/s2.glbimg.com\/LOSjtgGm2BR1ZGwDiR46mzsROTo=\/0x0:1700x1065\/600x0\/smart\/filters:strip_icc()\/i.s3.glbimg.com\/v1\/AUTH_59edd422c0c84a879bd37670ae4f538a\/internal_photos\/bs\/2019\/5\/s\/ptPewfS8WkQozaylgs2g\/ato4.jpg 1x, https:\/\/s2.glbimg.com\/v6Xm_tZ-7yJJ9RNVwWXLR1o890g=\/0x0:1700x1065\/1200x0\/smart\/filters:strip_icc()\/i.s3.glbimg.com\/v1\/AUTH_59edd422c0c84a879bd37670ae4f538a\/internal_photos\/bs\/2019\/5\/s\/ptPewfS8WkQozaylgs2g\/ato4.jpg 2x\" \/><source srcset=\"https:\/\/s2.glbimg.com\/uZKw05BkneUcPAnAC7-CqSSh8P0=\/0x0:1700x1065\/640x0\/smart\/filters:strip_icc()\/i.s3.glbimg.com\/v1\/AUTH_59edd422c0c84a879bd37670ae4f538a\/internal_photos\/bs\/2019\/5\/s\/ptPewfS8WkQozaylgs2g\/ato4.jpg 1x, https:\/\/s2.glbimg.com\/yFoDn8ZoPQ5M2_M9PXRzNpqHycY=\/0x0:1700x1065\/1280x0\/smart\/filters:strip_icc()\/i.s3.glbimg.com\/v1\/AUTH_59edd422c0c84a879bd37670ae4f538a\/internal_photos\/bs\/2019\/5\/s\/ptPewfS8WkQozaylgs2g\/ato4.jpg 2x\" media=\"(max-width: 1280px)\" data-src=\"https:\/\/s2.glbimg.com\/uZKw05BkneUcPAnAC7-CqSSh8P0=\/0x0:1700x1065\/640x0\/smart\/filters:strip_icc()\/i.s3.glbimg.com\/v1\/AUTH_59edd422c0c84a879bd37670ae4f538a\/internal_photos\/bs\/2019\/5\/s\/ptPewfS8WkQozaylgs2g\/ato4.jpg 1x, https:\/\/s2.glbimg.com\/yFoDn8ZoPQ5M2_M9PXRzNpqHycY=\/0x0:1700x1065\/1280x0\/smart\/filters:strip_icc()\/i.s3.glbimg.com\/v1\/AUTH_59edd422c0c84a879bd37670ae4f538a\/internal_photos\/bs\/2019\/5\/s\/ptPewfS8WkQozaylgs2g\/ato4.jpg 2x\" \/><source srcset=\"https:\/\/s2.glbimg.com\/WdiuqMnormRmvjDy3bOGUoqVbdk=\/0x0:1700x1065\/984x0\/smart\/filters:strip_icc()\/i.s3.glbimg.com\/v1\/AUTH_59edd422c0c84a879bd37670ae4f538a\/internal_photos\/bs\/2019\/5\/s\/ptPewfS8WkQozaylgs2g\/ato4.jpg 1x, https:\/\/s2.glbimg.com\/cgAO2FaIO_olep1qGN1nDsZ2sYw=\/0x0:1700x1065\/1968x0\/smart\/filters:strip_icc()\/i.s3.glbimg.com\/v1\/AUTH_59edd422c0c84a879bd37670ae4f538a\/internal_photos\/bs\/2019\/5\/s\/ptPewfS8WkQozaylgs2g\/ato4.jpg 2x\" media=\"(max-width: 1360px)\" data-src=\"https:\/\/s2.glbimg.com\/WdiuqMnormRmvjDy3bOGUoqVbdk=\/0x0:1700x1065\/984x0\/smart\/filters:strip_icc()\/i.s3.glbimg.com\/v1\/AUTH_59edd422c0c84a879bd37670ae4f538a\/internal_photos\/bs\/2019\/5\/s\/ptPewfS8WkQozaylgs2g\/ato4.jpg 1x, https:\/\/s2.glbimg.com\/cgAO2FaIO_olep1qGN1nDsZ2sYw=\/0x0:1700x1065\/1968x0\/smart\/filters:strip_icc()\/i.s3.glbimg.com\/v1\/AUTH_59edd422c0c84a879bd37670ae4f538a\/internal_photos\/bs\/2019\/5\/s\/ptPewfS8WkQozaylgs2g\/ato4.jpg 2x\" \/><source srcset=\"https:\/\/s2.glbimg.com\/MCtgtL1N-5W1Iz_Twgv341Hm-DQ=\/0x0:1700x1065\/1000x0\/smart\/filters:strip_icc()\/i.s3.glbimg.com\/v1\/AUTH_59edd422c0c84a879bd37670ae4f538a\/internal_photos\/bs\/2019\/5\/s\/ptPewfS8WkQozaylgs2g\/ato4.jpg 1x, https:\/\/s2.glbimg.com\/erqMV9kQvfRpRNYSLJxl6AkiOwQ=\/0x0:1700x1065\/2000x0\/smart\/filters:strip_icc()\/i.s3.glbimg.com\/v1\/AUTH_59edd422c0c84a879bd37670ae4f538a\/internal_photos\/bs\/2019\/5\/s\/ptPewfS8WkQozaylgs2g\/ato4.jpg 2x\" media=\"(min-width: 1361px)\" data-src=\"https:\/\/s2.glbimg.com\/MCtgtL1N-5W1Iz_Twgv341Hm-DQ=\/0x0:1700x1065\/1000x0\/smart\/filters:strip_icc()\/i.s3.glbimg.com\/v1\/AUTH_59edd422c0c84a879bd37670ae4f538a\/internal_photos\/bs\/2019\/5\/s\/ptPewfS8WkQozaylgs2g\/ato4.jpg 1x, https:\/\/s2.glbimg.com\/erqMV9kQvfRpRNYSLJxl6AkiOwQ=\/0x0:1700x1065\/2000x0\/smart\/filters:strip_icc()\/i.s3.glbimg.com\/v1\/AUTH_59edd422c0c84a879bd37670ae4f538a\/internal_photos\/bs\/2019\/5\/s\/ptPewfS8WkQozaylgs2g\/ato4.jpg 2x\" \/><source srcset=\"https:\/\/s2.glbimg.com\/WdiuqMnormRmvjDy3bOGUoqVbdk=\/0x0:1700x1065\/984x0\/smart\/filters:strip_icc()\/i.s3.glbimg.com\/v1\/AUTH_59edd422c0c84a879bd37670ae4f538a\/internal_photos\/bs\/2019\/5\/s\/ptPewfS8WkQozaylgs2g\/ato4.jpg\" data-src=\"https:\/\/s2.glbimg.com\/WdiuqMnormRmvjDy3bOGUoqVbdk=\/0x0:1700x1065\/984x0\/smart\/filters:strip_icc()\/i.s3.glbimg.com\/v1\/AUTH_59edd422c0c84a879bd37670ae4f538a\/internal_photos\/bs\/2019\/5\/s\/ptPewfS8WkQozaylgs2g\/ato4.jpg\" \/><img data-recalc-dims=\"1\" decoding=\"async\" class=\"image content-media__image progressive-loaded\" title=\"Manifestantes na esplanada do Theatro Pedro II em Ribeir\u00e3o Preto \u2014 Foto: Cinthia Mitsumori\/EPTV\" src=\"https:\/\/i0.wp.com\/s2.glbimg.com\/WdiuqMnormRmvjDy3bOGUoqVbdk%3D\/0x0%3A1700x1065\/984x0\/smart\/filters%3Astrip_icc%28%29\/i.s3.glbimg.com\/v1\/AUTH_59edd422c0c84a879bd37670ae4f538a\/internal_photos\/bs\/2019\/5\/s\/ptPewfS8WkQozaylgs2g\/ato4.jpg?w=600&#038;ssl=1\" alt=\"Manifestantes na esplanada do Theatro Pedro II em Ribeir\u00e3o Preto \u2014 Foto: Cinthia Mitsumori\/EPTV\" data-src=\"https:\/\/s2.glbimg.com\/WdiuqMnormRmvjDy3bOGUoqVbdk=\/0x0:1700x1065\/984x0\/smart\/filters:strip_icc()\/i.s3.glbimg.com\/v1\/AUTH_59edd422c0c84a879bd37670ae4f538a\/internal_photos\/bs\/2019\/5\/s\/ptPewfS8WkQozaylgs2g\/ato4.jpg\" \/><\/picture>\n<\/div>\n<p class=\"content-media__description \">Manifestantes na esplanada do Theatro Pedro II em Ribeir\u00e3o Preto \u2014 Foto: Cinthia Mitsumori\/EPTV<\/p>\n<\/div>\n<\/div>\n<div class=\"mc-column content-text active-extra-styles \" data-block-type=\"unstyled\" data-block-weight=\"17\" data-block-id=\"59\">\n<p class=\"content-text__container \" data-track-category=\"Link no Texto\" data-track-links=\"\">Em Sorocaba, a <a href=\"https:\/\/g1.globo.com\/sp\/sorocaba-jundiai\/noticia\/2019\/08\/24\/manifestantes-protestam-contra-o-desmatamento-na-amazonia-em-sorocaba.ghtml\">manifesta\u00e7\u00e3o ocorreu na pra\u00e7a do bairro Campolim<\/a> e em sem\u00e1foros da mesma regi\u00e3o.<\/p>\n<\/div>\n<div class=\"mc-column content-text active-extra-styles \" data-block-type=\"unstyled\" data-block-weight=\"25\" data-block-id=\"60\">\n<p class=\"content-text__container \" data-track-category=\"Link no Texto\" data-track-links=\"\">Em Campinas, o <a href=\"https:\/\/g1.globo.com\/sp\/campinas-regiao\/noticia\/2019\/08\/24\/campinas-tem-ato-em-defesa-da-amazonia-na-regiao-central-fotos.ghtml\">ato come\u00e7ou no Largo do Ros\u00e1rio<\/a> e os manifestantes fizeram uma caminhada pelas vias Francisco Glic\u00e9rio, Moraes Sales e Bar\u00e3o de Jaguara.<\/p>\n<\/div>\n<div class=\"mc-column content-text active-extra-styles \" data-block-type=\"unstyled\" data-block-weight=\"34\" data-block-id=\"61\">\n<p class=\"content-text__container \" data-track-category=\"Link no Texto\" data-track-links=\"\">Em S\u00e3o Carlos, o <a href=\"https:\/\/g1.globo.com\/sp\/sao-carlos-regiao\/noticia\/2019\/08\/24\/grupo-faz-manifestacao-em-defesa-da-amazonia-em-sao-carlos.ghtml\">grupo de manifestantes se reuniu em frente \u00e0 igreja de S\u00e3o Benedito<\/a>. Antes de iniciar a passeata, os organizadores plantaram uma \u00e1rvore como s\u00edmbolo de resist\u00eancia na pra\u00e7a da igreja.<\/p>\n<\/div>\n<div class=\"mc-column content-text active-extra-styles\" data-block-type=\"raw\" data-block-weight=\"1\" data-block-id=\"62\">\n<div class=\"content-intertitle\">\n<h2>SERGIPE<\/h2>\n<\/div>\n<\/div>\n<div class=\"mc-column content-text active-extra-styles \" data-block-type=\"unstyled\" data-block-weight=\"26\" data-block-id=\"63\">\n<p class=\"content-text__container \" data-track-category=\"Link no Texto\" data-track-links=\"\">Em Aracaju, o <a href=\"https:\/\/g1.globo.com\/se\/sergipe\/noticia\/2019\/08\/24\/manifestantes-protestam-em-aracaju-em-defesa-da-amazonia.ghtml\">grupo se concentrou na Pra\u00e7a General Valad\u00e3o<\/a>, no Centro. Os manifestantes utilizaram cartazes e gritaram palavras de ordem em defesa da Amaz\u00f4nia.<\/p>\n<\/div>\n<div class=\"row medium-uncollapsed content-media content-photo\" data-block-type=\"backstage-photo\" data-block-id=\"64\">\n<div class=\"mc-column content-media__container\">\n<div class=\"progressive-img can-open-lightbox\" data-min-size=\"1008x631\" data-min-size-url=\"https:\/\/s2.glbimg.com\/eXitOqe-s-WiWMVpMYCBhVcY31I=\/0x0:1700x1065\/1008x0\/smart\/filters:strip_icc()\/i.s3.glbimg.com\/v1\/AUTH_59edd422c0c84a879bd37670ae4f538a\/internal_photos\/bs\/2019\/S\/U\/xgKaxBRNC7sEMHIgZCzg\/manifestacao-.jpg\" data-max-size=\"1600x1002\" data-max-size-url=\"https:\/\/s2.glbimg.com\/Ej5jlRzyUk4X0_NY1iMGIA-bDuU=\/0x0:1700x1065\/1600x0\/smart\/filters:strip_icc()\/i.s3.glbimg.com\/v1\/AUTH_59edd422c0c84a879bd37670ae4f538a\/internal_photos\/bs\/2019\/S\/U\/xgKaxBRNC7sEMHIgZCzg\/manifestacao-.jpg\" data-media-index=\"14\"><img decoding=\"async\" class=\"progressive-draft\" title=\"Manifestantes protestam em Aracaju em defesa da Amaz\u00f4nia \u2014 Foto: Reprodu\u00e7\u00e3o\/TV Sergipe\" src=\"data:image\/jpeg;base64,\/9j\/4AAQSkZJRgABAQAAAQABAAD\/2wBDAAMCAgMCAgMDAwMEAwMEBQgFBQQEBQoHBwYIDAoMDAsKCwsNDhIQDQ4RDgsLEBYQERMUFRUVDA8XGBYUGBIUFRT\/2wBDAQMEBAUEBQkFBQkUDQsNFBQUFBQUFBQUFBQUFBQUFBQUFBQUFBQUFBQUFBQUFBQUFBQUFBQUFBQUFBQUFBQUFBT\/wgARCAAQABkDASIAAhEBAxEB\/8QAFwABAQEBAAAAAAAAAAAAAAAABgQFB\/\/EABYBAQEBAAAAAAAAAAAAAAAAAAIAA\/\/aAAwDAQACEAMQAAAB6GSCaUpEA63Uf\/\/EAB0QAAICAwADAAAAAAAAAAAAAAQFAgMAAQYTFBb\/2gAIAQEAAQUCl00ZK59j5LhhBBGHqqsQ326XCLWw1mudInd8zn\/\/xAAZEQACAwEAAAAAAAAAAAAAAAAAEQECEiL\/2gAIAQMBAT8B4yx1g\/\/EABkRAAMAAwAAAAAAAAAAAAAAAAABEQISUf\/aAAgBAgEBPwFLOxmvD\/\/EACYQAAIBAwMBCQAAAAAAAAAAAAECAwASIQQREzE1QUJScZGUoeH\/2gAIAQEABj8ClmEHGWJEYVgbh5qeIaeaRZLlVW2z31E02kjlTLWyPg79PuuzdN838qOBYeVFZrwcnIpJkdOVAbTMt3XBrUXoEXfYE+grw+1f\/8QAHRABAAEFAAMAAAAAAAAAAAAAAREAITFBURBhcf\/aAAgBAQABPyFgKTbLb5gVI5ShoOVeQtaeN91FyOiBAi6j4SDWSPFBgp\/8wIAMBGqRnWTl8HoSocq\/\/9oADAMBAAIAAwAAABCD7\/\/EABwRAAICAgMAAAAAAAAAAAAAAAERACFBcVFhgf\/aAAgBAwEBPxApbZxxCCAn2zfmNM7n\/8QAHBEBAAEFAQEAAAAAAAAAAAAAAREAMUFRcbHx\/9oACAECAQE\/EIDFd3z7QFbDUHuewV\/\/xAAdEAEBAAMAAgMAAAAAAAAAAAABEQAhQTFx0fDx\/9oACAEBAAE\/EFfoSNAMQDpprtXHhXzkh6GAIKj8swesHeI8G0CnAhqv5LBPCEIMepFt6QeTt1cgEg2ZUidcSgqpAV3qhEjbn2fzn\/\/Z\" alt=\"Manifestantes protestam em Aracaju em defesa da Amaz\u00f4nia \u2014 Foto: Reprodu\u00e7\u00e3o\/TV Sergipe\" \/><picture><img data-recalc-dims=\"1\" decoding=\"async\" class=\"image content-media__image progressive-loaded\" title=\"Manifestantes protestam em Aracaju em defesa da Amaz\u00f4nia \u2014 Foto: Reprodu\u00e7\u00e3o\/TV Sergipe\" src=\"https:\/\/i0.wp.com\/s2.glbimg.com\/W0BzvzVp_GtF0sCsClRBNgCuM40%3D\/0x0%3A1700x1065\/984x0\/smart\/filters%3Astrip_icc%28%29\/i.s3.glbimg.com\/v1\/AUTH_59edd422c0c84a879bd37670ae4f538a\/internal_photos\/bs\/2019\/S\/U\/xgKaxBRNC7sEMHIgZCzg\/manifestacao-.jpg?w=600&#038;ssl=1\" alt=\"Manifestantes protestam em Aracaju em defesa da Amaz\u00f4nia \u2014 Foto: Reprodu\u00e7\u00e3o\/TV Sergipe\" data-src=\"https:\/\/s2.glbimg.com\/W0BzvzVp_GtF0sCsClRBNgCuM40=\/0x0:1700x1065\/984x0\/smart\/filters:strip_icc()\/i.s3.glbimg.com\/v1\/AUTH_59edd422c0c84a879bd37670ae4f538a\/internal_photos\/bs\/2019\/S\/U\/xgKaxBRNC7sEMHIgZCzg\/manifestacao-.jpg\" \/><\/picture><\/div>\n<p class=\"content-media__description \">Manifestantes protestam em Aracaju em defesa da Amaz\u00f4nia \u2014 Foto: Reprodu\u00e7\u00e3o\/TV Sergipe<\/p>\n<\/div>\n<div class=\"mc-column content-text active-extra-styles\" data-block-type=\"raw\" data-block-weight=\"1\" data-block-id=\"66\">\n<div class=\"content-intertitle\">\n<h2>TOCANTINS<\/h2>\n<\/div>\n<\/div>\n<div class=\"mc-column content-text active-extra-styles \" data-block-type=\"unstyled\" data-block-weight=\"21\" data-block-id=\"67\">\n<p class=\"content-text__container \" data-track-category=\"Link no Texto\" data-track-links=\"\">Em Palmas, os <a href=\"https:\/\/g1.globo.com\/to\/tocantins\/noticia\/2019\/08\/24\/manifestantes-fazem-protesto-em-defesa-da-amazonia-em-palmas.ghtml\">participantes se reuniram no Parque dos Povos Ind\u00edgenas<\/a>, no Centro e fizeram um debate como forma de protesto.<\/p>\n<\/div>\n<div class=\"row medium-uncollapsed content-media content-photo\" data-block-type=\"backstage-photo\" data-block-id=\"68\">\n<div class=\"mc-column content-media__container\">\n<div class=\"progressive-img can-open-lightbox\" data-min-size=\"1008x569\" data-min-size-url=\"https:\/\/s2.glbimg.com\/wthdQ4sNWghj_ZBquL8hxPou5f4=\/0x0:1040x588\/1008x0\/smart\/filters:strip_icc()\/i.s3.glbimg.com\/v1\/AUTH_59edd422c0c84a879bd37670ae4f538a\/internal_photos\/bs\/2019\/v\/Z\/RSBAB7RCm50zCAY9VVsg\/whatsapp-image-2019-08-24-at-17.32.56.jpeg\" data-max-size=\"1600x904\" data-max-size-url=\"https:\/\/s2.glbimg.com\/ZtgOYEglxOElmFKY7XBP-W9Lx1c=\/0x0:1040x588\/1600x0\/smart\/filters:strip_icc()\/i.s3.glbimg.com\/v1\/AUTH_59edd422c0c84a879bd37670ae4f538a\/internal_photos\/bs\/2019\/v\/Z\/RSBAB7RCm50zCAY9VVsg\/whatsapp-image-2019-08-24-at-17.32.56.jpeg\" data-media-index=\"15\">\n<div class=\"placeholder-container\"><\/div>\n<p><img decoding=\"async\" class=\"progressive-draft\" title=\"Protesto \u00e9 realizado no Centro de Palmas \u2014 Foto: Mazim Aguiar\/TV Anhanguera\" src=\"data:image\/jpeg;base64,\/9j\/4AAQSkZJRgABAQAAAQABAAD\/2wBDAAMCAgMCAgMDAwMEAwMEBQgFBQQEBQoHBwYIDAoMDAsKCwsNDhIQDQ4RDgsLEBYQERMUFRUVDA8XGBYUGBIUFRT\/2wBDAQMEBAUEBQkFBQkUDQsNFBQUFBQUFBQUFBQUFBQUFBQUFBQUFBQUFBQUFBQUFBQUFBQUFBQUFBQUFBQUFBQUFBT\/wgARCAAOABkDASIAAhEBAxEB\/8QAGAAAAgMAAAAAAAAAAAAAAAAABAYAAwX\/xAAWAQEBAQAAAAAAAAAAAAAAAAAEAgP\/2gAMAwEAAhADEAAAAVKDmAfmUNR+k\/\/EABsQAAMBAAMBAAAAAAAAAAAAAAIDBAEAERIU\/9oACAEBAAEFApcja3Vz+rkCsvhRxnTM2M6AKUSd55\/\/xAAaEQACAgMAAAAAAAAAAAAAAAABAgAREyEx\/9oACAEDAQE\/AVRSOTDR3P\/EABgRAAMBAQAAAAAAAAAAAAAAAAABIQMR\/9oACAECAQE\/AYh6LkP\/xAAkEAACAQIEBwEAAAAAAAAAAAABAgMAESExQXEQEzI0YZGiwf\/aAAgBAQAGPwKRmjMLI+ZOZp5J1xte5kOLXqJHhAdt7b12knug6KFbrUnTKijPcFGX6v8AlcxsTp44f\/\/EAB8QAQADAAIBBQAAAAAAAAAAAAEAESExQVFhgZHR8f\/aAAgBAQABPyF1\/DgklZnOR45F+oerrpfMK2mrw92fYzufm4XUcq03g+4RTUDyB8RayqyxwlZ\/\/9oADAMBAAIAAwAAABB9j\/\/EABsRAQACAgMAAAAAAAAAAAAAAAEAcRFRkcHh\/9oACAEDAQE\/EHBgtce0bgE6T\/\/EABoRAAICAwAAAAAAAAAAAAAAAAERAHEx4fD\/2gAIAQIBAT8QSDgc9WYWCXP\/xAAeEAEBAQEAAgIDAAAAAAAAAAABESEAMXFhkUHB8P\/aAAgBAQABPxAEktkncPkZ97c7REKtMW1aBi1S8lUoNI5sKAAqUwYnf2X64iMBZalBiyRv0dYjA0Ksz8Aedg\/PHpCDBHQ338b3v+3v\/9k=\" alt=\"Protesto \u00e9 realizado no Centro de Palmas \u2014 Foto: Mazim Aguiar\/TV Anhanguera\" \/><picture><source srcset=\"https:\/\/s2.glbimg.com\/cT8X239ARZMUj4Lcz5EX_VR9ebk=\/0x0:1040x588\/600x0\/smart\/filters:strip_icc()\/i.s3.glbimg.com\/v1\/AUTH_59edd422c0c84a879bd37670ae4f538a\/internal_photos\/bs\/2019\/v\/Z\/RSBAB7RCm50zCAY9VVsg\/whatsapp-image-2019-08-24-at-17.32.56.jpeg 1x, https:\/\/s2.glbimg.com\/FgbKDLCEwNWq0MxlJLut18e8PdQ=\/0x0:1040x588\/1200x0\/smart\/filters:strip_icc()\/i.s3.glbimg.com\/v1\/AUTH_59edd422c0c84a879bd37670ae4f538a\/internal_photos\/bs\/2019\/v\/Z\/RSBAB7RCm50zCAY9VVsg\/whatsapp-image-2019-08-24-at-17.32.56.jpeg 2x\" media=\"(max-width: 1024px)\" data-src=\"https:\/\/s2.glbimg.com\/cT8X239ARZMUj4Lcz5EX_VR9ebk=\/0x0:1040x588\/600x0\/smart\/filters:strip_icc()\/i.s3.glbimg.com\/v1\/AUTH_59edd422c0c84a879bd37670ae4f538a\/internal_photos\/bs\/2019\/v\/Z\/RSBAB7RCm50zCAY9VVsg\/whatsapp-image-2019-08-24-at-17.32.56.jpeg 1x, https:\/\/s2.glbimg.com\/FgbKDLCEwNWq0MxlJLut18e8PdQ=\/0x0:1040x588\/1200x0\/smart\/filters:strip_icc()\/i.s3.glbimg.com\/v1\/AUTH_59edd422c0c84a879bd37670ae4f538a\/internal_photos\/bs\/2019\/v\/Z\/RSBAB7RCm50zCAY9VVsg\/whatsapp-image-2019-08-24-at-17.32.56.jpeg 2x\" \/><source srcset=\"https:\/\/s2.glbimg.com\/nb1RbD9xt0D7st4ugXhw2ubyP1Y=\/0x0:1040x588\/640x0\/smart\/filters:strip_icc()\/i.s3.glbimg.com\/v1\/AUTH_59edd422c0c84a879bd37670ae4f538a\/internal_photos\/bs\/2019\/v\/Z\/RSBAB7RCm50zCAY9VVsg\/whatsapp-image-2019-08-24-at-17.32.56.jpeg 1x, https:\/\/s2.glbimg.com\/V_kSq06Pg7XumiKdzL7VxiqDXtM=\/0x0:1040x588\/1280x0\/smart\/filters:strip_icc()\/i.s3.glbimg.com\/v1\/AUTH_59edd422c0c84a879bd37670ae4f538a\/internal_photos\/bs\/2019\/v\/Z\/RSBAB7RCm50zCAY9VVsg\/whatsapp-image-2019-08-24-at-17.32.56.jpeg 2x\" media=\"(max-width: 1280px)\" data-src=\"https:\/\/s2.glbimg.com\/nb1RbD9xt0D7st4ugXhw2ubyP1Y=\/0x0:1040x588\/640x0\/smart\/filters:strip_icc()\/i.s3.glbimg.com\/v1\/AUTH_59edd422c0c84a879bd37670ae4f538a\/internal_photos\/bs\/2019\/v\/Z\/RSBAB7RCm50zCAY9VVsg\/whatsapp-image-2019-08-24-at-17.32.56.jpeg 1x, https:\/\/s2.glbimg.com\/V_kSq06Pg7XumiKdzL7VxiqDXtM=\/0x0:1040x588\/1280x0\/smart\/filters:strip_icc()\/i.s3.glbimg.com\/v1\/AUTH_59edd422c0c84a879bd37670ae4f538a\/internal_photos\/bs\/2019\/v\/Z\/RSBAB7RCm50zCAY9VVsg\/whatsapp-image-2019-08-24-at-17.32.56.jpeg 2x\" \/><source srcset=\"https:\/\/s2.glbimg.com\/hvEEaOhgQm2InbmOuOnmHUqXaKQ=\/0x0:1040x588\/984x0\/smart\/filters:strip_icc()\/i.s3.glbimg.com\/v1\/AUTH_59edd422c0c84a879bd37670ae4f538a\/internal_photos\/bs\/2019\/v\/Z\/RSBAB7RCm50zCAY9VVsg\/whatsapp-image-2019-08-24-at-17.32.56.jpeg 1x, https:\/\/s2.glbimg.com\/a1cSrpdI7Wx2pR8nJYmgghPnmwo=\/0x0:1040x588\/1968x0\/smart\/filters:strip_icc()\/i.s3.glbimg.com\/v1\/AUTH_59edd422c0c84a879bd37670ae4f538a\/internal_photos\/bs\/2019\/v\/Z\/RSBAB7RCm50zCAY9VVsg\/whatsapp-image-2019-08-24-at-17.32.56.jpeg 2x\" media=\"(max-width: 1360px)\" data-src=\"https:\/\/s2.glbimg.com\/hvEEaOhgQm2InbmOuOnmHUqXaKQ=\/0x0:1040x588\/984x0\/smart\/filters:strip_icc()\/i.s3.glbimg.com\/v1\/AUTH_59edd422c0c84a879bd37670ae4f538a\/internal_photos\/bs\/2019\/v\/Z\/RSBAB7RCm50zCAY9VVsg\/whatsapp-image-2019-08-24-at-17.32.56.jpeg 1x, https:\/\/s2.glbimg.com\/a1cSrpdI7Wx2pR8nJYmgghPnmwo=\/0x0:1040x588\/1968x0\/smart\/filters:strip_icc()\/i.s3.glbimg.com\/v1\/AUTH_59edd422c0c84a879bd37670ae4f538a\/internal_photos\/bs\/2019\/v\/Z\/RSBAB7RCm50zCAY9VVsg\/whatsapp-image-2019-08-24-at-17.32.56.jpeg 2x\" \/><source srcset=\"https:\/\/s2.glbimg.com\/NSjhvwrjsqWE6RCXsmGf5X0rXQE=\/0x0:1040x588\/1000x0\/smart\/filters:strip_icc()\/i.s3.glbimg.com\/v1\/AUTH_59edd422c0c84a879bd37670ae4f538a\/internal_photos\/bs\/2019\/v\/Z\/RSBAB7RCm50zCAY9VVsg\/whatsapp-image-2019-08-24-at-17.32.56.jpeg 1x, https:\/\/s2.glbimg.com\/JKHMtY5nROaclI73QwF78r-46Ig=\/0x0:1040x588\/2000x0\/smart\/filters:strip_icc()\/i.s3.glbimg.com\/v1\/AUTH_59edd422c0c84a879bd37670ae4f538a\/internal_photos\/bs\/2019\/v\/Z\/RSBAB7RCm50zCAY9VVsg\/whatsapp-image-2019-08-24-at-17.32.56.jpeg 2x\" media=\"(min-width: 1361px)\" data-src=\"https:\/\/s2.glbimg.com\/NSjhvwrjsqWE6RCXsmGf5X0rXQE=\/0x0:1040x588\/1000x0\/smart\/filters:strip_icc()\/i.s3.glbimg.com\/v1\/AUTH_59edd422c0c84a879bd37670ae4f538a\/internal_photos\/bs\/2019\/v\/Z\/RSBAB7RCm50zCAY9VVsg\/whatsapp-image-2019-08-24-at-17.32.56.jpeg 1x, https:\/\/s2.glbimg.com\/JKHMtY5nROaclI73QwF78r-46Ig=\/0x0:1040x588\/2000x0\/smart\/filters:strip_icc()\/i.s3.glbimg.com\/v1\/AUTH_59edd422c0c84a879bd37670ae4f538a\/internal_photos\/bs\/2019\/v\/Z\/RSBAB7RCm50zCAY9VVsg\/whatsapp-image-2019-08-24-at-17.32.56.jpeg 2x\" \/><source srcset=\"https:\/\/s2.glbimg.com\/hvEEaOhgQm2InbmOuOnmHUqXaKQ=\/0x0:1040x588\/984x0\/smart\/filters:strip_icc()\/i.s3.glbimg.com\/v1\/AUTH_59edd422c0c84a879bd37670ae4f538a\/internal_photos\/bs\/2019\/v\/Z\/RSBAB7RCm50zCAY9VVsg\/whatsapp-image-2019-08-24-at-17.32.56.jpeg\" data-src=\"https:\/\/s2.glbimg.com\/hvEEaOhgQm2InbmOuOnmHUqXaKQ=\/0x0:1040x588\/984x0\/smart\/filters:strip_icc()\/i.s3.glbimg.com\/v1\/AUTH_59edd422c0c84a879bd37670ae4f538a\/internal_photos\/bs\/2019\/v\/Z\/RSBAB7RCm50zCAY9VVsg\/whatsapp-image-2019-08-24-at-17.32.56.jpeg\" \/><img data-recalc-dims=\"1\" decoding=\"async\" class=\"image content-media__image progressive-loaded\" title=\"Protesto \u00e9 realizado no Centro de Palmas \u2014 Foto: Mazim Aguiar\/TV Anhanguera\" src=\"https:\/\/i0.wp.com\/s2.glbimg.com\/hvEEaOhgQm2InbmOuOnmHUqXaKQ%3D\/0x0%3A1040x588\/984x0\/smart\/filters%3Astrip_icc%28%29\/i.s3.glbimg.com\/v1\/AUTH_59edd422c0c84a879bd37670ae4f538a\/internal_photos\/bs\/2019\/v\/Z\/RSBAB7RCm50zCAY9VVsg\/whatsapp-image-2019-08-24-at-17.32.56.jpeg?w=600&#038;ssl=1\" alt=\"Protesto \u00e9 realizado no Centro de Palmas \u2014 Foto: Mazim Aguiar\/TV Anhanguera\" data-src=\"https:\/\/s2.glbimg.com\/hvEEaOhgQm2InbmOuOnmHUqXaKQ=\/0x0:1040x588\/984x0\/smart\/filters:strip_icc()\/i.s3.glbimg.com\/v1\/AUTH_59edd422c0c84a879bd37670ae4f538a\/internal_photos\/bs\/2019\/v\/Z\/RSBAB7RCm50zCAY9VVsg\/whatsapp-image-2019-08-24-at-17.32.56.jpeg\" \/><\/picture>\n<\/div>\n<p class=\"content-media__description \">Protesto \u00e9 realizado no Centro de Palmas \u2014 Foto: Mazim Aguiar\/TV Anhanguera<\/p>\n<\/div>\n<\/div>\n<div data-track-category=\"multicontent\" data-track-action=\"ultimo chunk conteudo\" data-track-noninteraction=\"false\" data-track-scroll=\"view\"><\/div>\n<\/div>\n<\/div>\n<\/div>\n<\/div>\n<\/div>\n<\/div>\n<\/div>\n","protected":false},"excerpt":{"rendered":"<p>At\u00e9 por volta de 20h20, cidades dos estados de AL, AM, CE, GO, MT, MG, PA, PR, PE, PI, RN, RS, SC, SP, SE e TO haviam tido protestos pac\u00edficos.<\/p>\n","protected":false},"author":1,"featured_media":0,"comment_status":"closed","ping_status":"open","sticky":false,"template":"","format":"standard","meta":{"_exactmetrics_skip_tracking":false,"_exactmetrics_sitenote_active":false,"_exactmetrics_sitenote_note":"","_exactmetrics_sitenote_category":0,"jetpack_post_was_ever_published":false,"_jetpack_newsletter_access":"","_jetpack_dont_email_post_to_subs":false,"_jetpack_newsletter_tier_id":0,"_jetpack_memberships_contains_paywalled_content":false,"_jetpack_memberships_contains_paid_content":false,"footnotes":"","jetpack_publicize_message":"","jetpack_publicize_feature_enabled":true,"jetpack_social_post_already_shared":true,"jetpack_social_options":{"image_generator_settings":{"template":"highway","enabled":false},"version":2}},"categories":[1],"tags":[],"class_list":["post-23609","post","type-post","status-publish","format-standard","hentry","category-notas"],"jetpack_publicize_connections":[],"jetpack_sharing_enabled":true,"jetpack_featured_media_url":"","jetpack_shortlink":"https:\/\/wp.me\/p7wKYW-68N","jetpack-related-posts":[],"_links":{"self":[{"href":"http:\/\/blogdalucianaoliveira.com.br\/blog\/wp-json\/wp\/v2\/posts\/23609","targetHints":{"allow":["GET"]}}],"collection":[{"href":"http:\/\/blogdalucianaoliveira.com.br\/blog\/wp-json\/wp\/v2\/posts"}],"about":[{"href":"http:\/\/blogdalucianaoliveira.com.br\/blog\/wp-json\/wp\/v2\/types\/post"}],"author":[{"embeddable":true,"href":"http:\/\/blogdalucianaoliveira.com.br\/blog\/wp-json\/wp\/v2\/users\/1"}],"replies":[{"embeddable":true,"href":"http:\/\/blogdalucianaoliveira.com.br\/blog\/wp-json\/wp\/v2\/comments?post=23609"}],"version-history":[{"count":3,"href":"http:\/\/blogdalucianaoliveira.com.br\/blog\/wp-json\/wp\/v2\/posts\/23609\/revisions"}],"predecessor-version":[{"id":23613,"href":"http:\/\/blogdalucianaoliveira.com.br\/blog\/wp-json\/wp\/v2\/posts\/23609\/revisions\/23613"}],"wp:attachment":[{"href":"http:\/\/blogdalucianaoliveira.com.br\/blog\/wp-json\/wp\/v2\/media?parent=23609"}],"wp:term":[{"taxonomy":"category","embeddable":true,"href":"http:\/\/blogdalucianaoliveira.com.br\/blog\/wp-json\/wp\/v2\/categories?post=23609"},{"taxonomy":"post_tag","embeddable":true,"href":"http:\/\/blogdalucianaoliveira.com.br\/blog\/wp-json\/wp\/v2\/tags?post=23609"}],"curies":[{"name":"wp","href":"https:\/\/api.w.org\/{rel}","templated":true}]}}