{"id":23614,"date":"2019-08-25T22:26:07","date_gmt":"2019-08-26T02:26:07","guid":{"rendered":"http:\/\/blogdalucianaoliveira.com.br\/blog\/?p=23614"},"modified":"2019-08-25T22:26:07","modified_gmt":"2019-08-26T02:26:07","slug":"vi-ate-boi-em-reserva-biologica-diz-ambientalista","status":"publish","type":"post","link":"http:\/\/blogdalucianaoliveira.com.br\/blog\/2019\/08\/25\/vi-ate-boi-em-reserva-biologica-diz-ambientalista\/","title":{"rendered":"&#8216;Vi at\u00e9 boi em reserva biol\u00f3gica&#8217;, diz ambientalista"},"content":{"rendered":"<p><img data-recalc-dims=\"1\" loading=\"lazy\" decoding=\"async\" data-attachment-id=\"23615\" data-permalink=\"http:\/\/blogdalucianaoliveira.com.br\/blog\/2019\/08\/25\/vi-ate-boi-em-reserva-biologica-diz-ambientalista\/3ed9d64b-127b-41d5-9786-68571ca94c90\/\" data-orig-file=\"https:\/\/i0.wp.com\/blogdalucianaoliveira.com.br\/blog\/wp-content\/uploads\/2019\/08\/3ED9D64B-127B-41D5-9786-68571CA94C90.jpeg?fit=639%2C384\" data-orig-size=\"639,384\" data-comments-opened=\"0\" data-image-meta=\"{&quot;aperture&quot;:&quot;0&quot;,&quot;credit&quot;:&quot;&quot;,&quot;camera&quot;:&quot;&quot;,&quot;caption&quot;:&quot;&quot;,&quot;created_timestamp&quot;:&quot;0&quot;,&quot;copyright&quot;:&quot;&quot;,&quot;focal_length&quot;:&quot;0&quot;,&quot;iso&quot;:&quot;0&quot;,&quot;shutter_speed&quot;:&quot;0&quot;,&quot;title&quot;:&quot;&quot;,&quot;orientation&quot;:&quot;0&quot;}\" data-image-title=\"3ED9D64B-127B-41D5-9786-68571CA94C90\" data-image-description=\"\" data-image-caption=\"\" data-medium-file=\"https:\/\/i0.wp.com\/blogdalucianaoliveira.com.br\/blog\/wp-content\/uploads\/2019\/08\/3ED9D64B-127B-41D5-9786-68571CA94C90.jpeg?fit=300%2C180\" data-large-file=\"https:\/\/i0.wp.com\/blogdalucianaoliveira.com.br\/blog\/wp-content\/uploads\/2019\/08\/3ED9D64B-127B-41D5-9786-68571CA94C90.jpeg?fit=600%2C361\" src=\"https:\/\/i0.wp.com\/blogdalucianaoliveira.com.br\/blog\/wp-content\/uploads\/2019\/08\/3ED9D64B-127B-41D5-9786-68571CA94C90.jpeg?resize=600%2C361\" alt=\"3ED9D64B-127B-41D5-9786-68571CA94C90\" width=\"600\" height=\"361\" class=\"alignnone size-full wp-image-23615\" srcset=\"https:\/\/i0.wp.com\/blogdalucianaoliveira.com.br\/blog\/wp-content\/uploads\/2019\/08\/3ED9D64B-127B-41D5-9786-68571CA94C90.jpeg?w=639 639w, https:\/\/i0.wp.com\/blogdalucianaoliveira.com.br\/blog\/wp-content\/uploads\/2019\/08\/3ED9D64B-127B-41D5-9786-68571CA94C90.jpeg?resize=300%2C180 300w, https:\/\/i0.wp.com\/blogdalucianaoliveira.com.br\/blog\/wp-content\/uploads\/2019\/08\/3ED9D64B-127B-41D5-9786-68571CA94C90.jpeg?resize=499%2C300 499w\" sizes=\"auto, (max-width: 600px) 100vw, 600px\" \/><\/p>\n<p>Danicley de Aguiar, membro da Campanha da Amaz\u00f4nia do Greenpeace, diz que combater o desmatamento n\u00e3o \u00e9 especialidade das For\u00e7as Armadas e pede fortalecimento do Ibama<!--more--><\/p>\n<p>O Globo <\/p>\n<p>RIO \u2014 Embora esteja familiarizado com o desmatamento na regi\u00e3o, Danicley de Aguiar, de 44 anos, sofreu um choque na \u00faltima sexta-feira, quando viu, em um sobrevoo, o tamanho e a expans\u00e3o das queimadas em Altamira e Novo Progresso, ambas no Par\u00e1. Natural de Santar\u00e9m, no Sul do estado, o membro da Campanha da Amaz\u00f4nia do Greenpeace combate a vis\u00e3o que, segundo ele, predomina sobre os propriet\u00e1rios rurais da Amaz\u00f4nia, que relacionam desenvolvimento a devasta\u00e7\u00e3o.<\/p>\n<p>Em um munic\u00edpio t\u00e3o grande como Altamira, \u00e9 poss\u00edvel combater eficazmente o desmatamento?<\/p>\n<p>Sim, desde que haja estrat\u00e9gia. Nos \u00faltimos anos, houve uma queda de 50% no n\u00famero de opera\u00e7\u00f5es de Ibama. Comando e controle n\u00e3o resolvem tudo, mas s\u00e3o o primeiro passo para garantir a ordem e o desenvolvimento. O grupo especializado de fiscaliza\u00e7\u00e3o do instituto ainda n\u00e3o foi acionado este ano. \u00c9 um dado que revela o quanto o governo foi distra\u00eddo com o problema.<\/p>\n<p>O que o senhor viu no sobrevoo?<\/p>\n<p>Vi at\u00e9 boi em reserva biol\u00f3gica. Nem podemos culpar a estiagem pelo inc\u00eandio, porque choveu enquanto eu sobrevoava a BR 163. \u00c9 mais grave do que a queimada, \u00e9 um sinal de avan\u00e7o da agropecu\u00e1ria. O governo promoveu um desmonte da pol\u00edtica ambiental, enfraqueceu o Ibama. Agora, est\u00e1 colhendo o que plantou.<\/p>\n<p>Qual \u00e9 a sua opini\u00e3o sobre a atua\u00e7\u00e3o das For\u00e7as Armadas na Amaz\u00f4nia?<\/p>\n<p>Entendo que ningu\u00e9m no Brasil, nenhuma for\u00e7a, tem mais expertise do que o Ibama no combate e no controle do desmatamento. A resposta mais correta seria p\u00f4r o Ibama na regi\u00e3o, organizar as opera\u00e7\u00f5es, colocar recursos \u00e0 disposi\u00e7\u00e3o. Combater o desmatamento n\u00e3o \u00e9 a especialidade das For\u00e7as Armadas. Elas podem auxiliar o Ibama, n\u00e3o vejo problemas, mas a coordena\u00e7\u00e3o do processo deve ser do instituto. Para isso ele foi criado para garantir a prote\u00e7\u00e3o de nossas florestas. Se n\u00e3o for fortalecido ainda mais, ser\u00e1 barb\u00e1rie total.<\/p>\n<p>No in\u00edcio do m\u00eas, fazendeiros atearam fogo em suas propriedades para dar uma demonstra\u00e7\u00e3o de apoio ao presidente Jair Bolsonaro. Como a popula\u00e7\u00e3o em Altamira v\u00ea uma manifesta\u00e7\u00e3o como essa?<\/p>\n<p>Na Amaz\u00f4nia, crescemos ouvindo que \u00e9 preciso desmatar para sobreviver. \u00c9 uma ret\u00f3rica falsa que se perpetuou por d\u00e9cadas. Foi assim nos anos 1970, com a cria\u00e7\u00e3o da Transamaz\u00f4nica. Depois veio o mesmo com o avan\u00e7o da soja, a chegada da BR-163, a constru\u00e7\u00e3o da usina de Belo Monte. E n\u00e3o houve efeito \u2014 j\u00e1 desmatamos 20% da \u00e1rea original da floresta, e a qualidade de vida da popula\u00e7\u00e3o ainda \u00e9 baixa.<\/p>\n<p>Como promover o desenvolvimento econ\u00f4mico da Amaz\u00f4nia?<\/p>\n<p>Nunca tivemos um plano que conciliasse desenvolvimento com a floresta. Pelo contr\u00e1rio, ela sempre foi vista como obst\u00e1culo. Mas ainda d\u00e1 tempo de mudar esta mentalidade. At\u00e9 mesmo o cen\u00e1rio que vi do helic\u00f3ptero. Mesmo a situa\u00e7\u00e3o de Altamira, agora t\u00e3o devastada, pode ser revertida.<\/p>\n","protected":false},"excerpt":{"rendered":"<p>Danicley de Aguiar, membro da Campanha da Amaz\u00f4nia do Greenpeace, diz que combater o desmatamento n\u00e3o \u00e9 especialidade das For\u00e7as Armadas e pede fortalecimento do Ibama<\/p>\n","protected":false},"author":1,"featured_media":0,"comment_status":"closed","ping_status":"open","sticky":false,"template":"","format":"standard","meta":{"_exactmetrics_skip_tracking":false,"_exactmetrics_sitenote_active":false,"_exactmetrics_sitenote_note":"","_exactmetrics_sitenote_category":0,"jetpack_post_was_ever_published":false,"_jetpack_newsletter_access":"","_jetpack_dont_email_post_to_subs":false,"_jetpack_newsletter_tier_id":0,"_jetpack_memberships_contains_paywalled_content":false,"_jetpack_memberships_contains_paid_content":false,"footnotes":"","jetpack_publicize_message":"","jetpack_publicize_feature_enabled":true,"jetpack_social_post_already_shared":true,"jetpack_social_options":{"image_generator_settings":{"template":"highway","enabled":false},"version":2}},"categories":[1],"tags":[],"class_list":["post-23614","post","type-post","status-publish","format-standard","hentry","category-notas"],"jetpack_publicize_connections":[],"jetpack_sharing_enabled":true,"jetpack_featured_media_url":"","jetpack_shortlink":"https:\/\/wp.me\/p7wKYW-68S","jetpack-related-posts":[],"_links":{"self":[{"href":"http:\/\/blogdalucianaoliveira.com.br\/blog\/wp-json\/wp\/v2\/posts\/23614","targetHints":{"allow":["GET"]}}],"collection":[{"href":"http:\/\/blogdalucianaoliveira.com.br\/blog\/wp-json\/wp\/v2\/posts"}],"about":[{"href":"http:\/\/blogdalucianaoliveira.com.br\/blog\/wp-json\/wp\/v2\/types\/post"}],"author":[{"embeddable":true,"href":"http:\/\/blogdalucianaoliveira.com.br\/blog\/wp-json\/wp\/v2\/users\/1"}],"replies":[{"embeddable":true,"href":"http:\/\/blogdalucianaoliveira.com.br\/blog\/wp-json\/wp\/v2\/comments?post=23614"}],"version-history":[{"count":1,"href":"http:\/\/blogdalucianaoliveira.com.br\/blog\/wp-json\/wp\/v2\/posts\/23614\/revisions"}],"predecessor-version":[{"id":23616,"href":"http:\/\/blogdalucianaoliveira.com.br\/blog\/wp-json\/wp\/v2\/posts\/23614\/revisions\/23616"}],"wp:attachment":[{"href":"http:\/\/blogdalucianaoliveira.com.br\/blog\/wp-json\/wp\/v2\/media?parent=23614"}],"wp:term":[{"taxonomy":"category","embeddable":true,"href":"http:\/\/blogdalucianaoliveira.com.br\/blog\/wp-json\/wp\/v2\/categories?post=23614"},{"taxonomy":"post_tag","embeddable":true,"href":"http:\/\/blogdalucianaoliveira.com.br\/blog\/wp-json\/wp\/v2\/tags?post=23614"}],"curies":[{"name":"wp","href":"https:\/\/api.w.org\/{rel}","templated":true}]}}