{"id":23622,"date":"2019-08-26T11:43:31","date_gmt":"2019-08-26T15:43:31","guid":{"rendered":"http:\/\/blogdalucianaoliveira.com.br\/blog\/?p=23622"},"modified":"2019-08-26T12:02:12","modified_gmt":"2019-08-26T16:02:12","slug":"blog-da-luciana-abre-caminho-a-imprensa-internacional-para-expor-devastacao-da-selva-amazonica","status":"publish","type":"post","link":"http:\/\/blogdalucianaoliveira.com.br\/blog\/2019\/08\/26\/blog-da-luciana-abre-caminho-a-imprensa-internacional-para-expor-devastacao-da-selva-amazonica\/","title":{"rendered":"Blog da Luciana abre caminho \u00e0 imprensa internacional para expor devasta\u00e7\u00e3o da Selva Amaz\u00f4nica"},"content":{"rendered":"<p><img data-recalc-dims=\"1\" loading=\"lazy\" decoding=\"async\" data-attachment-id=\"23624\" data-permalink=\"http:\/\/blogdalucianaoliveira.com.br\/blog\/2019\/08\/26\/blog-da-luciana-abre-caminho-a-imprensa-internacional-para-expor-devastacao-da-selva-amazonica\/attachment\/99998\/\" data-orig-file=\"https:\/\/i0.wp.com\/blogdalucianaoliveira.com.br\/blog\/wp-content\/uploads\/2019\/08\/99998.jpg?fit=960%2C640\" data-orig-size=\"960,640\" data-comments-opened=\"0\" data-image-meta=\"{&quot;aperture&quot;:&quot;0&quot;,&quot;credit&quot;:&quot;&quot;,&quot;camera&quot;:&quot;&quot;,&quot;caption&quot;:&quot;&quot;,&quot;created_timestamp&quot;:&quot;0&quot;,&quot;copyright&quot;:&quot;&quot;,&quot;focal_length&quot;:&quot;0&quot;,&quot;iso&quot;:&quot;0&quot;,&quot;shutter_speed&quot;:&quot;0&quot;,&quot;title&quot;:&quot;&quot;,&quot;orientation&quot;:&quot;1&quot;}\" data-image-title=\"99998\" data-image-description=\"\" data-image-caption=\"\" data-medium-file=\"https:\/\/i0.wp.com\/blogdalucianaoliveira.com.br\/blog\/wp-content\/uploads\/2019\/08\/99998.jpg?fit=300%2C200\" data-large-file=\"https:\/\/i0.wp.com\/blogdalucianaoliveira.com.br\/blog\/wp-content\/uploads\/2019\/08\/99998.jpg?fit=600%2C400\" class=\"alignnone size-full wp-image-23624\" src=\"https:\/\/i0.wp.com\/blogdalucianaoliveira.com.br\/blog\/wp-content\/uploads\/2019\/08\/99998.jpg?resize=600%2C400\" alt=\"99998\" width=\"600\" height=\"400\" srcset=\"https:\/\/i0.wp.com\/blogdalucianaoliveira.com.br\/blog\/wp-content\/uploads\/2019\/08\/99998.jpg?w=960 960w, https:\/\/i0.wp.com\/blogdalucianaoliveira.com.br\/blog\/wp-content\/uploads\/2019\/08\/99998.jpg?resize=300%2C200 300w, https:\/\/i0.wp.com\/blogdalucianaoliveira.com.br\/blog\/wp-content\/uploads\/2019\/08\/99998.jpg?resize=768%2C512 768w, https:\/\/i0.wp.com\/blogdalucianaoliveira.com.br\/blog\/wp-content\/uploads\/2019\/08\/99998.jpg?resize=450%2C300 450w\" sizes=\"auto, (max-width: 600px) 100vw, 600px\" \/><\/p>\n<p><em>Primeira reportagem foi veiculada pelo jornalista Brian Mier, da teleSUR, emissora venezuelana. Confira<\/em><br \/>\n<!--more--><\/p>\n<p><strong>Porto Velho, RO \u2013<\/strong> A crise de dados referente \u00e0 devasta\u00e7\u00e3o da Amaz\u00f4nia obrigou alguns \u00f3rg\u00e3os de comunica\u00e7\u00e3o internacionais a buscarem meios alternativos a fim de demonstrar a seus respectivos p\u00fablicos a realidade acerca das queimadas e do desmatamento.<\/p>\n<p>Com isso, o Blog da Luciana Oliveira resolveu abrir caminho e intermediar o encontro de jornalistas estrangeiros com a realidade acobertada por autoridades p\u00fablicas vinculadas tanto ao governo Coronel Marcos Rocha (PSL) quanto \u00e0 administra\u00e7\u00e3o Jair Bolsonaro, seu correligion\u00e1rio, atual presidente da Rep\u00fablica.<\/p>\n<p>Confira abaixo a primeira reportagem sobre o tema. A not\u00edcia foi veiculada pelo <a href=\"https:\/\/www.facebook.com\/brian.mier.35\/videos\/10157284081226578\/\" target=\"_blank\"><strong>jornalista Brian Mier<\/strong><\/a>, da teleSUR, emissora venezuelana.<\/p>\n<p>&nbsp;<\/p>\n<p><iframe loading=\"lazy\" src=\"https:\/\/www.youtube.com\/embed\/QaaWwVuTFBQ\" width=\"960\" height=\"640\" frameborder=\"0\" allowfullscreen=\"allowfullscreen\"><\/iframe><\/p>\n","protected":false},"excerpt":{"rendered":"<p>Primeira reportagem foi veiculada pelo jornalista Brian Mier, da teleSUR, emissora venezuelana. Confira<\/p>\n","protected":false},"author":1,"featured_media":23624,"comment_status":"closed","ping_status":"open","sticky":false,"template":"","format":"standard","meta":{"_exactmetrics_skip_tracking":false,"_exactmetrics_sitenote_active":false,"_exactmetrics_sitenote_note":"","_exactmetrics_sitenote_category":0,"jetpack_post_was_ever_published":false,"_jetpack_newsletter_access":"","_jetpack_dont_email_post_to_subs":false,"_jetpack_newsletter_tier_id":0,"_jetpack_memberships_contains_paywalled_content":false,"_jetpack_memberships_contains_paid_content":false,"footnotes":"","jetpack_publicize_message":"","jetpack_publicize_feature_enabled":true,"jetpack_social_post_already_shared":true,"jetpack_social_options":{"image_generator_settings":{"template":"highway","enabled":false},"version":2}},"categories":[1],"tags":[],"class_list":["post-23622","post","type-post","status-publish","format-standard","has-post-thumbnail","hentry","category-notas"],"jetpack_publicize_connections":[],"jetpack_sharing_enabled":true,"jetpack_featured_media_url":"https:\/\/i0.wp.com\/blogdalucianaoliveira.com.br\/blog\/wp-content\/uploads\/2019\/08\/99998.jpg?fit=960%2C640","jetpack_shortlink":"https:\/\/wp.me\/p7wKYW-690","jetpack-related-posts":[],"_links":{"self":[{"href":"http:\/\/blogdalucianaoliveira.com.br\/blog\/wp-json\/wp\/v2\/posts\/23622","targetHints":{"allow":["GET"]}}],"collection":[{"href":"http:\/\/blogdalucianaoliveira.com.br\/blog\/wp-json\/wp\/v2\/posts"}],"about":[{"href":"http:\/\/blogdalucianaoliveira.com.br\/blog\/wp-json\/wp\/v2\/types\/post"}],"author":[{"embeddable":true,"href":"http:\/\/blogdalucianaoliveira.com.br\/blog\/wp-json\/wp\/v2\/users\/1"}],"replies":[{"embeddable":true,"href":"http:\/\/blogdalucianaoliveira.com.br\/blog\/wp-json\/wp\/v2\/comments?post=23622"}],"version-history":[{"count":5,"href":"http:\/\/blogdalucianaoliveira.com.br\/blog\/wp-json\/wp\/v2\/posts\/23622\/revisions"}],"predecessor-version":[{"id":23629,"href":"http:\/\/blogdalucianaoliveira.com.br\/blog\/wp-json\/wp\/v2\/posts\/23622\/revisions\/23629"}],"wp:featuredmedia":[{"embeddable":true,"href":"http:\/\/blogdalucianaoliveira.com.br\/blog\/wp-json\/wp\/v2\/media\/23624"}],"wp:attachment":[{"href":"http:\/\/blogdalucianaoliveira.com.br\/blog\/wp-json\/wp\/v2\/media?parent=23622"}],"wp:term":[{"taxonomy":"category","embeddable":true,"href":"http:\/\/blogdalucianaoliveira.com.br\/blog\/wp-json\/wp\/v2\/categories?post=23622"},{"taxonomy":"post_tag","embeddable":true,"href":"http:\/\/blogdalucianaoliveira.com.br\/blog\/wp-json\/wp\/v2\/tags?post=23622"}],"curies":[{"name":"wp","href":"https:\/\/api.w.org\/{rel}","templated":true}]}}