{"id":23638,"date":"2019-08-28T21:29:42","date_gmt":"2019-08-29T01:29:42","guid":{"rendered":"http:\/\/blogdalucianaoliveira.com.br\/blog\/?p=23638"},"modified":"2019-08-28T21:29:42","modified_gmt":"2019-08-29T01:29:42","slug":"em-paris-cacique-brasileiro-diz-suspeitar-da-vontade-de-bolsonaro-proteger-a-amazonia","status":"publish","type":"post","link":"http:\/\/blogdalucianaoliveira.com.br\/blog\/2019\/08\/28\/em-paris-cacique-brasileiro-diz-suspeitar-da-vontade-de-bolsonaro-proteger-a-amazonia\/","title":{"rendered":"Em Paris, cacique brasileiro diz suspeitar da vontade de Bolsonaro proteger a Amaz\u00f4nia"},"content":{"rendered":"<p><img data-recalc-dims=\"1\" loading=\"lazy\" decoding=\"async\" data-attachment-id=\"23639\" data-permalink=\"http:\/\/blogdalucianaoliveira.com.br\/blog\/2019\/08\/28\/em-paris-cacique-brasileiro-diz-suspeitar-da-vontade-de-bolsonaro-proteger-a-amazonia\/e97b9e18-a8f3-4c7a-b489-d83a11ee1d20\/\" data-orig-file=\"https:\/\/i0.wp.com\/blogdalucianaoliveira.com.br\/blog\/wp-content\/uploads\/2019\/08\/E97B9E18-A8F3-4C7A-B489-D83A11EE1D20.jpeg?fit=600%2C338\" data-orig-size=\"600,338\" data-comments-opened=\"0\" data-image-meta=\"{&quot;aperture&quot;:&quot;0&quot;,&quot;credit&quot;:&quot;&quot;,&quot;camera&quot;:&quot;&quot;,&quot;caption&quot;:&quot;&quot;,&quot;created_timestamp&quot;:&quot;0&quot;,&quot;copyright&quot;:&quot;&quot;,&quot;focal_length&quot;:&quot;0&quot;,&quot;iso&quot;:&quot;0&quot;,&quot;shutter_speed&quot;:&quot;0&quot;,&quot;title&quot;:&quot;&quot;,&quot;orientation&quot;:&quot;0&quot;}\" data-image-title=\"E97B9E18-A8F3-4C7A-B489-D83A11EE1D20\" data-image-description=\"\" data-image-caption=\"\" data-medium-file=\"https:\/\/i0.wp.com\/blogdalucianaoliveira.com.br\/blog\/wp-content\/uploads\/2019\/08\/E97B9E18-A8F3-4C7A-B489-D83A11EE1D20.jpeg?fit=300%2C169\" data-large-file=\"https:\/\/i0.wp.com\/blogdalucianaoliveira.com.br\/blog\/wp-content\/uploads\/2019\/08\/E97B9E18-A8F3-4C7A-B489-D83A11EE1D20.jpeg?fit=600%2C338\" src=\"https:\/\/i0.wp.com\/blogdalucianaoliveira.com.br\/blog\/wp-content\/uploads\/2019\/08\/E97B9E18-A8F3-4C7A-B489-D83A11EE1D20.jpeg?resize=600%2C338\" alt=\"E97B9E18-A8F3-4C7A-B489-D83A11EE1D20\" width=\"600\" height=\"338\" class=\"alignnone size-full wp-image-23639\" srcset=\"https:\/\/i0.wp.com\/blogdalucianaoliveira.com.br\/blog\/wp-content\/uploads\/2019\/08\/E97B9E18-A8F3-4C7A-B489-D83A11EE1D20.jpeg?w=600 600w, https:\/\/i0.wp.com\/blogdalucianaoliveira.com.br\/blog\/wp-content\/uploads\/2019\/08\/E97B9E18-A8F3-4C7A-B489-D83A11EE1D20.jpeg?resize=300%2C169 300w, https:\/\/i0.wp.com\/blogdalucianaoliveira.com.br\/blog\/wp-content\/uploads\/2019\/08\/E97B9E18-A8F3-4C7A-B489-D83A11EE1D20.jpeg?resize=533%2C300 533w\" sizes=\"auto, (max-width: 600px) 100vw, 600px\" \/><\/p>\n<p>O cacique brasileiro Almir Narayamoga, do povo Suru\u00ed, participou nesta quarta-feira (28) da abertura do tradicional \u201cEncontro dos executivos da Fran\u00e7a\u201d, organizado pelo Medef, a poderosa entidade de empres\u00e1rios franceses. <!--more--><\/p>\n<p>Na RFI <\/p>\n<p>Ao lado de chefes de Estados, ministros europeus e personalidades francesas, ele disse n\u00e3o confiar no presidente Bolsonaro em rela\u00e7\u00e3o \u00e0 prote\u00e7\u00e3o da floresta Amaz\u00f4nica.<\/p>\n<p>Com informa\u00e7\u00f5es de Pauline Gleize da RFI<\/p>\n<p>O cacique Almir Narayamoga, de Rond\u00f4nia, foi convidado para participar do importante evento do Medef, que acontece todos os anos, antes que os inc\u00eandios da Amaz\u00f4nia ocupassem as primeiras p\u00e1ginas dos jornais e preocupassem o mundo. Apresentado como um dos mais importantes ativistas da Am\u00e9rica do Sul em favor do clima e vencedor de v\u00e1rios pr\u00eamios internacionais, ele veio falar, segundo o programa do evento, \u201csobre o impacto do aquecimento global para o futuro do capitalismo\u201d.<\/p>\n<p>Mas as queimadas e as pol\u00eamicas criadas pelo presidente Jair Bolsonaro dominaram sua fala. H\u00e1 anos o cacique milita pela preserva\u00e7\u00e3o da floresta amaz\u00f4nica, onde nasceu. Foi ele quem conseguiu que o Google Earth passasse a ajudar no monitoramento do desmatamento.<\/p>\n<p>Aos participantes do encontro do Medef, Almir Narayamoga pediu que os europeus passem a prestar aten\u00e7\u00e3o nos produtos que consomem, provenientes da floresta. \u201c\u00c9 necess\u00e1rio conhecer o impacto dos produtos antes de compr\u00e1-los. \u00c9 assim que voc\u00eas podem nos ajudar\u201d, declarou o cacique Suru\u00ed.<\/p>\n<p>A posi\u00e7\u00e3o lembra a advert\u00eancia de ambientalistas franceses. V\u00e1rias ONGs do meio ambiente s\u00e3o contr\u00e1rias ao acordo Uni\u00e3o Europeia-Mercosul por considerar que o consumo de produtos do agroneg\u00f3cio brasileiro, como carne e soja, incentiva o desmatamento da floresta para o aumento das terras agr\u00edcolas.<\/p>\n<p>Ajuda do G7 para combater os inc\u00eandios<\/p>\n<p>O cacique tamb\u00e9m disse n\u00e3o confiar no presidente Bolsonaro. Ele lembrou que desde a campanha eleitoral, o presidente brasileiro afirma que \u201ca floresta derrubada \u00e9 a melhor forma de desenvolver o Brasil\u201d.<\/p>\n<p>\u201cEu n\u00e3o acho que ele tenha a responsabilidade de cumprir a proposta do G7 se ele aceitar este apoio. E muito vago para mim. At\u00e9 por que ele acabou com todo o espa\u00e7o da representa\u00e7\u00e3o da sociedade civil dentro do minist\u00e9rio do Meio Ambiente e outras inst\u00e2ncias implementadas com responsabilidade social e pol\u00edtica.<\/p>\n<p>final da c\u00fapula do G7 de Biarritz, o presidente Emmanuel Macron anunciou que os pa\u00edses do grupo ofereciam US$ 20 milh\u00f5es para ajudar o Brasil a combater as queimadas na Amaz\u00f4nia. Depois de negar e aceitar os recursos, o presidente Jair Bolsonaro pediu novamente nesta quarta-feira uma &#8220;retrata\u00e7\u00e3o&#8221; por parte de seu colega franc\u00eas Emmanuel Macron por declara\u00e7\u00f5es sobre a floresta amaz\u00f4nica que ele considera ataques \u00e0 soberania do Brasil.<\/p>\n<p>&#8220;No tocante ao governo franc\u00eas, o fato de me chamar de mentiroso e por duas vezes falar que a soberania da Amaz\u00f4nia tem de ser relativizada, somente ap\u00f3s ele [Macron] se retratar do que falou no tocante a minha pessoa (&#8230;) a\u00ed sem problema algum voltamos a conversar&#8221;, declarou Bolsonaro aos jornalistas ao receber a visita do presidente chileno Sebasti\u00e1n Pi\u00f1era.<\/p>\n","protected":false},"excerpt":{"rendered":"<p>O cacique brasileiro Almir Narayamoga, do povo Suru\u00ed, participou nesta quarta-feira (28) da abertura do tradicional \u201cEncontro dos executivos da Fran\u00e7a\u201d, organizado pelo Medef, a poderosa entidade de empres\u00e1rios franceses.<\/p>\n","protected":false},"author":1,"featured_media":0,"comment_status":"closed","ping_status":"open","sticky":false,"template":"","format":"standard","meta":{"_exactmetrics_skip_tracking":false,"_exactmetrics_sitenote_active":false,"_exactmetrics_sitenote_note":"","_exactmetrics_sitenote_category":0,"jetpack_post_was_ever_published":false,"_jetpack_newsletter_access":"","_jetpack_dont_email_post_to_subs":false,"_jetpack_newsletter_tier_id":0,"_jetpack_memberships_contains_paywalled_content":false,"_jetpack_memberships_contains_paid_content":false,"footnotes":"","jetpack_publicize_message":"","jetpack_publicize_feature_enabled":true,"jetpack_social_post_already_shared":true,"jetpack_social_options":{"image_generator_settings":{"template":"highway","enabled":false},"version":2}},"categories":[1],"tags":[],"class_list":["post-23638","post","type-post","status-publish","format-standard","hentry","category-notas"],"jetpack_publicize_connections":[],"jetpack_sharing_enabled":true,"jetpack_featured_media_url":"","jetpack_shortlink":"https:\/\/wp.me\/p7wKYW-69g","jetpack-related-posts":[],"_links":{"self":[{"href":"http:\/\/blogdalucianaoliveira.com.br\/blog\/wp-json\/wp\/v2\/posts\/23638","targetHints":{"allow":["GET"]}}],"collection":[{"href":"http:\/\/blogdalucianaoliveira.com.br\/blog\/wp-json\/wp\/v2\/posts"}],"about":[{"href":"http:\/\/blogdalucianaoliveira.com.br\/blog\/wp-json\/wp\/v2\/types\/post"}],"author":[{"embeddable":true,"href":"http:\/\/blogdalucianaoliveira.com.br\/blog\/wp-json\/wp\/v2\/users\/1"}],"replies":[{"embeddable":true,"href":"http:\/\/blogdalucianaoliveira.com.br\/blog\/wp-json\/wp\/v2\/comments?post=23638"}],"version-history":[{"count":1,"href":"http:\/\/blogdalucianaoliveira.com.br\/blog\/wp-json\/wp\/v2\/posts\/23638\/revisions"}],"predecessor-version":[{"id":23640,"href":"http:\/\/blogdalucianaoliveira.com.br\/blog\/wp-json\/wp\/v2\/posts\/23638\/revisions\/23640"}],"wp:attachment":[{"href":"http:\/\/blogdalucianaoliveira.com.br\/blog\/wp-json\/wp\/v2\/media?parent=23638"}],"wp:term":[{"taxonomy":"category","embeddable":true,"href":"http:\/\/blogdalucianaoliveira.com.br\/blog\/wp-json\/wp\/v2\/categories?post=23638"},{"taxonomy":"post_tag","embeddable":true,"href":"http:\/\/blogdalucianaoliveira.com.br\/blog\/wp-json\/wp\/v2\/tags?post=23638"}],"curies":[{"name":"wp","href":"https:\/\/api.w.org\/{rel}","templated":true}]}}