{"id":2364,"date":"2016-07-14T12:26:30","date_gmt":"2016-07-14T16:26:30","guid":{"rendered":"http:\/\/blogdalucianaoliveira.com.br\/blog\/?p=2364"},"modified":"2016-07-14T12:26:30","modified_gmt":"2016-07-14T16:26:30","slug":"golpistas-sao-desmascarados-e-prejudicam-imagem-do-pais","status":"publish","type":"post","link":"http:\/\/blogdalucianaoliveira.com.br\/blog\/2016\/07\/14\/golpistas-sao-desmascarados-e-prejudicam-imagem-do-pais\/","title":{"rendered":"Golpistas s\u00e3o desmascarados e prejudicam imagem do pa\u00eds"},"content":{"rendered":"<p><img data-recalc-dims=\"1\" loading=\"lazy\" decoding=\"async\" data-attachment-id=\"2365\" data-permalink=\"http:\/\/blogdalucianaoliveira.com.br\/blog\/2016\/07\/14\/golpistas-sao-desmascarados-e-prejudicam-imagem-do-pais\/image-532\/\" data-orig-file=\"https:\/\/i0.wp.com\/blogdalucianaoliveira.com.br\/blog\/wp-content\/uploads\/2016\/07\/image-84.jpeg?fit=300%2C327\" data-orig-size=\"300,327\" data-comments-opened=\"0\" data-image-meta=\"{&quot;aperture&quot;:&quot;0&quot;,&quot;credit&quot;:&quot;&quot;,&quot;camera&quot;:&quot;&quot;,&quot;caption&quot;:&quot;&quot;,&quot;created_timestamp&quot;:&quot;0&quot;,&quot;copyright&quot;:&quot;&quot;,&quot;focal_length&quot;:&quot;0&quot;,&quot;iso&quot;:&quot;0&quot;,&quot;shutter_speed&quot;:&quot;0&quot;,&quot;title&quot;:&quot;&quot;,&quot;orientation&quot;:&quot;0&quot;}\" data-image-title=\"image\" data-image-description=\"\" data-image-caption=\"\" data-medium-file=\"https:\/\/i0.wp.com\/blogdalucianaoliveira.com.br\/blog\/wp-content\/uploads\/2016\/07\/image-84.jpeg?fit=275%2C300\" data-large-file=\"https:\/\/i0.wp.com\/blogdalucianaoliveira.com.br\/blog\/wp-content\/uploads\/2016\/07\/image-84.jpeg?fit=300%2C327\" src=\"https:\/\/i0.wp.com\/blogdalucianaoliveira.com.br\/blog\/wp-content\/uploads\/2016\/07\/image-84.jpeg?resize=300%2C327\" alt=\"image\" width=\"300\" height=\"327\" class=\"alignnone size-full wp-image-2365\" srcset=\"https:\/\/i0.wp.com\/blogdalucianaoliveira.com.br\/blog\/wp-content\/uploads\/2016\/07\/image-84.jpeg?w=300 300w, https:\/\/i0.wp.com\/blogdalucianaoliveira.com.br\/blog\/wp-content\/uploads\/2016\/07\/image-84.jpeg?resize=275%2C300 275w\" sizes=\"auto, (max-width: 300px) 100vw, 300px\" \/><\/p>\n<p>&#8216;Le Monde&#8217;: &#8220;Dilma \u00e9 v\u00edtima de baixa manobra parlamentar&#8221;<\/p>\n<p>Coletivo de senadores de v\u00e1rias regi\u00f5es da Fran\u00e7a denunciam golpe baixo contra Dilma<!--more--><\/p>\n<p>Jornal do Brasil<\/p>\n<p>Hoje \u00e0s 10h03 &#8211; Atualizada hoje \u00e0s 10h34<br \/>\nUm coletivo de mais de trinta senadores de diversas regi\u00f5es da Fran\u00e7a se uniu para publicar nesta quarta-feira (13) uma mat\u00e9ria no jornal franc\u00eas Le Monde sobre o impeachment da presidente do Brasil afastada Dilma Rousseff.<\/p>\n<p>De forma sucinta, o texto do Le Monde alerta que a democracia chegou ao fim no Brasil e as m\u00e1scaras est\u00e3o caindo de forma r\u00e1pida. J\u00e1 n\u00e3o \u00e9 novidade que o afastamento da presidente foi uma manobra baixa para que muitos legisladores fossem poupados de processos de corrup\u00e7\u00e3o. O que n\u00e3o se considerou nem um minuto foi o fato de Dilma Rousseff ter sido eleita pela maioria do povo, com mais de 54 milh\u00f5es  de votos. <\/p>\n<p>Mat\u00e9ria do Le Monde afirma que a democracia do Brasil chegou ao fim com o impeachment de Dilma Rousseff<br \/>\nMat\u00e9ria do Le Monde afirma que a democracia do Brasil chegou ao fim com o impeachment de Dilma Rousseff<br \/>\nO Le Monde acrescenta, que al\u00e9m de aderir a um governo sem legitimidade, o pa\u00eds agora \u00e9 comandado exclusivamente por homens, o que n\u00e3o representa a grande diversidade da popula\u00e7\u00e3o brasileira. As primeiras decis\u00f5es do governo interino liderado por Michel Temer, foram claras: abolir minist\u00e9rio da cultura, igualdade de g\u00eanero, diversidade e Controladoria Geral da Uni\u00e3o. Em seguida, ele anunciou o fim de programas sociais como o &#8220;Minha Casa, Minha Vida&#8221; e &#8220;Mais M\u00e9dicos&#8221;. <\/p>\n<p>Para finalizar, o artigo do Le Monde diz que este \u00e9 um golpe de Estado institucional para destruir todas as reformas sociais que, durante os treze anos de governo de esquerda retirou mais de 40 milh\u00f5es de brasileiros da mis\u00e9ria. Os homens deste governo interino rapidamente desestabilizaram a pol\u00edtica e a economia do pa\u00eds. <\/p>\n<p>O Le Monde acrescenta, que al\u00e9m de aderir a um governo sem legitimidade, o pa\u00eds agora \u00e9 comandado exclusivamente por homens, o que n\u00e3o representa a grande diversidade da popula\u00e7\u00e3o brasileira. As primeiras decis\u00f5es do governo interino liderado por Michel Temer, foram claras: abolir minist\u00e9rio da cultura, igualdade de g\u00eanero, diversidade e Controladoria Geral da Uni\u00e3o. Em seguida, ele anunciou o fim de programas sociais como o &#8220;Minha Casa, Minha Vida&#8221; e &#8220;Mais M\u00e9dicos&#8221;. <\/p>\n<p>Para finalizar, o artigo do Le Monde diz que este \u00e9 um golpe de Estado institucional para destruir todas as reformas sociais que, durante os treze anos de governo de esquerda retirou mais de 40 milh\u00f5es de brasileiros da mis\u00e9ria. Os homens deste governo interino rapidamente desestabilizaram a pol\u00edtica e a economia do pa\u00eds. <\/p>\n","protected":false},"excerpt":{"rendered":"<p>&#8216;Le Monde&#8217;: &#8220;Dilma \u00e9 v\u00edtima de baixa manobra parlamentar&#8221; Coletivo de senadores de v\u00e1rias regi\u00f5es da Fran\u00e7a denunciam golpe baixo contra Dilma<\/p>\n","protected":false},"author":1,"featured_media":0,"comment_status":"closed","ping_status":"open","sticky":false,"template":"","format":"standard","meta":{"_exactmetrics_skip_tracking":false,"_exactmetrics_sitenote_active":false,"_exactmetrics_sitenote_note":"","_exactmetrics_sitenote_category":0,"jetpack_post_was_ever_published":false,"_jetpack_newsletter_access":"","_jetpack_dont_email_post_to_subs":false,"_jetpack_newsletter_tier_id":0,"_jetpack_memberships_contains_paywalled_content":false,"_jetpack_memberships_contains_paid_content":false,"footnotes":"","jetpack_publicize_message":"","jetpack_publicize_feature_enabled":true,"jetpack_social_post_already_shared":true,"jetpack_social_options":{"image_generator_settings":{"template":"highway","enabled":false},"version":2}},"categories":[1],"tags":[],"class_list":["post-2364","post","type-post","status-publish","format-standard","hentry","category-notas"],"jetpack_publicize_connections":[],"jetpack_sharing_enabled":true,"jetpack_featured_media_url":"","jetpack_shortlink":"https:\/\/wp.me\/p7wKYW-C8","jetpack-related-posts":[],"_links":{"self":[{"href":"http:\/\/blogdalucianaoliveira.com.br\/blog\/wp-json\/wp\/v2\/posts\/2364","targetHints":{"allow":["GET"]}}],"collection":[{"href":"http:\/\/blogdalucianaoliveira.com.br\/blog\/wp-json\/wp\/v2\/posts"}],"about":[{"href":"http:\/\/blogdalucianaoliveira.com.br\/blog\/wp-json\/wp\/v2\/types\/post"}],"author":[{"embeddable":true,"href":"http:\/\/blogdalucianaoliveira.com.br\/blog\/wp-json\/wp\/v2\/users\/1"}],"replies":[{"embeddable":true,"href":"http:\/\/blogdalucianaoliveira.com.br\/blog\/wp-json\/wp\/v2\/comments?post=2364"}],"version-history":[{"count":2,"href":"http:\/\/blogdalucianaoliveira.com.br\/blog\/wp-json\/wp\/v2\/posts\/2364\/revisions"}],"predecessor-version":[{"id":2367,"href":"http:\/\/blogdalucianaoliveira.com.br\/blog\/wp-json\/wp\/v2\/posts\/2364\/revisions\/2367"}],"wp:attachment":[{"href":"http:\/\/blogdalucianaoliveira.com.br\/blog\/wp-json\/wp\/v2\/media?parent=2364"}],"wp:term":[{"taxonomy":"category","embeddable":true,"href":"http:\/\/blogdalucianaoliveira.com.br\/blog\/wp-json\/wp\/v2\/categories?post=2364"},{"taxonomy":"post_tag","embeddable":true,"href":"http:\/\/blogdalucianaoliveira.com.br\/blog\/wp-json\/wp\/v2\/tags?post=2364"}],"curies":[{"name":"wp","href":"https:\/\/api.w.org\/{rel}","templated":true}]}}