{"id":23641,"date":"2019-08-29T05:43:20","date_gmt":"2019-08-29T09:43:20","guid":{"rendered":"http:\/\/blogdalucianaoliveira.com.br\/blog\/?p=23641"},"modified":"2019-08-29T05:43:20","modified_gmt":"2019-08-29T09:43:20","slug":"jornalista-que-denunciou-dia-do-fogo-e-atacado-em-novo-progresso-no-para","status":"publish","type":"post","link":"http:\/\/blogdalucianaoliveira.com.br\/blog\/2019\/08\/29\/jornalista-que-denunciou-dia-do-fogo-e-atacado-em-novo-progresso-no-para\/","title":{"rendered":"Jornalista que denunciou \u201cdia do fogo\u201d \u00e9 atacado em Novo Progresso, no Par\u00e1"},"content":{"rendered":"<figure id=\"attachment_23642\" aria-describedby=\"caption-attachment-23642\" style=\"width: 640px\" class=\"wp-caption alignnone\"><img data-recalc-dims=\"1\" loading=\"lazy\" decoding=\"async\" data-attachment-id=\"23642\" data-permalink=\"http:\/\/blogdalucianaoliveira.com.br\/blog\/2019\/08\/29\/jornalista-que-denunciou-dia-do-fogo-e-atacado-em-novo-progresso-no-para\/brazil-fire-amazon\/\" data-orig-file=\"https:\/\/i0.wp.com\/blogdalucianaoliveira.com.br\/blog\/wp-content\/uploads\/2019\/08\/95324F2F-4927-460F-BA06-4A2FB78CA032.jpeg?fit=640%2C418\" data-orig-size=\"640,418\" data-comments-opened=\"0\" data-image-meta=\"{&quot;aperture&quot;:&quot;0&quot;,&quot;credit&quot;:&quot;AFP&quot;,&quot;camera&quot;:&quot;&quot;,&quot;caption&quot;:&quot;Smokes rises from forest fires in Altamira, Para state, Brazil, in the Amazon basin, on August 27, 2019. - Brazil will accept foreign aid to help fight fires in the Amazon rainforest on the condition the Latin American country controls the money, the president&#039;s spokesman said Tuesday. (Photo by Joao Laet \\\/ AFP)&quot;,&quot;created_timestamp&quot;:&quot;1566941747&quot;,&quot;copyright&quot;:&quot;AFP or licensors&quot;,&quot;focal_length&quot;:&quot;0&quot;,&quot;iso&quot;:&quot;0&quot;,&quot;shutter_speed&quot;:&quot;0&quot;,&quot;title&quot;:&quot;BRAZIL-FIRE-AMAZON&quot;,&quot;orientation&quot;:&quot;0&quot;}\" data-image-title=\"BRAZIL-FIRE-AMAZON\" data-image-description=\"\" data-image-caption=\"&lt;p&gt;Smokes rises from forest fires in Altamira, Para state, Brazil, in the Amazon basin, on August 27, 2019. &amp;#8211; Brazil will accept foreign aid to help fight fires in the Amazon rainforest on the condition the Latin American country controls the money, the president&amp;#8217;s spokesman said Tuesday. (Photo by Joao Laet \/ AFP)&lt;\/p&gt;\n\" data-medium-file=\"https:\/\/i0.wp.com\/blogdalucianaoliveira.com.br\/blog\/wp-content\/uploads\/2019\/08\/95324F2F-4927-460F-BA06-4A2FB78CA032.jpeg?fit=300%2C196\" data-large-file=\"https:\/\/i0.wp.com\/blogdalucianaoliveira.com.br\/blog\/wp-content\/uploads\/2019\/08\/95324F2F-4927-460F-BA06-4A2FB78CA032.jpeg?fit=600%2C392\" class=\"size-full wp-image-23642\" src=\"https:\/\/i0.wp.com\/blogdalucianaoliveira.com.br\/blog\/wp-content\/uploads\/2019\/08\/95324F2F-4927-460F-BA06-4A2FB78CA032.jpeg?resize=600%2C392\" alt=\"Smokes rises from forest fires in Altamira, Para state, Brazil, in the Amazon basin, on August 27, 2019. - Brazil will accept foreign aid to help fight fires in the Amazon rainforest on the condition the Latin American country controls the money, the president's spokesman said Tuesday. (Photo by Joao Laet \/ AFP)\" width=\"600\" height=\"392\" srcset=\"https:\/\/i0.wp.com\/blogdalucianaoliveira.com.br\/blog\/wp-content\/uploads\/2019\/08\/95324F2F-4927-460F-BA06-4A2FB78CA032.jpeg?w=640 640w, https:\/\/i0.wp.com\/blogdalucianaoliveira.com.br\/blog\/wp-content\/uploads\/2019\/08\/95324F2F-4927-460F-BA06-4A2FB78CA032.jpeg?resize=300%2C196 300w, https:\/\/i0.wp.com\/blogdalucianaoliveira.com.br\/blog\/wp-content\/uploads\/2019\/08\/95324F2F-4927-460F-BA06-4A2FB78CA032.jpeg?resize=459%2C300 459w\" sizes=\"auto, (max-width: 600px) 100vw, 600px\" \/><figcaption id=\"caption-attachment-23642\" class=\"wp-caption-text\">Smokes rises from forest fires in Altamira, Para state, Brazil, in the Amazon basin, on August 27, 2019. &#8211; Brazil will accept foreign aid to help fight fires in the Amazon rainforest on the condition the Latin American country controls the money, the president&#8217;s spokesman said Tuesday. (Photo by Joao Laet \/ AFP)<\/figcaption><\/figure>\n<p>Amea\u00e7as circularam no Whatsapp e em panfletos distribu\u00eddos pela cidade. Um Boletim de Ocorr\u00eancia foi registrado<!--more--><\/p>\n<p>O jornalista Adecio Piran, de 56 anos, propriet\u00e1rio do jornal Folha do Progresso, que denunciou o protesto de produtores rurais, denominado de \u201cdia do fogo\u201d, foi atacado nesta quarta-feira (28), por meio de grupos da rede social Whastsapp, com um panfleto ap\u00f3crifo, que tamb\u00e9m foi distribu\u00eddo em vers\u00e3o impressa \u00e0 popula\u00e7\u00e3o de Novo Progresso, no sudoeste do Par\u00e1. O jornalista registrou um Boletim de Ocorr\u00eancia na Pol\u00edcia Civil. O panfleto traz uma foto montada de Adecio, na qual ele aparece de chap\u00e9u, com o s\u00edmbolo da cifra do d\u00f3lar no \u00f3culos preto, uma imagem de inc\u00eandio ao fundo e a frase: \u201cMentiroso, Estelionat\u00e1rio e Trambiqueiro\u201d.<\/p>\n<p>K\u00e1tia Brasil<br \/>\nAmaz\u00f4nia Real, no BDF<\/p>\n<p>Um dos trechos do panfleto acusa o jornalista de inventar a not\u00edcia do protesto \u201cdia do fogo\u201d para prejudicar o desenvolvimento de Novo Progresso, munic\u00edpio que enfrenta alta das queimadas. \u201cN\u00e3o \u00e9 de hoje que este senhor [Adecio] vem prejudicando nossa regi\u00e3o com falsas not\u00edcias que \u00e9 compartilhada por ONG\u00b4s e ativistas mundo afora fazendo com que nossa cidade seja vista como vil\u00e3 em queimadas e desmatamento, o que \u00e9 mentira\u201d, diz o panfleto.<\/p>\n<p>\u00c0 ag\u00eancia Amaz\u00f4nia Real, o jornalista Adecio Piran revelou que sua situa\u00e7\u00e3o de seguran\u00e7a estava dif\u00edcil. Ele contou que nasceu em Novo Progresso e trabalha como jornalista h\u00e1 20 anos, mesmo tempo que tem o ve\u00edculo. \u201c\u00c9 amea\u00e7a geral aqui. S\u00e3o [as amea\u00e7as] de pessoas que n\u00e3o aceitam a verdade e que, de uma forma ou outra, atacam para se esconder dos atos praticados\u201d, disse ele sobre os panfletos distribu\u00eddos em Novo Progresso.<\/p>\n<p>Adecio Piran afirmou que os anunciantes do jornal tamb\u00e9m est\u00e3o sendo amea\u00e7ados e coagidos. \u201cEles [os produtores rurais] est\u00e3o fazendo uma corrente para retirar os patrocinadores do jornal. Nossa situa\u00e7\u00e3o est\u00e1 muito complicada\u201d, e por isso o jornalista registrou um Boletim de Ocorr\u00eancia (BO) na Unidade Pol\u00edcia Civil da cidade.<\/p>\n<p>A reportagem teve acesso ao BO. No documento, o jornalista disse que \u00e9 alvo de difama\u00e7\u00e3o, cal\u00fania e amea\u00e7a por parte de grupos denominados de \u201cDireita Unida Renovada\u201d e \u201cCaneta Desesquerdizadora\u201d, ativos na rede social WhatsApp. Tamb\u00e9m responsabilizou Donizete Severino Duarte, que seria administrador do \u201cDireita Unida Renovada\u201d, em Novo Progresso, como um dos autores das amea\u00e7as.<\/p>\n<p>A reportagem n\u00e3o localizou Duarte para falar sobre a den\u00fancia. J\u00e1 o presidente do Sindicato dos Produtores Rurais de Novo Progresso, Agamenon Menezes afirmou que o jornalista mente e tamb\u00e9m registrou um BO contra Adecio Piran por cal\u00fania e difama\u00e7\u00e3o.<\/p>\n<p><img data-recalc-dims=\"1\" loading=\"lazy\" decoding=\"async\" data-attachment-id=\"23643\" data-permalink=\"http:\/\/blogdalucianaoliveira.com.br\/blog\/2019\/08\/29\/jornalista-que-denunciou-dia-do-fogo-e-atacado-em-novo-progresso-no-para\/9f9d241d-bb16-4b9f-b50b-d7c03dac60b9\/\" data-orig-file=\"https:\/\/i0.wp.com\/blogdalucianaoliveira.com.br\/blog\/wp-content\/uploads\/2019\/08\/9F9D241D-BB16-4B9F-B50B-D7C03DAC60B9.jpeg?fit=576%2C785\" data-orig-size=\"576,785\" data-comments-opened=\"0\" data-image-meta=\"{&quot;aperture&quot;:&quot;0&quot;,&quot;credit&quot;:&quot;&quot;,&quot;camera&quot;:&quot;&quot;,&quot;caption&quot;:&quot;&quot;,&quot;created_timestamp&quot;:&quot;1567021555&quot;,&quot;copyright&quot;:&quot;&quot;,&quot;focal_length&quot;:&quot;0&quot;,&quot;iso&quot;:&quot;0&quot;,&quot;shutter_speed&quot;:&quot;0&quot;,&quot;title&quot;:&quot;&quot;,&quot;orientation&quot;:&quot;0&quot;}\" data-image-title=\"9F9D241D-BB16-4B9F-B50B-D7C03DAC60B9\" data-image-description=\"\" data-image-caption=\"\" data-medium-file=\"https:\/\/i0.wp.com\/blogdalucianaoliveira.com.br\/blog\/wp-content\/uploads\/2019\/08\/9F9D241D-BB16-4B9F-B50B-D7C03DAC60B9.jpeg?fit=220%2C300\" data-large-file=\"https:\/\/i0.wp.com\/blogdalucianaoliveira.com.br\/blog\/wp-content\/uploads\/2019\/08\/9F9D241D-BB16-4B9F-B50B-D7C03DAC60B9.jpeg?fit=576%2C785\" class=\"alignnone size-full wp-image-23643\" src=\"https:\/\/i0.wp.com\/blogdalucianaoliveira.com.br\/blog\/wp-content\/uploads\/2019\/08\/9F9D241D-BB16-4B9F-B50B-D7C03DAC60B9.jpeg?resize=576%2C785\" alt=\"9F9D241D-BB16-4B9F-B50B-D7C03DAC60B9\" width=\"576\" height=\"785\" srcset=\"https:\/\/i0.wp.com\/blogdalucianaoliveira.com.br\/blog\/wp-content\/uploads\/2019\/08\/9F9D241D-BB16-4B9F-B50B-D7C03DAC60B9.jpeg?w=576 576w, https:\/\/i0.wp.com\/blogdalucianaoliveira.com.br\/blog\/wp-content\/uploads\/2019\/08\/9F9D241D-BB16-4B9F-B50B-D7C03DAC60B9.jpeg?resize=220%2C300 220w\" sizes=\"auto, (max-width: 576px) 100vw, 576px\" \/><\/p>\n<p>Em outro trecho do panfleto ap\u00f3crifo, Piran \u00e9 acusado de estelionato. \u201cO que estamos sabendo \u00e9 que esse cidad\u00e3o \u00e9 um estelionat\u00e1rio que extorque dinheiro de empres\u00e1rios e pol\u00edticos h\u00e1 anos, antes de publicar suas mat\u00e9rias mentirosas, um fracassado que vive de maracutaias.\u201d<\/p>\n<p>O jornalista rebateu a den\u00fancia, dizendo que seu ve\u00edculo, que tem uma p\u00e1gina na internet, sobrevive de pequenos an\u00fancios e n\u00e3o recebe recursos p\u00fablicos. Segundo ele, o jornal ganhou credibilidade ao longo dos anos, denunciando crimes ambientais.<\/p>\n<p>\u201cA imprensa na cidade n\u00e3o publica [as not\u00edcias dos crimes] com medo de repres\u00e1lias que ocorrem, principalmente sobre as causas ambientais\u201d, afirmou Piran.<\/p>\n<p>Sobre a acusa\u00e7\u00e3o do presidente do Sindicato dos Produtores Rurais de Novo Progresso, Agamenon Menezes, da qual o \u201cdia do fogo\u201d foi uma mentira inventada pelo jornal Folha do Progresso, o jornalista Adecio Piran indagou:<\/p>\n<p>\u201cO Ex\u00e9rcito n\u00e3o est\u00e1 aqui apagando fogo? Eles [ruralistas] precisam entender que a Amaz\u00f4nia n\u00e3o \u00e9 minha, \u00e9 do planeta\u201d.<\/p>\n<p>A reportagem da Amaz\u00f4nia Real procurou institui\u00e7\u00f5es como o Minist\u00e9rio P\u00fablico Federal do Par\u00e1, Federa\u00e7\u00e3o Nacional dos Jornalistas (Fenaj), Associa\u00e7\u00e3o Brasileira de Jornalismo Investigativo (Abraji) e o Artigo 19 da Constitui\u00e7\u00e3o, que defendem a liberdade de express\u00e3o e liberdade de imprensa. No que diz respeito \u00e0s institui\u00e7\u00f5es, elas informaram que est\u00e3o acompanhando a situa\u00e7\u00e3o do jornalista em Novo Progresso, mas ainda n\u00e3o se pronunciaram.<\/p>\n<p>A not\u00edcia do \u201cdia do fogo\u201d foi publicada no jornal Folha do Progresso em 5 de agosto e relatava que os produtores rurais estavam organizando o protesto no dia 10 de agosto para \u201cchamar aten\u00e7\u00e3o das autoridades\u201d sobre a falta de apoio do governo\u201d, e tamb\u00e9m para demonstrar que estavam \u201camparados pelas palavras\u201d do presidente Jair Bolsonaro (PSL), que contestou os dados dos desmatamentos na Amaz\u00f4nia e prometeu perdoar as multas de ruralistas por crimes ambientais.<\/p>\n<p>\u201cPrecisamos mostrar para o presidente [Jair Bolsonaro] que queremos trabalhar e o \u00fanico jeito \u00e9 derrubando. E para formar e limpar nossas pastagens, \u00e9 com fogo\u201d, disse um fazendeiro, ouvido pelo jornal Folha do Progresso, sob anonimato.<\/p>\n<p>Os dados do Inpe mostram que as queimadas explodiram no entorno da BR-163, justamente a partir do an\u00fancio do \u201cdia do fogo\u201d, informou a reportagem do jornal Folha do Progresso, que repercutiu em n\u00edvel internacional.<\/p>\n<p>No dia 14 de agosto, a Folha de S. Paulo publicou que, ap\u00f3s o \u201cdia do fogo\u201d,o Instituto Nacional de Pesquisas Espaciais (Inpe) registrou uma explos\u00e3o de focos de inc\u00eandio na regi\u00e3o de Novo Progresso, que fica a 1.643 km de dist\u00e2ncia de Bel\u00e9m. O aumento dos inc\u00eandios e queimadas foi de 300% no dia 10 de agosto, um s\u00e1bado, em compara\u00e7\u00e3o com o dia anterior. \u201cCom 124 registros, foi o recorde do ano, mas durou pouco: no domingo (11), j\u00e1 pulou para 203 casos. Nos \u00faltimos dias, a cidade conviveu com uma densa nuvem de fuma\u00e7a\u201d.<\/p>\n<p>A s\u00e9rie Amaz\u00f4nia em Chamas publicada pela ag\u00eancia Amaz\u00f4nia Real, revelou que funcion\u00e1rios do Instituto Brasileiro do Meio Ambiente e dos Recursos Naturais Renov\u00e1veis (Ibama), que atuam no sudoeste do Par\u00e1, solicitaram apoio da For\u00e7a Nacional de Seguran\u00e7a (FNS), subordinada ao ministro da Justi\u00e7a, S\u00e9rgio Moro, para apoiar a fiscaliza\u00e7\u00e3o e deter a manifesta\u00e7\u00e3o pelo \u201cdia do fogo\u201d, mas n\u00e3o foram atendidos, apesar de serem cobrados pelo MPF.<\/p>\n<p class=\"ckeditor-subtitle\">Ruralista registrou BO<\/p>\n<p>&nbsp;<\/p>\n<p class=\"ckeditor-img-caption\"><img data-recalc-dims=\"1\" decoding=\"async\" src=\"https:\/\/i0.wp.com\/farm66.staticflickr.com\/65535\/48638573778_f3a21d6f99_o.jpg?w=600&#038;ssl=1\" alt=\"\" \/>Queimadas no Parna Jamanxim em Novo Progresso no Par\u00e1 em 24 de agosto de 2019 (Foto: Victor Moriyama \/ Greenpeace)<\/p>\n<p><a href=\"https:\/\/amazoniareal.com.br\/amazonia-em-chamas-ibama-pediu-apoio-a-forca-nacional-para-deter-o-dia-do-fogo-mas-moro-nao-atendeu\/\" target=\"_blank\" rel=\"noopener\">Em entrevista anterior \u00e0 amea\u00e7a ao jornalista\u00a0Adecio Piran, o\u00a0presidente do Sindicato dos Produtores Rurais de Novo Progresso, Agamenon Menezes, <\/a>negou que existiu o \u201cdia do fogo\u201d\u00a0e desclassificou o profissional.<\/p>\n<p>\u201c\u00c9 um jornalista revoltado aqui, ele n\u00e3o \u00e9 bem certo da cabe\u00e7a. Ele de vez em quando faz umas reportagens malucas\u00a0desse a\u00ed, n\u00e3o sei\u00a0d\u00e1 onde\u00a0ele tirou. Como ele \u00e9 jornalista, e tem o direito do sigilo, ele n\u00e3o conta quem foi que contou. N\u00f3s queremos saber quem \u00e9 que falou para ele que iria fazer isso, mas [ele] n\u00e3o conta, ele fica com a lei do sigilo\u201d, disse o ruralista.<\/p>\n<p>Procurado nesta quarta-feira (28), Agamenon\u00a0Menezes afirmou que registrou um Boletim de Ocorr\u00eancia (BO) contra o jornalista\u00a0Adecio\u00a0Piran,\u00a0no dia 10 de agosto. \u201cO sindicato registrou um BO em cima do jornal\u00a0e tem uma\u00a0investiga\u00e7\u00e3o\u00a0em\u00a0isso a\u00ed. Ele mentiu muito, inventou uma hist\u00f3ria e deu um preju\u00edzo moral e financeiro para todo mundo\u201d, disse o sindicalista.<\/p>\n<p>Perguntado se soube\u00a0da distribui\u00e7\u00e3o\u00a0dos panfletos ap\u00f3crifos com\u00a0amea\u00e7as\u00a0ao jornalista, Menezes afirmou:\u00a0\u201cT\u00f4\u00a0sabendo que o pessoal aqui est\u00e1 revoltado com ele [o jornalista]. Mas aqui a gente \u00e9\u00a0ordeira; ningu\u00e9m vai fazer nada com ele, que \u00e9\u00a0uma pessoa imoral. Ele inventa hist\u00f3rias e j\u00e1 inventou outras vezes\u201d,\u00a0disse.<\/p>\n<p>A\u00a0<strong>Amaz\u00f4nia\u00a0<\/strong><strong>Real<\/strong> perguntou que outras inverdades o jornalista teria publicado anteriormente e o sindicalista desconversou. \u201cN\u00e3o lembro agora. \u201d\u00a0A reportagem apresentou ao sindicalista o dado de que o Inpe havia detectado um aumento de 300% nas queimadas\u00a0em\u00a0Novo Progresso no \u201cdia do fogo\u201d, isto \u00e9, na data de 10 de agosto. Questionou a rela\u00e7\u00e3o entre o aumento significativo das queimadas, no dia em que foi anunciado o protesto dos produtores rurais.<\/p>\n<p>\u201cIsso \u00e9 tamb\u00e9m mentiroso, uma cal\u00fania, n\u00e3o existiu. Eles [o Inpe] pegam um fogo de calor de uma fogueira de S\u00e3o Jo\u00e3o, por exemplo, e dizem que \u00e9 um foco de calor\u00a0de derrubada de floresta,\u00a0certo! \u201d, afirmou Menezes.\u00a0\u201cIsso interessa muito \u00e0 comunidade internacional\u00a0para prejudicar nosso presidente [Jair Bolsonaro]\u201d, completou.<\/p>\n<p>Agamenon Menezes disse que est\u00e1 \u00e0 frente do sindicato h\u00e1 23 anos.\u00a0Para ele, todos os anos h\u00e1 queimadas\u00a0para a produ\u00e7\u00e3o do\u00a0pasto\u00a0na regi\u00e3o. \u201cMuitas vezes a pessoa, por acidente, queima o pasto. O que est\u00e1 acontecendo agora \u00e9 o clima, n\u00e3o \u00e9 que est\u00e3o tocando fogo na floresta. A\u00ed, o Inpe coloca l\u00e1 como se tudo fosse queimada\u201d, disse o sindicalista.<\/p>\n<p>A reportagem explicou para\u00a0o sindicalista\u00a0que nas imagens de sat\u00e9lites, das quais o Inpe faz o monitoramento de queimadas desde 1989, e (nas) as fotografias que est\u00e3o na regi\u00e3o de Novo Progresso e Altamira, mostram que as queimadas aumentaram por causa dos desmatamentos. Ent\u00e3o questionou: O que o senhor tem a dizer?<\/p>\n<p>\u201cO desmatamento realmente existe, aquelas bolas de desmatamentos existem. Mas voc\u00ea sabe que na legisla\u00e7\u00e3o brasileira na Amaz\u00f4nia,\u00a0a pessoa pode\u00a0usar 20% da \u00e1rea para desmatar com o plano de manejo. Se permite, o que eu posso fazer\u00a0se n\u00e3o \u00e9\u00a0proibido? \u201d, questiona Agamenon Menezes.<\/p>\n<p>O presidente do Sindicato dos Produtores Rurais de Novo Progresso, contudo,\u00a0reconhece que h\u00e1 desmatamento ilegal, mas questionou. \u201cA maioria dos produtores\u00a0trabalha\u00a0na legalidade, mas\u00a0n\u00e3o podem dizer que tudo que \u00e9 madeira daqui \u00e9 ilegal. Ent\u00e3o tudo que desmata aqui \u00e9 ilegal? Todo fogo \u00e9 ilegal, \u00e9 proibido? Ent\u00e3o o que querem fazer com n\u00f3s aqui da\u00a0Amaz\u00f4nia? \u201d, finalizou Menezes.<\/p>\n<p>&nbsp;<\/p>\n<p class=\"ckeditor-img-caption\"><img data-recalc-dims=\"1\" decoding=\"async\" src=\"https:\/\/i0.wp.com\/farm66.staticflickr.com\/65535\/48638582703_ca63d38564_o.jpg?w=600&#038;ssl=1\" alt=\"\" \/><\/p>\n<p>O jornalista Ueliton Brizon, foi morto em 16 de janeiro de 2018 (Foto: Arquivo da fam\u00edlia)<\/p>\n<p>Segundo a organiza\u00e7\u00e3o\u00a0n\u00e3o-governamental de direitos humanos Artigo 19, a viol\u00eancia\u00a0contra jornalistas\u00a0aumentou\u00a0nos \u00faltimos anos\u202fno Brasil.\u00a0De janeiro at\u00e9 o m\u00eas de agosto de 2019,\u00a0foram 26 amea\u00e7as, 1 sequestro, 4 tentativas de homic\u00eddio e 4 assassinatos.\u00a0As principais v\u00edtimas foram jornalistas (17 profissionais). Em 2018 foram 35 amea\u00e7as, mesmo n\u00famero de 2012 e 2015.<\/p>\n<p>Na Amaz\u00f4nia, em 2018, foram assassinados o jornalista\u00a0Ueliton\u00a0Brizon, em Rond\u00f4nia, e\u00a0Jairo Jos\u00e9 de Sousa, da R\u00e1dio P\u00e9rola,\u00a0no Par\u00e1.<\/p>\n<p>A morte de\u00a0Brizon\u00a0aconteceu no dia\u00a016 de janeiro, no munic\u00edpio de Cacoal (RO). Al\u00e9m dele,\u202f<a href=\"http:\/\/amazoniareal.com.br\/liberdade-de-imprensa-sao-graves-as-violacoes-contra-comunicadores-de-rondonia\/\" target=\"_blank\" rel=\"noreferrer noopener\">o radialista Hamilton Alves, da r\u00e1dio Nova Jaru FM,\u00a0tamb\u00e9m no Par\u00e1, <\/a>sofreu um atentado no dia 20 de abril. Ningu\u00e9m foi preso\u00a0pelos crimes at\u00e9 o presente momento.<\/p>\n<p>Jairo de Sousa foi assassinado\u00a0em 21 de junho, em Bragan\u00e7a, no Par\u00e1.\u00a0No programa radiof\u00f4nico,\u00a0ele\u00a0apresentava diariamente den\u00fancias contra a administra\u00e7\u00e3o p\u00fablica da cidade e de munic\u00edpios vizinhos. O vereador Cesar Monteiro (PR),\u00a0foi apontado como\u00a0suspeito de ter\u00a0encomendado a morte do radialista a pistoleiros,\u00a0<a href=\"https:\/\/ponte.org\/vereador-e-suspeito-de-mandar-matar-radialista-jairo-de-sousa-no-para\/\" target=\"_blank\" rel=\"noreferrer noopener\">segundo informou a ag\u00eancia Ponte de Jornalismo<\/a>.<\/p>\n<p class=\"editor\">Edi\u00e7\u00e3o: Amaz\u00f4nia Real<\/p>\n<div class=\"content-footer\"><\/div>\n","protected":false},"excerpt":{"rendered":"<p>Amea\u00e7as circularam no Whatsapp e em panfletos distribu\u00eddos pela cidade. Um Boletim de Ocorr\u00eancia foi registrado<\/p>\n","protected":false},"author":1,"featured_media":0,"comment_status":"closed","ping_status":"open","sticky":false,"template":"","format":"standard","meta":{"_exactmetrics_skip_tracking":false,"_exactmetrics_sitenote_active":false,"_exactmetrics_sitenote_note":"","_exactmetrics_sitenote_category":0,"jetpack_post_was_ever_published":false,"_jetpack_newsletter_access":"","_jetpack_dont_email_post_to_subs":false,"_jetpack_newsletter_tier_id":0,"_jetpack_memberships_contains_paywalled_content":false,"_jetpack_memberships_contains_paid_content":false,"footnotes":"","jetpack_publicize_message":"","jetpack_publicize_feature_enabled":true,"jetpack_social_post_already_shared":true,"jetpack_social_options":{"image_generator_settings":{"template":"highway","enabled":false},"version":2}},"categories":[1],"tags":[],"class_list":["post-23641","post","type-post","status-publish","format-standard","hentry","category-notas"],"jetpack_publicize_connections":[],"jetpack_sharing_enabled":true,"jetpack_featured_media_url":"","jetpack_shortlink":"https:\/\/wp.me\/p7wKYW-69j","jetpack-related-posts":[],"_links":{"self":[{"href":"http:\/\/blogdalucianaoliveira.com.br\/blog\/wp-json\/wp\/v2\/posts\/23641","targetHints":{"allow":["GET"]}}],"collection":[{"href":"http:\/\/blogdalucianaoliveira.com.br\/blog\/wp-json\/wp\/v2\/posts"}],"about":[{"href":"http:\/\/blogdalucianaoliveira.com.br\/blog\/wp-json\/wp\/v2\/types\/post"}],"author":[{"embeddable":true,"href":"http:\/\/blogdalucianaoliveira.com.br\/blog\/wp-json\/wp\/v2\/users\/1"}],"replies":[{"embeddable":true,"href":"http:\/\/blogdalucianaoliveira.com.br\/blog\/wp-json\/wp\/v2\/comments?post=23641"}],"version-history":[{"count":1,"href":"http:\/\/blogdalucianaoliveira.com.br\/blog\/wp-json\/wp\/v2\/posts\/23641\/revisions"}],"predecessor-version":[{"id":23644,"href":"http:\/\/blogdalucianaoliveira.com.br\/blog\/wp-json\/wp\/v2\/posts\/23641\/revisions\/23644"}],"wp:attachment":[{"href":"http:\/\/blogdalucianaoliveira.com.br\/blog\/wp-json\/wp\/v2\/media?parent=23641"}],"wp:term":[{"taxonomy":"category","embeddable":true,"href":"http:\/\/blogdalucianaoliveira.com.br\/blog\/wp-json\/wp\/v2\/categories?post=23641"},{"taxonomy":"post_tag","embeddable":true,"href":"http:\/\/blogdalucianaoliveira.com.br\/blog\/wp-json\/wp\/v2\/tags?post=23641"}],"curies":[{"name":"wp","href":"https:\/\/api.w.org\/{rel}","templated":true}]}}