{"id":23645,"date":"2019-08-29T16:32:28","date_gmt":"2019-08-29T20:32:28","guid":{"rendered":"http:\/\/blogdalucianaoliveira.com.br\/blog\/?p=23645"},"modified":"2019-08-29T16:32:28","modified_gmt":"2019-08-29T20:32:28","slug":"nao-e-como-sempre","status":"publish","type":"post","link":"http:\/\/blogdalucianaoliveira.com.br\/blog\/2019\/08\/29\/nao-e-como-sempre\/","title":{"rendered":"N\u00e3o \u00e9 como sempre"},"content":{"rendered":"<div class=\"fb-post\" data-href=\"https:\/\/www.facebook.com\/100001977379087\/posts\/2524054974337057?sfns=mo\" data-width=\"552\"><\/div>\n<p>Sul do Amazonas, estado que registra agosto de 2019 como o m\u00eas com maior n\u00famero de focos de queimadas.<\/p>\n<p>Foram 6.145 focos, segundo o Instituto Nacional de Pesquisas Espaciais (Inpe) no estado at\u00e9 esta ter\u00e7a-feira (27).<\/p>\n<p>Supera o agosto da s\u00e9rie hist\u00f3rica de 2005.<\/p>\n<p>Acre e Rond\u00f4nia tamb\u00e9m superaram a m\u00e9dia hist\u00f3rica.<\/p>\n<p>Vai ver pra crer.<\/p>\n","protected":false},"excerpt":{"rendered":"<p>Sul do Amazonas, estado que registra agosto de 2019 como o m\u00eas com maior n\u00famero de focos de queimadas. Foram 6.145 focos, segundo o Instituto Nacional de Pesquisas Espaciais (Inpe) no estado at\u00e9 esta ter\u00e7a-feira (27). Supera o agosto da s\u00e9rie hist\u00f3rica de 2005. Acre e Rond\u00f4nia tamb\u00e9m superaram a m\u00e9dia hist\u00f3rica. Vai ver pra&#8230;<a class=\"more-link\" href=\"http:\/\/blogdalucianaoliveira.com.br\/blog\/2019\/08\/29\/nao-e-como-sempre\/\">Continue a leitura <span class=\"meta-nav\">&raquo;<\/span><\/a><\/p>\n","protected":false},"author":1,"featured_media":0,"comment_status":"closed","ping_status":"open","sticky":false,"template":"","format":"standard","meta":{"_exactmetrics_skip_tracking":false,"_exactmetrics_sitenote_active":false,"_exactmetrics_sitenote_note":"","_exactmetrics_sitenote_category":0,"jetpack_post_was_ever_published":false,"_jetpack_newsletter_access":"","_jetpack_dont_email_post_to_subs":false,"_jetpack_newsletter_tier_id":0,"_jetpack_memberships_contains_paywalled_content":false,"_jetpack_memberships_contains_paid_content":false,"footnotes":"","jetpack_publicize_message":"","jetpack_publicize_feature_enabled":true,"jetpack_social_post_already_shared":true,"jetpack_social_options":{"image_generator_settings":{"template":"highway","enabled":false},"version":2}},"categories":[1],"tags":[],"class_list":["post-23645","post","type-post","status-publish","format-standard","hentry","category-notas"],"jetpack_publicize_connections":[],"jetpack_sharing_enabled":true,"jetpack_featured_media_url":"","jetpack_shortlink":"https:\/\/wp.me\/p7wKYW-69n","jetpack-related-posts":[],"_links":{"self":[{"href":"http:\/\/blogdalucianaoliveira.com.br\/blog\/wp-json\/wp\/v2\/posts\/23645","targetHints":{"allow":["GET"]}}],"collection":[{"href":"http:\/\/blogdalucianaoliveira.com.br\/blog\/wp-json\/wp\/v2\/posts"}],"about":[{"href":"http:\/\/blogdalucianaoliveira.com.br\/blog\/wp-json\/wp\/v2\/types\/post"}],"author":[{"embeddable":true,"href":"http:\/\/blogdalucianaoliveira.com.br\/blog\/wp-json\/wp\/v2\/users\/1"}],"replies":[{"embeddable":true,"href":"http:\/\/blogdalucianaoliveira.com.br\/blog\/wp-json\/wp\/v2\/comments?post=23645"}],"version-history":[{"count":1,"href":"http:\/\/blogdalucianaoliveira.com.br\/blog\/wp-json\/wp\/v2\/posts\/23645\/revisions"}],"predecessor-version":[{"id":23646,"href":"http:\/\/blogdalucianaoliveira.com.br\/blog\/wp-json\/wp\/v2\/posts\/23645\/revisions\/23646"}],"wp:attachment":[{"href":"http:\/\/blogdalucianaoliveira.com.br\/blog\/wp-json\/wp\/v2\/media?parent=23645"}],"wp:term":[{"taxonomy":"category","embeddable":true,"href":"http:\/\/blogdalucianaoliveira.com.br\/blog\/wp-json\/wp\/v2\/categories?post=23645"},{"taxonomy":"post_tag","embeddable":true,"href":"http:\/\/blogdalucianaoliveira.com.br\/blog\/wp-json\/wp\/v2\/tags?post=23645"}],"curies":[{"name":"wp","href":"https:\/\/api.w.org\/{rel}","templated":true}]}}