{"id":23647,"date":"2019-08-29T16:35:44","date_gmt":"2019-08-29T20:35:44","guid":{"rendered":"http:\/\/blogdalucianaoliveira.com.br\/blog\/?p=23647"},"modified":"2019-08-29T16:35:44","modified_gmt":"2019-08-29T20:35:44","slug":"a-fronteira-agricola-no-amazonas","status":"publish","type":"post","link":"http:\/\/blogdalucianaoliveira.com.br\/blog\/2019\/08\/29\/a-fronteira-agricola-no-amazonas\/","title":{"rendered":"A fronteira agr\u00edcola no Amazonas"},"content":{"rendered":"<p><img data-recalc-dims=\"1\" loading=\"lazy\" decoding=\"async\" data-attachment-id=\"23648\" data-permalink=\"http:\/\/blogdalucianaoliveira.com.br\/blog\/2019\/08\/29\/a-fronteira-agricola-no-amazonas\/cadd5a97-2960-47f7-b12b-5059dded77cb\/\" data-orig-file=\"https:\/\/i0.wp.com\/blogdalucianaoliveira.com.br\/blog\/wp-content\/uploads\/2019\/08\/CADD5A97-2960-47F7-B12B-5059DDED77CB.jpeg?fit=3088%2C2320\" data-orig-size=\"3088,2320\" data-comments-opened=\"0\" data-image-meta=\"{&quot;aperture&quot;:&quot;0&quot;,&quot;credit&quot;:&quot;&quot;,&quot;camera&quot;:&quot;&quot;,&quot;caption&quot;:&quot;&quot;,&quot;created_timestamp&quot;:&quot;0&quot;,&quot;copyright&quot;:&quot;&quot;,&quot;focal_length&quot;:&quot;0&quot;,&quot;iso&quot;:&quot;0&quot;,&quot;shutter_speed&quot;:&quot;0&quot;,&quot;title&quot;:&quot;&quot;,&quot;orientation&quot;:&quot;3&quot;}\" data-image-title=\"CADD5A97-2960-47F7-B12B-5059DDED77CB\" data-image-description=\"\" data-image-caption=\"\" data-medium-file=\"https:\/\/i0.wp.com\/blogdalucianaoliveira.com.br\/blog\/wp-content\/uploads\/2019\/08\/CADD5A97-2960-47F7-B12B-5059DDED77CB.jpeg?fit=300%2C225\" data-large-file=\"https:\/\/i0.wp.com\/blogdalucianaoliveira.com.br\/blog\/wp-content\/uploads\/2019\/08\/CADD5A97-2960-47F7-B12B-5059DDED77CB.jpeg?fit=600%2C451\" src=\"https:\/\/i0.wp.com\/blogdalucianaoliveira.com.br\/blog\/wp-content\/uploads\/2019\/08\/CADD5A97-2960-47F7-B12B-5059DDED77CB.jpeg?resize=600%2C451\" alt=\"CADD5A97-2960-47F7-B12B-5059DDED77CB\" width=\"600\" height=\"451\" class=\"alignnone size-full wp-image-23648\" srcset=\"https:\/\/i0.wp.com\/blogdalucianaoliveira.com.br\/blog\/wp-content\/uploads\/2019\/08\/CADD5A97-2960-47F7-B12B-5059DDED77CB.jpeg?w=3088 3088w, https:\/\/i0.wp.com\/blogdalucianaoliveira.com.br\/blog\/wp-content\/uploads\/2019\/08\/CADD5A97-2960-47F7-B12B-5059DDED77CB.jpeg?resize=300%2C225 300w, https:\/\/i0.wp.com\/blogdalucianaoliveira.com.br\/blog\/wp-content\/uploads\/2019\/08\/CADD5A97-2960-47F7-B12B-5059DDED77CB.jpeg?resize=768%2C577 768w, https:\/\/i0.wp.com\/blogdalucianaoliveira.com.br\/blog\/wp-content\/uploads\/2019\/08\/CADD5A97-2960-47F7-B12B-5059DDED77CB.jpeg?resize=1024%2C769 1024w, https:\/\/i0.wp.com\/blogdalucianaoliveira.com.br\/blog\/wp-content\/uploads\/2019\/08\/CADD5A97-2960-47F7-B12B-5059DDED77CB.jpeg?resize=399%2C300 399w, https:\/\/i0.wp.com\/blogdalucianaoliveira.com.br\/blog\/wp-content\/uploads\/2019\/08\/CADD5A97-2960-47F7-B12B-5059DDED77CB.jpeg?w=1200 1200w, https:\/\/i0.wp.com\/blogdalucianaoliveira.com.br\/blog\/wp-content\/uploads\/2019\/08\/CADD5A97-2960-47F7-B12B-5059DDED77CB.jpeg?w=1800 1800w\" sizes=\"auto, (max-width: 600px) 100vw, 600px\" \/><\/p>\n<p>Rodovia Transamaz\u00f4nica, ou BR-230, constru\u00edda durante a ditadura militar. <\/p>\n<p>As obras come\u00e7aram em 1969 e terminaram quando nasci.<\/p>\n<p>4.260 km ligando das cidades de Cabedelo, na Para\u00edba, a L\u00e1brea, no Amazonas.<\/p>\n<p>Corta sete estados: Para\u00edba, Cear\u00e1, Piau\u00ed, Maranh\u00e3o, Tocantins, Par\u00e1 e Amazonas. <\/p>\n<p>Muito dela n\u00e3o est\u00e1 asfaltada, como neste trecho entre Humait\u00e1 e Santo Ant\u00f4nio do Matupi. <\/p>\n<p>H\u00e1 quem chame de inferno trafegar nesta poeira que em \u00e9poca de queimadas se mistura com fuma\u00e7a.<\/p>\n<p>Com a extrema seca, com cascalho solto, os ve\u00edculos deslizam. <\/p>\n<p>At\u00e9 hoje h\u00e1 quem acha uma obra fara\u00f4nica fracassada, porque n\u00e3o restou eficiente na ideia de assentar milhares de colonos e porque fica praticamente intrafeg\u00e1vel em metade do ano, no per\u00edodo chuvoso. <\/p>\n<p>Ou seja, em metade do ano faz carros deslizarem, em outra metade tamb\u00e9m.<\/p>\n","protected":false},"excerpt":{"rendered":"<p>Rodovia Transamaz\u00f4nica, ou BR-230, constru\u00edda durante a ditadura militar. As obras come\u00e7aram em 1969 e terminaram quando nasci. 4.260 km ligando das cidades de Cabedelo, na Para\u00edba, a L\u00e1brea, no Amazonas. Corta sete estados: Para\u00edba, Cear\u00e1, Piau\u00ed, Maranh\u00e3o, Tocantins, Par\u00e1 e Amazonas. Muito dela n\u00e3o est\u00e1 asfaltada, como neste trecho entre Humait\u00e1 e Santo Ant\u00f4nio&#8230;<a class=\"more-link\" href=\"http:\/\/blogdalucianaoliveira.com.br\/blog\/2019\/08\/29\/a-fronteira-agricola-no-amazonas\/\">Continue a leitura <span class=\"meta-nav\">&raquo;<\/span><\/a><\/p>\n","protected":false},"author":1,"featured_media":0,"comment_status":"closed","ping_status":"open","sticky":false,"template":"","format":"standard","meta":{"_exactmetrics_skip_tracking":false,"_exactmetrics_sitenote_active":false,"_exactmetrics_sitenote_note":"","_exactmetrics_sitenote_category":0,"jetpack_post_was_ever_published":false,"_jetpack_newsletter_access":"","_jetpack_dont_email_post_to_subs":false,"_jetpack_newsletter_tier_id":0,"_jetpack_memberships_contains_paywalled_content":false,"_jetpack_memberships_contains_paid_content":false,"footnotes":"","jetpack_publicize_message":"","jetpack_publicize_feature_enabled":true,"jetpack_social_post_already_shared":true,"jetpack_social_options":{"image_generator_settings":{"template":"highway","enabled":false},"version":2}},"categories":[1],"tags":[],"class_list":["post-23647","post","type-post","status-publish","format-standard","hentry","category-notas"],"jetpack_publicize_connections":[],"jetpack_sharing_enabled":true,"jetpack_featured_media_url":"","jetpack_shortlink":"https:\/\/wp.me\/p7wKYW-69p","jetpack-related-posts":[],"_links":{"self":[{"href":"http:\/\/blogdalucianaoliveira.com.br\/blog\/wp-json\/wp\/v2\/posts\/23647","targetHints":{"allow":["GET"]}}],"collection":[{"href":"http:\/\/blogdalucianaoliveira.com.br\/blog\/wp-json\/wp\/v2\/posts"}],"about":[{"href":"http:\/\/blogdalucianaoliveira.com.br\/blog\/wp-json\/wp\/v2\/types\/post"}],"author":[{"embeddable":true,"href":"http:\/\/blogdalucianaoliveira.com.br\/blog\/wp-json\/wp\/v2\/users\/1"}],"replies":[{"embeddable":true,"href":"http:\/\/blogdalucianaoliveira.com.br\/blog\/wp-json\/wp\/v2\/comments?post=23647"}],"version-history":[{"count":1,"href":"http:\/\/blogdalucianaoliveira.com.br\/blog\/wp-json\/wp\/v2\/posts\/23647\/revisions"}],"predecessor-version":[{"id":23649,"href":"http:\/\/blogdalucianaoliveira.com.br\/blog\/wp-json\/wp\/v2\/posts\/23647\/revisions\/23649"}],"wp:attachment":[{"href":"http:\/\/blogdalucianaoliveira.com.br\/blog\/wp-json\/wp\/v2\/media?parent=23647"}],"wp:term":[{"taxonomy":"category","embeddable":true,"href":"http:\/\/blogdalucianaoliveira.com.br\/blog\/wp-json\/wp\/v2\/categories?post=23647"},{"taxonomy":"post_tag","embeddable":true,"href":"http:\/\/blogdalucianaoliveira.com.br\/blog\/wp-json\/wp\/v2\/tags?post=23647"}],"curies":[{"name":"wp","href":"https:\/\/api.w.org\/{rel}","templated":true}]}}