{"id":23658,"date":"2019-08-29T18:42:02","date_gmt":"2019-08-29T22:42:02","guid":{"rendered":"http:\/\/blogdalucianaoliveira.com.br\/blog\/?p=23658"},"modified":"2019-08-29T18:42:02","modified_gmt":"2019-08-29T22:42:02","slug":"se-derrubarmos-mais-5-da-amazonia-ela-pode-se-tornar-uma-savana-avalia-especialista","status":"publish","type":"post","link":"http:\/\/blogdalucianaoliveira.com.br\/blog\/2019\/08\/29\/se-derrubarmos-mais-5-da-amazonia-ela-pode-se-tornar-uma-savana-avalia-especialista\/","title":{"rendered":"Se derrubarmos mais 5% da Amaz\u00f4nia ela pode se tornar uma savana, avalia especialista"},"content":{"rendered":"<p><img data-recalc-dims=\"1\" loading=\"lazy\" decoding=\"async\" data-attachment-id=\"23659\" data-permalink=\"http:\/\/blogdalucianaoliveira.com.br\/blog\/2019\/08\/29\/se-derrubarmos-mais-5-da-amazonia-ela-pode-se-tornar-uma-savana-avalia-especialista\/093f1f4d-7da9-4053-b2a8-baa35beea968\/\" data-orig-file=\"https:\/\/i0.wp.com\/blogdalucianaoliveira.com.br\/blog\/wp-content\/uploads\/2019\/08\/093F1F4D-7DA9-4053-B2A8-BAA35BEEA968.jpeg?fit=640%2C427\" data-orig-size=\"640,427\" data-comments-opened=\"0\" data-image-meta=\"{&quot;aperture&quot;:&quot;0&quot;,&quot;credit&quot;:&quot;&quot;,&quot;camera&quot;:&quot;Canon EOS 80D&quot;,&quot;caption&quot;:&quot;&quot;,&quot;created_timestamp&quot;:&quot;1496553514&quot;,&quot;copyright&quot;:&quot;&quot;,&quot;focal_length&quot;:&quot;250&quot;,&quot;iso&quot;:&quot;2500&quot;,&quot;shutter_speed&quot;:&quot;0.003125&quot;,&quot;title&quot;:&quot;&quot;,&quot;orientation&quot;:&quot;0&quot;}\" data-image-title=\"093F1F4D-7DA9-4053-B2A8-BAA35BEEA968\" data-image-description=\"\" data-image-caption=\"\" data-medium-file=\"https:\/\/i0.wp.com\/blogdalucianaoliveira.com.br\/blog\/wp-content\/uploads\/2019\/08\/093F1F4D-7DA9-4053-B2A8-BAA35BEEA968.jpeg?fit=300%2C200\" data-large-file=\"https:\/\/i0.wp.com\/blogdalucianaoliveira.com.br\/blog\/wp-content\/uploads\/2019\/08\/093F1F4D-7DA9-4053-B2A8-BAA35BEEA968.jpeg?fit=600%2C400\" class=\"alignnone size-full wp-image-23659\" src=\"https:\/\/i0.wp.com\/blogdalucianaoliveira.com.br\/blog\/wp-content\/uploads\/2019\/08\/093F1F4D-7DA9-4053-B2A8-BAA35BEEA968.jpeg?resize=600%2C400\" alt=\"093F1F4D-7DA9-4053-B2A8-BAA35BEEA968\" width=\"600\" height=\"400\" srcset=\"https:\/\/i0.wp.com\/blogdalucianaoliveira.com.br\/blog\/wp-content\/uploads\/2019\/08\/093F1F4D-7DA9-4053-B2A8-BAA35BEEA968.jpeg?w=640 640w, https:\/\/i0.wp.com\/blogdalucianaoliveira.com.br\/blog\/wp-content\/uploads\/2019\/08\/093F1F4D-7DA9-4053-B2A8-BAA35BEEA968.jpeg?resize=300%2C200 300w, https:\/\/i0.wp.com\/blogdalucianaoliveira.com.br\/blog\/wp-content\/uploads\/2019\/08\/093F1F4D-7DA9-4053-B2A8-BAA35BEEA968.jpeg?resize=450%2C300 450w\" sizes=\"auto, (max-width: 600px) 100vw, 600px\" \/><\/p>\n<p>Para Ricardo Abramovay, a destrui\u00e7\u00e3o da floresta n\u00e3o atende, sequer, o combate \u00e0 pobreza<!--more--><\/p>\n<p>Jos\u00e9 Bernardes<br \/>\nBrasil de Fato |<\/p>\n<p>As recentes queimadas na Amaz\u00f4nia colocaram o pa\u00eds em alerta. Persistindo o alto \u00edndice de desmatamento e os usos criminosos da terra, a maior floresta tropical do planeta poder\u00e1 entrar em colapso, afetando o clima de todo o planeta.<\/p>\n<p>Para entender o que est\u00e1 acontecendo com a regi\u00e3o mais rica em fauna e flora de todo o mundo, o Brasil de Fato entrevistou o professor do Departamento de Economia da FEA-USP, Ricardo Abramovay, que inicia a s\u00e9rie \u201cFloresta em Perigo\u201d.<\/p>\n<p>Ser\u00e3o tr\u00eas v\u00eddeos abordando os temas do desmatamento, da economia de dados agregados \u00e0s produ\u00e7\u00f5es no campo, da ci\u00eancia no Brasil e os conflitos internacionais que o pa\u00eds t\u00eam se envolvido, por conta da floresta.<\/p>\n<p>Para Abramovay, a coniv\u00eancia do governo federal com as queimadas e o desmatamento, est\u00e3o na ponta de lan\u00e7a de um processo, que pode levar a floresta ao estado de savaniza\u00e7\u00e3o, quando suas caracter\u00edsticas se alteram e seu aspecto se torna parecido ao cerrado brasileiro, levando ao desaparecimento de esp\u00e9cies da fauna e da flora locais.<\/p>\n<p>\u201cCada vez que ocorrem a\u00e7\u00f5es destrutivas dessa natureza, o governo passa a m\u00e3o na cabe\u00e7a e diz: &#8216;esses s\u00e3o os her\u00f3is do crescimento do Brasil&#8217;. Com esses her\u00f3is, o Brasil vai cada vez mais para tr\u00e1s\u201d.<\/p>\n<p>Abramovay, que tamb\u00e9m integra o Conselho Diretor do Imazon, instituto que monitora a Amaz\u00f4nia e estimula a conserva\u00e7\u00e3o do territ\u00f3rio, lembra que a destrui\u00e7\u00e3o da floresta n\u00e3o atende, sequer, a riqueza, a prosperidade e o combate \u00e0 pobreza, mas sim \u201cuma apropria\u00e7\u00e3o imediata, para produzir gado, que nem serve, na maior parte das vezes, para gr\u00e3os, e cujos os rendimentos econ\u00f4micos s\u00e3o extremamente baixos, mas os rendimentos patrimoniais podem ser altos\u201d.<\/p>\n<p>Confira o primeiro v\u00eddeo da s\u00e9rie \u201cFloresta em Perigo\u201d:<\/p>\n<p>&nbsp;<\/p>\n<p><iframe loading=\"lazy\" src=\"https:\/\/www.youtube.com\/embed\/ibeTKG5HJMw\" width=\"560\" height=\"315\" frameborder=\"0\" allowfullscreen=\"allowfullscreen\"><\/iframe><\/p>\n","protected":false},"excerpt":{"rendered":"<p>Para Ricardo Abramovay, a destrui\u00e7\u00e3o da floresta n\u00e3o atende, sequer, o combate \u00e0 pobreza<\/p>\n","protected":false},"author":1,"featured_media":0,"comment_status":"closed","ping_status":"open","sticky":false,"template":"","format":"standard","meta":{"_exactmetrics_skip_tracking":false,"_exactmetrics_sitenote_active":false,"_exactmetrics_sitenote_note":"","_exactmetrics_sitenote_category":0,"jetpack_post_was_ever_published":false,"_jetpack_newsletter_access":"","_jetpack_dont_email_post_to_subs":false,"_jetpack_newsletter_tier_id":0,"_jetpack_memberships_contains_paywalled_content":false,"_jetpack_memberships_contains_paid_content":false,"footnotes":"","jetpack_publicize_message":"","jetpack_publicize_feature_enabled":true,"jetpack_social_post_already_shared":true,"jetpack_social_options":{"image_generator_settings":{"template":"highway","enabled":false},"version":2}},"categories":[1],"tags":[],"class_list":["post-23658","post","type-post","status-publish","format-standard","hentry","category-notas"],"jetpack_publicize_connections":[],"jetpack_sharing_enabled":true,"jetpack_featured_media_url":"","jetpack_shortlink":"https:\/\/wp.me\/p7wKYW-69A","jetpack-related-posts":[],"_links":{"self":[{"href":"http:\/\/blogdalucianaoliveira.com.br\/blog\/wp-json\/wp\/v2\/posts\/23658","targetHints":{"allow":["GET"]}}],"collection":[{"href":"http:\/\/blogdalucianaoliveira.com.br\/blog\/wp-json\/wp\/v2\/posts"}],"about":[{"href":"http:\/\/blogdalucianaoliveira.com.br\/blog\/wp-json\/wp\/v2\/types\/post"}],"author":[{"embeddable":true,"href":"http:\/\/blogdalucianaoliveira.com.br\/blog\/wp-json\/wp\/v2\/users\/1"}],"replies":[{"embeddable":true,"href":"http:\/\/blogdalucianaoliveira.com.br\/blog\/wp-json\/wp\/v2\/comments?post=23658"}],"version-history":[{"count":1,"href":"http:\/\/blogdalucianaoliveira.com.br\/blog\/wp-json\/wp\/v2\/posts\/23658\/revisions"}],"predecessor-version":[{"id":23660,"href":"http:\/\/blogdalucianaoliveira.com.br\/blog\/wp-json\/wp\/v2\/posts\/23658\/revisions\/23660"}],"wp:attachment":[{"href":"http:\/\/blogdalucianaoliveira.com.br\/blog\/wp-json\/wp\/v2\/media?parent=23658"}],"wp:term":[{"taxonomy":"category","embeddable":true,"href":"http:\/\/blogdalucianaoliveira.com.br\/blog\/wp-json\/wp\/v2\/categories?post=23658"},{"taxonomy":"post_tag","embeddable":true,"href":"http:\/\/blogdalucianaoliveira.com.br\/blog\/wp-json\/wp\/v2\/tags?post=23658"}],"curies":[{"name":"wp","href":"https:\/\/api.w.org\/{rel}","templated":true}]}}