{"id":23663,"date":"2019-08-30T05:52:14","date_gmt":"2019-08-30T09:52:14","guid":{"rendered":"http:\/\/blogdalucianaoliveira.com.br\/blog\/?p=23663"},"modified":"2019-08-30T05:52:14","modified_gmt":"2019-08-30T09:52:14","slug":"general-heleno-quer-rever-todas-as-demarcacoes-de-terras-indigenas","status":"publish","type":"post","link":"http:\/\/blogdalucianaoliveira.com.br\/blog\/2019\/08\/30\/general-heleno-quer-rever-todas-as-demarcacoes-de-terras-indigenas\/","title":{"rendered":"General Heleno quer rever todas as demarca\u00e7\u00f5es de terras ind\u00edgenas"},"content":{"rendered":"<p><img data-recalc-dims=\"1\" loading=\"lazy\" decoding=\"async\" data-attachment-id=\"23664\" data-permalink=\"http:\/\/blogdalucianaoliveira.com.br\/blog\/2019\/08\/30\/general-heleno-quer-rever-todas-as-demarcacoes-de-terras-indigenas\/81873591-4b0d-4ee3-9807-86997eaa083f\/\" data-orig-file=\"https:\/\/i0.wp.com\/blogdalucianaoliveira.com.br\/blog\/wp-content\/uploads\/2019\/08\/81873591-4B0D-4EE3-9807-86997EAA083F.jpeg?fit=500%2C240\" data-orig-size=\"500,240\" data-comments-opened=\"0\" data-image-meta=\"{&quot;aperture&quot;:&quot;0&quot;,&quot;credit&quot;:&quot;&quot;,&quot;camera&quot;:&quot;&quot;,&quot;caption&quot;:&quot;&quot;,&quot;created_timestamp&quot;:&quot;0&quot;,&quot;copyright&quot;:&quot;&quot;,&quot;focal_length&quot;:&quot;0&quot;,&quot;iso&quot;:&quot;0&quot;,&quot;shutter_speed&quot;:&quot;0&quot;,&quot;title&quot;:&quot;&quot;,&quot;orientation&quot;:&quot;0&quot;}\" data-image-title=\"81873591-4B0D-4EE3-9807-86997EAA083F\" data-image-description=\"\" data-image-caption=\"\" data-medium-file=\"https:\/\/i0.wp.com\/blogdalucianaoliveira.com.br\/blog\/wp-content\/uploads\/2019\/08\/81873591-4B0D-4EE3-9807-86997EAA083F.jpeg?fit=300%2C144\" data-large-file=\"https:\/\/i0.wp.com\/blogdalucianaoliveira.com.br\/blog\/wp-content\/uploads\/2019\/08\/81873591-4B0D-4EE3-9807-86997EAA083F.jpeg?fit=500%2C240\" src=\"https:\/\/i0.wp.com\/blogdalucianaoliveira.com.br\/blog\/wp-content\/uploads\/2019\/08\/81873591-4B0D-4EE3-9807-86997EAA083F.jpeg?resize=500%2C240\" alt=\"81873591-4B0D-4EE3-9807-86997EAA083F\" width=\"500\" height=\"240\" class=\"alignnone size-full wp-image-23664\" srcset=\"https:\/\/i0.wp.com\/blogdalucianaoliveira.com.br\/blog\/wp-content\/uploads\/2019\/08\/81873591-4B0D-4EE3-9807-86997EAA083F.jpeg?w=500 500w, https:\/\/i0.wp.com\/blogdalucianaoliveira.com.br\/blog\/wp-content\/uploads\/2019\/08\/81873591-4B0D-4EE3-9807-86997EAA083F.jpeg?resize=300%2C144 300w\" sizes=\"auto, (max-width: 500px) 100vw, 500px\" \/><\/p>\n<p>Reuters &#8211; O ministro-chefe do Gabinete de Seguran\u00e7a Institucional (GSI) da Presid\u00eancia da Rep\u00fablica, o general da reserva do Ex\u00e9rcito Augusto Heleno, defendeu nesta quinta-feira a revis\u00e3o de todas as demarca\u00e7\u00f5es de terras ind\u00edgenas, e alegou haver ind\u00edcios de fraudes em v\u00e1rias delas.<!--more--><\/p>\n<p>Na transmiss\u00e3o feita semanalmente ao vivo nas redes sociais pelo presidente Jair Bolsonaro, Heleno disse que h\u00e1 den\u00fancias de que a demarca\u00e7\u00e3o de algumas \u00e1reas foi feita com base em laudos forjados.<\/p>\n<p>\u201cEssas demarca\u00e7\u00f5es merecem ser todas revistas, uma vez que h\u00e1 provas, de dentro da pr\u00f3pria Funai, den\u00fancias de demarca\u00e7\u00f5es fraudulentas para terras ind\u00edgenas. Tem demarca\u00e7\u00f5es que foram forjadas, muito aumentada na sua extens\u00e3o por gente interessada em lucrar com isso. Ent\u00e3o isso precisa ser muito bem estudado\u201d, disse o ministro, sentado do lado de Bolsonaro, durante a transmiss\u00e3o.<\/p>\n<p>Sem dar detalhes, ele citou a demarca\u00e7\u00e3o da terra ind\u00edgena Raposa Serra do Sol, em Roraima, como um caso em que, segundo ele, ficou \u201cpraticamente comprovado\u201d que a demarca\u00e7\u00e3o se baseou em um laudo fraudulento.<\/p>\n<p>\u201cEssas terras precisam ser devidamente demarcadas de acordo com a realidade. E a partir da\u00ed, vamos pensar se vale a pena\u201d, acrescentou o general, que disse que tem recebido no Pal\u00e1cio do Planalto ind\u00edgenas que t\u00eam pedido para serem integrados na sociedade brasileira.<\/p>\n<p>Na transmiss\u00e3o, Bolsonaro voltou a afirmar que n\u00e3o assinar\u00e1 a demarca\u00e7\u00e3o de nenhuma nova \u00e1rea ind\u00edgena. O presidente aproveitou reuni\u00e3o com governadores da regi\u00e3o amaz\u00f4nica nesta semana, marcada para discutir os inc\u00eandios florestais na Amaz\u00f4nia que geraram forte press\u00e3o internacional sobre o Brasil, para criticar as demarca\u00e7\u00f5es de \u00e1reas ind\u00edgenas, quilombolas e de reservas florestais.<\/p>\n<p>Assim como fez durante a reuni\u00e3o, Bolsonaro voltou a afirmar durante a transmiss\u00e3o que as demarca\u00e7\u00f5es dessas \u00e1reas visam inviabilizar o Brasil. <\/p>\n","protected":false},"excerpt":{"rendered":"<p>Reuters &#8211; O ministro-chefe do Gabinete de Seguran\u00e7a Institucional (GSI) da Presid\u00eancia da Rep\u00fablica, o general da reserva do Ex\u00e9rcito Augusto Heleno, defendeu nesta quinta-feira a revis\u00e3o de todas as demarca\u00e7\u00f5es de terras ind\u00edgenas, e alegou haver ind\u00edcios de fraudes em v\u00e1rias delas.<\/p>\n","protected":false},"author":1,"featured_media":0,"comment_status":"closed","ping_status":"open","sticky":false,"template":"","format":"standard","meta":{"_exactmetrics_skip_tracking":false,"_exactmetrics_sitenote_active":false,"_exactmetrics_sitenote_note":"","_exactmetrics_sitenote_category":0,"jetpack_post_was_ever_published":false,"_jetpack_newsletter_access":"","_jetpack_dont_email_post_to_subs":false,"_jetpack_newsletter_tier_id":0,"_jetpack_memberships_contains_paywalled_content":false,"_jetpack_memberships_contains_paid_content":false,"footnotes":"","jetpack_publicize_message":"","jetpack_publicize_feature_enabled":true,"jetpack_social_post_already_shared":true,"jetpack_social_options":{"image_generator_settings":{"template":"highway","enabled":false},"version":2}},"categories":[1],"tags":[],"class_list":["post-23663","post","type-post","status-publish","format-standard","hentry","category-notas"],"jetpack_publicize_connections":[],"jetpack_sharing_enabled":true,"jetpack_featured_media_url":"","jetpack_shortlink":"https:\/\/wp.me\/p7wKYW-69F","jetpack-related-posts":[],"_links":{"self":[{"href":"http:\/\/blogdalucianaoliveira.com.br\/blog\/wp-json\/wp\/v2\/posts\/23663","targetHints":{"allow":["GET"]}}],"collection":[{"href":"http:\/\/blogdalucianaoliveira.com.br\/blog\/wp-json\/wp\/v2\/posts"}],"about":[{"href":"http:\/\/blogdalucianaoliveira.com.br\/blog\/wp-json\/wp\/v2\/types\/post"}],"author":[{"embeddable":true,"href":"http:\/\/blogdalucianaoliveira.com.br\/blog\/wp-json\/wp\/v2\/users\/1"}],"replies":[{"embeddable":true,"href":"http:\/\/blogdalucianaoliveira.com.br\/blog\/wp-json\/wp\/v2\/comments?post=23663"}],"version-history":[{"count":1,"href":"http:\/\/blogdalucianaoliveira.com.br\/blog\/wp-json\/wp\/v2\/posts\/23663\/revisions"}],"predecessor-version":[{"id":23665,"href":"http:\/\/blogdalucianaoliveira.com.br\/blog\/wp-json\/wp\/v2\/posts\/23663\/revisions\/23665"}],"wp:attachment":[{"href":"http:\/\/blogdalucianaoliveira.com.br\/blog\/wp-json\/wp\/v2\/media?parent=23663"}],"wp:term":[{"taxonomy":"category","embeddable":true,"href":"http:\/\/blogdalucianaoliveira.com.br\/blog\/wp-json\/wp\/v2\/categories?post=23663"},{"taxonomy":"post_tag","embeddable":true,"href":"http:\/\/blogdalucianaoliveira.com.br\/blog\/wp-json\/wp\/v2\/tags?post=23663"}],"curies":[{"name":"wp","href":"https:\/\/api.w.org\/{rel}","templated":true}]}}